{"id":6001,"date":"2023-04-24T00:00:00","date_gmt":"2023-04-24T00:00:00","guid":{"rendered":"https:\/\/megnyitasa.com\/tudas\/a-windows-nem-aktivalasanak-kovetkezmenyei\/"},"modified":"2023-04-24T00:00:00","modified_gmt":"2023-04-24T00:00:00","slug":"a-windows-nem-aktivalasanak-kovetkezmenyei","status":"publish","type":"post","link":"https:\/\/megnyitasa.com\/tudas\/a-windows-nem-aktivalasanak-kovetkezmenyei\/","title":{"rendered":"A Windows nem aktiv\u00e1l\u00e1s\u00e1nak k\u00f6vetkezm\u00e9nyei"},"content":{"rendered":"<div class=\"articlecontent\">\n<div class=\"newlinediv\"><\/div>\n<p> A Windows-aktiv\u00e1l\u00e1s a sz\u00e1m\u00edt\u00f3g\u00e9pre telep\u00edtett Windows oper\u00e1ci\u00f3s rendszer hiteless\u00e9g\u00e9nek ellen\u0151rz\u00e9se. Ez egy term\u00e9kkulcs vagy digit\u00e1lis licenc haszn\u00e1lat\u00e1t jelenti a szoftver aktiv\u00e1l\u00e1s\u00e1hoz \u00e9s minden funkci\u00f3j\u00e1nak felold\u00e1s\u00e1hoz. Az aktiv\u00e1l\u00e1s a szoftver eredetis\u00e9g\u00e9nek biztos\u00edt\u00e1s\u00e1hoz \u00e9s a szoftverkal\u00f3zkod\u00e1s megakad\u00e1lyoz\u00e1s\u00e1hoz sz\u00fcks\u00e9ges. Egyes felhaszn\u00e1l\u00f3k azonban k\u00fcl\u00f6nb\u00f6z\u0151 okokb\u00f3l, p\u00e9ld\u00e1ul a k\u00f6lts\u00e9gek vagy technikai probl\u00e9m\u00e1k miatt nem aktiv\u00e1lj\u00e1k a Windowst. Ebben a cikkben a Windows nem aktiv\u00e1l\u00e1s\u00e1nak k\u00f6vetkezm\u00e9nyeit vizsg\u00e1ljuk meg. <\/p>\n<div class=\"title\"> 1. Korl\u00e1tozott hozz\u00e1f\u00e9r\u00e9s a funkci\u00f3khoz <\/div>\n<p> Ha a Windows nincs aktiv\u00e1lva, a felhaszn\u00e1l\u00f3k csak korl\u00e1tozottan f\u00e9rhetnek hozz\u00e1 az oper\u00e1ci\u00f3s rendszer funkci\u00f3ihoz. A letiltott funkci\u00f3k k\u00f6z\u00e9 tartoznak a szem\u00e9lyre szab\u00e1si be\u00e1ll\u00edt\u00e1sok, a Windows-friss\u00edt\u00e9sek \u00e9s az asztali h\u00e1tt\u00e9r megv\u00e1ltoztat\u00e1s\u00e1nak lehet\u0151s\u00e9ge. A felhaszn\u00e1l\u00f3k emellett folyamatos eml\u00e9keztet\u0151ket kapnak a Windows aktiv\u00e1l\u00e1s\u00e1ra, ami bosszant\u00f3 \u00e9s zavar\u00f3 lehet. <\/p>\n<div class=\"title\"> 2. Biztons\u00e1gi sebezhet\u0151s\u00e9gek <\/div>\n<div class=\"newlinediv\"><\/div>\n<p> A Windows aktiv\u00e1latlans\u00e1ga biztons\u00e1gi kock\u00e1zatot jelenthet a sz\u00e1m\u00edt\u00f3g\u00e9pre n\u00e9zve. Az aktiv\u00e1latlan Windows oper\u00e1ci\u00f3s rendszer s\u00e9r\u00fcl\u00e9kenyebb a rosszindulat\u00fa szoftverekkel \u00e9s v\u00edrusokkal szemben, ami vesz\u00e9lyeztetheti a sz\u00e1m\u00edt\u00f3g\u00e9p \u00e9s a felhaszn\u00e1l\u00f3 szem\u00e9lyes adatainak biztons\u00e1g\u00e1t. A Windows-friss\u00edt\u00e9sek kulcsfontoss\u00e1g\u00faak a biztons\u00e1gi r\u00e9sek kezel\u00e9s\u00e9ben \u00e9s a sz\u00e1m\u00edt\u00f3g\u00e9p v\u00e9delm\u00e9ben a k\u00fcl\u00f6nb\u00f6z\u0151 fenyeget\u00e9sekkel szemben. E friss\u00edt\u00e9sek n\u00e9lk\u00fcl a sz\u00e1m\u00edt\u00f3g\u00e9p ki van t\u00e9ve a kibert\u00e1mad\u00e1sok \u00e9s az adats\u00e9rt\u00e9sek kock\u00e1zat\u00e1nak. <\/p>\n<div class=\"title\"> 3. Jogi k\u00f6vetkezm\u00e9nyek <\/div>\n<div class=\"newlinediv\"><\/div>\n<p> Az aktiv\u00e1latlan Windows oper\u00e1ci\u00f3s rendszer haszn\u00e1lata t\u00f6rv\u00e9nybe \u00fctk\u00f6zik. A szoftverkal\u00f3zkod\u00e1s b\u0171ncselekm\u00e9ny, amely jogi k\u00f6vetkezm\u00e9nyekkel, p\u00e9ld\u00e1ul p\u00e9nzb\u00edrs\u00e1ggal \u00e9s b\u00f6rt\u00f6nb\u00fcntet\u00e9ssel j\u00e1rhat. A Microsoftnak, a Windows m\u00f6g\u00f6tt \u00e1ll\u00f3 v\u00e1llalatnak joga van jogi l\u00e9p\u00e9seket tenni a licenc n\u00e9lk\u00fcli szoftvereket haszn\u00e1l\u00f3 felhaszn\u00e1l\u00f3kkal szemben. Fontos a Windows aktiv\u00e1l\u00e1sa a jogi k\u00f6vetkezm\u00e9nyek elker\u00fcl\u00e9se \u00e9s a t\u00f6rv\u00e9nyek betart\u00e1sa \u00e9rdek\u00e9ben. <\/p>\n<div class=\"title\"> 4. Technikai probl\u00e9m\u00e1k <\/div>\n<div class=\"newlinediv\"><\/div>\n<p> Az aktiv\u00e1latlan Windows oper\u00e1ci\u00f3s rendszer haszn\u00e1lata technikai probl\u00e9m\u00e1khoz vezethet, p\u00e9ld\u00e1ul rendszer\u00f6sszeoml\u00e1sokhoz \u00e9s szoftverhib\u00e1khoz. Ennek oka, hogy az oper\u00e1ci\u00f3s rendszer nem kapja meg a hib\u00e1k kijav\u00edt\u00e1s\u00e1hoz \u00e9s a teljes\u00edtm\u00e9ny jav\u00edt\u00e1s\u00e1hoz sz\u00fcks\u00e9ges friss\u00edt\u00e9seket \u00e9s jav\u00edt\u00e1sokat. A technikai probl\u00e9m\u00e1k adatveszt\u00e9st, a rendszer le\u00e1ll\u00e1s\u00e1t \u00e9s a termel\u00e9kenys\u00e9g cs\u00f6kken\u00e9s\u00e9t eredm\u00e9nyezhetik. <\/p>\n<div class=\"newlinediv\"><\/div>\n<p> \u00d6sszefoglalva, a Windows aktiv\u00e1l\u00e1s\u00e1nak elmulaszt\u00e1sa s\u00falyos k\u00f6vetkezm\u00e9nyekkel j\u00e1rhat. Korl\u00e1tozhatja a funkci\u00f3khoz val\u00f3 hozz\u00e1f\u00e9r\u00e9st, biztons\u00e1gi r\u00e9seket okozhat, jogi k\u00f6vetkezm\u00e9nyekkel j\u00e1rhat, \u00e9s technikai probl\u00e9m\u00e1kat okozhat. Fontos a Windows aktiv\u00e1l\u00e1sa annak biztos\u00edt\u00e1sa \u00e9rdek\u00e9ben, hogy a szoftver val\u00f3di, biztons\u00e1gos \u00e9s naprak\u00e9sz legyen. Azok a felhaszn\u00e1l\u00f3k, akiknek neh\u00e9zs\u00e9get okoz a Windows aktiv\u00e1l\u00e1sa, seg\u00edts\u00e9get k\u00e9rhetnek a Microsoftt\u00f3l, vagy konzult\u00e1lhatnak m\u0171szaki szak\u00e9rt\u0151vel.<\/p><\/div>\n<div class=\"questions\">\n<div class=\"questionstitle\">FAQ<\/div>\n<div class=\"question\">\n<div class=\"qtitle\"> Haszn\u00e1lhatom a Windows-t aktiv\u00e1l\u00e1s n\u00e9lk\u00fcl?<\/div>\n<p> Technikailag a Windows aktiv\u00e1l\u00e1s n\u00e9lk\u00fcl is haszn\u00e1lhat\u00f3, de ez nem leg\u00e1lis \u00e9s nem aj\u00e1nlott. Amikor telep\u00edti a Windows-t a sz\u00e1m\u00edt\u00f3g\u00e9p\u00e9re, egy bizonyos id\u0151szakon bel\u00fcl aktiv\u00e1lnia kell azt. Az aktiv\u00e1l\u00e1s az a folyamat, amelynek sor\u00e1n ellen\u0151rzik, hogy a Windows m\u00e1solata eredeti, \u00e9s nem kal\u00f3zverzi\u00f3. <\/p>\n<div class=\"newlinediv\"><\/div>\n<p> Ha \u00fagy d\u00f6nt, hogy nem aktiv\u00e1lja a Windowst, akkor a sz\u00e1m\u00edt\u00f3g\u00e9p\u00e9t csak korl\u00e1tozottan haszn\u00e1lhatja. P\u00e9ld\u00e1ul nem t\u00f6lthet le friss\u00edt\u00e9seket a Microsoftt\u00f3l, \u00e9s nem haszn\u00e1lhatja az oper\u00e1ci\u00f3s rendszer bizonyos funkci\u00f3it. Ezenk\u00edv\u00fcl el\u0151fordulhat, hogy \u00e9rtes\u00edt\u00e9seket kap, amelyek eml\u00e9keztetik a Windows aktiv\u00e1l\u00e1s\u00e1ra, ami zavar\u00f3 lehet. <\/p>\n<div class=\"newlinediv\"><\/div>\n<p> Tov\u00e1bb\u00e1 a Windows aktiv\u00e1latlan verzi\u00f3j\u00e1nak haszn\u00e1lata a szolg\u00e1ltat\u00e1si felt\u00e9telekbe \u00fctk\u00f6zik, \u00e9s jogi k\u00f6vetkezm\u00e9nyekkel j\u00e1rhat. A Microsoft int\u00e9zked\u00e9seket hozott a Windows kal\u00f3zm\u00e1solatainak felder\u00edt\u00e9s\u00e9re \u00e9s megakad\u00e1lyoz\u00e1s\u00e1ra, \u00e9s ha rajtakapj\u00e1k, p\u00e9nzb\u00edrs\u00e1gra vagy ak\u00e1r jogi l\u00e9p\u00e9sekre is sz\u00e1m\u00edthat. <\/p>\n<div class=\"newlinediv\"><\/div>\n<p> \u00d6sszefoglalva, b\u00e1r technikailag lehets\u00e9ges a Windows aktiv\u00e1l\u00e1s n\u00e9lk\u00fcli haszn\u00e1lata, ez nem aj\u00e1nlott \u00e9s nem leg\u00e1lis. A legjobb, ha megv\u00e1s\u00e1rolja a Windows eredeti p\u00e9ld\u00e1ny\u00e1t, \u00e9s aktiv\u00e1lja azt, hogy biztos\u00edtsa az \u00f6sszes funkci\u00f3hoz \u00e9s friss\u00edt\u00e9shez val\u00f3 hozz\u00e1f\u00e9r\u00e9st, \u00e9s elker\u00fclje az esetleges jogi k\u00f6vetkezm\u00e9nyeket. <\/p>\n<\/div>\n<div class=\"question\">\n<div class=\"qtitle\"> Mi t\u00f6rt\u00e9nik, ha a Windows 10 nincs aktiv\u00e1lva?<\/div>\n<p> Ha a Windows 10 nincs aktiv\u00e1lva, a felhaszn\u00e1l\u00f3 sz\u00e1mos korl\u00e1toz\u00e1ssal \u00e9s korl\u00e1toz\u00e1ssal szembes\u00fcl. El\u0151sz\u00f6r is, a felhaszn\u00e1l\u00f3 egy v\u00edzjelet fog l\u00e1tni az asztalon, amelyen a &#8222;Windows aktiv\u00e1l\u00e1sa&#8221; felirat szerepel. Ez a k\u00e9perny\u0151 jobb als\u00f3 sark\u00e1ban jelenik meg, \u00e9s mindig l\u00e1that\u00f3 lesz. Ezenk\u00edv\u00fcl a felhaszn\u00e1l\u00f3 nem tudja majd szem\u00e9lyre szabni az asztalt, megv\u00e1ltoztatni a t\u00e9m\u00e1t vagy testre szabni a feladatsort. <\/p>\n<div class=\"newlinediv\"><\/div>\n<p> Tov\u00e1bb\u00e1 a felhaszn\u00e1l\u00f3 nem fog tudni hozz\u00e1f\u00e9rni bizonyos funkci\u00f3khoz, p\u00e9ld\u00e1ul a Microsoft Office vagy a Microsoft Store alkalmaz\u00e1sokhoz, \u00e9s nem lesz k\u00e9pes friss\u00edt\u00e9seket telep\u00edteni. Ez biztons\u00e1gi kock\u00e1zatot jelenthet, mivel a friss\u00edt\u00e9sek gyakran tartalmaznak fontos biztons\u00e1gi jav\u00edt\u00e1sokat a sebezhet\u0151s\u00e9gek \u00e9s rosszindulat\u00fa programok elleni v\u00e9delem \u00e9rdek\u00e9ben. <\/p>\n<div class=\"newlinediv\"><\/div>\n<p> E korl\u00e1toz\u00e1sok mellett a felhaszn\u00e1l\u00f3knak gyakori felugr\u00f3 ablakok is megjelenhetnek, amelyek eml\u00e9keztetik \u0151ket a Windows aktiv\u00e1l\u00e1s\u00e1ra. Ez zavar\u00f3 \u00e9s bosszant\u00f3 lehet, k\u00fcl\u00f6n\u00f6sen akkor, ha a felhaszn\u00e1l\u00f3 dolgozni pr\u00f3b\u00e1l, vagy m\u00e1s c\u00e9lokra haszn\u00e1lja a sz\u00e1m\u00edt\u00f3g\u00e9p\u00e9t. <\/p>\n<div class=\"newlinediv\"><\/div>\n<p> E korl\u00e1toz\u00e1sok \u00e9s korl\u00e1toz\u00e1sok elker\u00fcl\u00e9se \u00e9rdek\u00e9ben aj\u00e1nlott, hogy a felhaszn\u00e1l\u00f3k a lehet\u0151 leghamarabb aktiv\u00e1lj\u00e1k a Windows 10-et. Az aktiv\u00e1l\u00e1s egyszer\u0171 folyamat, amely online vagy telefonon kereszt\u00fcl is elv\u00e9gezhet\u0151, \u00e9s \u00e1ltal\u00e1ban \u00e9rv\u00e9nyes term\u00e9kkulcsot ig\u00e9nyel. Az aktiv\u00e1l\u00e1s ut\u00e1n a felhaszn\u00e1l\u00f3k teljes k\u00f6r\u0171 hozz\u00e1f\u00e9r\u00e9st kapnak a Windows 10 \u00f6sszes jellemz\u0151j\u00e9hez \u00e9s funkci\u00f3j\u00e1hoz, bele\u00e9rtve a friss\u00edt\u00e9seket \u00e9s a biztons\u00e1gi jav\u00edt\u00e1sokat is. <\/p>\n<\/div>\n<div class=\"question\">\n<div class=\"qtitle\"> Lassabb a Windows, ha nincs aktiv\u00e1lva?<\/div>\n<p> A Windows nem eredend\u0151en lassabb, ha nincs aktiv\u00e1lva, de vannak bizonyos korl\u00e1toz\u00e1sok \u00e9s k\u00f6vetkezm\u00e9nyek, amelyeket figyelembe kell venni. <\/p>\n<div class=\"newlinediv\"><\/div>\n<p> Ha a Windows nincs aktiv\u00e1lva, cs\u00f6kkentett funkcionalit\u00e1s\u00fa \u00fczemm\u00f3dban m\u0171k\u00f6dik, ami azt jelenti, hogy egyes funkci\u00f3k le lesznek tiltva. A felhaszn\u00e1l\u00f3k p\u00e9ld\u00e1ul nem lesznek k\u00e9pesek megv\u00e1ltoztatni az asztali h\u00e1tteret, szem\u00e9lyre szabni a t\u00e9m\u00e1t, vagy haszn\u00e1lni bizonyos alkalmaz\u00e1sokat. Ezenk\u00edv\u00fcl a Windows id\u0151szakonk\u00e9nt egy \u00fczenetet fog megjelen\u00edteni, amely eml\u00e9kezteti a felhaszn\u00e1l\u00f3t a term\u00e9k aktiv\u00e1l\u00e1s\u00e1ra. <\/p>\n<div class=\"newlinediv\"><\/div>\n<p> B\u00e1r ezek a korl\u00e1toz\u00e1sok nem befoly\u00e1solj\u00e1k k\u00f6zvetlen\u00fcl a rendszer sebess\u00e9g\u00e9t, befoly\u00e1solhatj\u00e1k a termel\u00e9kenys\u00e9get \u00e9s a felhaszn\u00e1l\u00f3i \u00e9lm\u00e9nyt. Ha p\u00e9ld\u00e1ul a felhaszn\u00e1l\u00f3nak a h\u00e1tt\u00e9rk\u00e9pet valami nyugtat\u00f3bbra kell v\u00e1ltoztatnia, ezt nem tudja megtenni, ami n\u00f6velheti a stressz-szintj\u00e9t, \u00e9s cs\u00f6kkentheti az \u00e1ltal\u00e1nos hat\u00e9konys\u00e1g\u00e1t. <\/p>\n<div class=\"newlinediv\"><\/div>\n<p> A biztons\u00e1gi r\u00e9sek kock\u00e1zata is fenn\u00e1ll, ha a Windows nincs aktiv\u00e1lva. A biztons\u00e1gi friss\u00edt\u00e9sekhez val\u00f3 hozz\u00e1f\u00e9r\u00e9s n\u00e9lk\u00fcl a rendszer fog\u00e9konyabb lehet a v\u00edrusokra \u00e9s m\u00e1s rosszindulat\u00fa szoftverekre. Ezek a fenyeget\u00e9sek lelass\u00edthatj\u00e1k a rendszert az\u00e1ltal, hogy er\u0151forr\u00e1sokat haszn\u00e1lnak fel vagy \u00f6sszeoml\u00e1st okoznak. <\/p>\n<div class=\"newlinediv\"><\/div>\n<p> \u00d6sszefoglalva, b\u00e1r a Windows nem lassabb, ha nincs aktiv\u00e1lva, vannak olyan korl\u00e1toz\u00e1sok \u00e9s kock\u00e1zatok, amelyek hat\u00e1ssal lehetnek a termel\u00e9kenys\u00e9gre \u00e9s a biztons\u00e1gra. Aj\u00e1nlott a Windows miel\u0151bbi aktiv\u00e1l\u00e1sa, hogy elker\u00fclje ezeket a probl\u00e9m\u00e1kat.<\/p>\n<\/div>\n<\/div>\n","protected":false},"excerpt":{"rendered":"<p>A Windows-aktiv\u00e1l\u00e1s a sz\u00e1m\u00edt\u00f3g\u00e9pre telep\u00edtett Windows oper\u00e1ci\u00f3s rendszer hiteless\u00e9g\u00e9nek ellen\u0151rz\u00e9se. Ez egy term\u00e9kkulcs vagy digit\u00e1lis licenc haszn\u00e1lat\u00e1t jelenti a szoftver aktiv\u00e1l\u00e1s\u00e1hoz \u00e9s minden funkci\u00f3j\u00e1nak felold\u00e1s\u00e1hoz. Az aktiv\u00e1l\u00e1s a szoftver eredetis\u00e9g\u00e9nek biztos\u00edt\u00e1s\u00e1hoz \u00e9s a szoftverkal\u00f3zkod\u00e1s megakad\u00e1lyoz\u00e1s\u00e1hoz sz\u00fcks\u00e9ges. Egyes felhaszn\u00e1l\u00f3k azonban k\u00fcl\u00f6nb\u00f6z\u0151 okokb\u00f3l, p\u00e9ld\u00e1ul a k\u00f6lts\u00e9gek vagy technikai probl\u00e9m\u00e1k miatt nem aktiv\u00e1lj\u00e1k a Windowst. Ebben a cikkben &#8230; <a title=\"A Windows nem aktiv\u00e1l\u00e1s\u00e1nak k\u00f6vetkezm\u00e9nyei\" class=\"read-more\" href=\"https:\/\/megnyitasa.com\/tudas\/a-windows-nem-aktivalasanak-kovetkezmenyei\/\" aria-label=\"Read more about A Windows nem aktiv\u00e1l\u00e1s\u00e1nak k\u00f6vetkezm\u00e9nyei\">Read more<\/a><\/p>\n","protected":false},"author":3347,"featured_media":0,"comment_status":"closed","ping_status":"closed","sticky":false,"template":"","format":"standard","meta":{"footnotes":""},"categories":[7],"tags":[],"class_list":["post-6001","post","type-post","status-publish","format-standard","hentry","category-uzleti-technologia-es-ugyfelszolgalat"],"_links":{"self":[{"href":"https:\/\/megnyitasa.com\/tudas\/wp-json\/wp\/v2\/posts\/6001","targetHints":{"allow":["GET"]}}],"collection":[{"href":"https:\/\/megnyitasa.com\/tudas\/wp-json\/wp\/v2\/posts"}],"about":[{"href":"https:\/\/megnyitasa.com\/tudas\/wp-json\/wp\/v2\/types\/post"}],"author":[{"embeddable":true,"href":"https:\/\/megnyitasa.com\/tudas\/wp-json\/wp\/v2\/users\/3347"}],"replies":[{"embeddable":true,"href":"https:\/\/megnyitasa.com\/tudas\/wp-json\/wp\/v2\/comments?post=6001"}],"version-history":[{"count":0,"href":"https:\/\/megnyitasa.com\/tudas\/wp-json\/wp\/v2\/posts\/6001\/revisions"}],"wp:attachment":[{"href":"https:\/\/megnyitasa.com\/tudas\/wp-json\/wp\/v2\/media?parent=6001"}],"wp:term":[{"taxonomy":"category","embeddable":true,"href":"https:\/\/megnyitasa.com\/tudas\/wp-json\/wp\/v2\/categories?post=6001"},{"taxonomy":"post_tag","embeddable":true,"href":"https:\/\/megnyitasa.com\/tudas\/wp-json\/wp\/v2\/tags?post=6001"}],"curies":[{"name":"wp","href":"https:\/\/api.w.org\/{rel}","templated":true}]}}