{"id":6602,"date":"2023-04-24T00:00:00","date_gmt":"2023-04-24T00:00:00","guid":{"rendered":"https:\/\/megnyitasa.com\/tudas\/a-palyazati-finanszirozas-megertese-allami-vs-magan\/"},"modified":"2023-04-24T00:00:00","modified_gmt":"2023-04-24T00:00:00","slug":"a-palyazati-finanszirozas-megertese-allami-vs-magan","status":"publish","type":"post","link":"https:\/\/megnyitasa.com\/tudas\/a-palyazati-finanszirozas-megertese-allami-vs-magan\/","title":{"rendered":"A p\u00e1ly\u00e1zati finansz\u00edroz\u00e1s meg\u00e9rt\u00e9se: \u00c1llami vs. mag\u00e1n"},"content":{"rendered":"<div class=\"articlecontent\">\n<div class=\"newlinediv\"><\/div>\n<p> A p\u00e1ly\u00e1zati finansz\u00edroz\u00e1s jelent\u0151s finansz\u00edroz\u00e1si forr\u00e1s a nonprofit szervezetek, oktat\u00e1si int\u00e9zm\u00e9nyek \u00e9s kutat\u00f3k sz\u00e1m\u00e1ra. A p\u00e1ly\u00e1zati finansz\u00edroz\u00e1snak azonban k\u00e9t f\u0151 t\u00edpusa van: Az \u00e1llami \u00e9s a mag\u00e1nfinansz\u00edroz\u00e1s. Elengedhetetlen, hogy meg\u00e9rts\u00fck e k\u00e9t finansz\u00edroz\u00e1si forma k\u00f6z\u00f6tti k\u00fcl\u00f6nbs\u00e9geket, hogy meghat\u00e1rozhassuk, melyik felel meg jobban az \u00d6n szervezet\u00e9nek ig\u00e9nyeihez. <\/p>\n<div class=\"newlinediv\"><\/div>\n<p> Az \u00e1llami t\u00e1mogat\u00e1sokat olyan korm\u00e1nyzati szervek biztos\u00edtj\u00e1k, mint a Nemzeti Tudom\u00e1nyos Alap\u00edtv\u00e1ny (NSF), az Oktat\u00e1si Miniszt\u00e9rium \u00e9s a Nemzeti Eg\u00e9szs\u00e9g\u00fcgyi Int\u00e9zetek (NIH). Ezeknek az \u00fcgyn\u00f6ks\u00e9geknek a p\u00e1ly\u00e1zati finansz\u00edroz\u00e1si programjai gyakran szervezetek sz\u00e9les k\u00f6re sz\u00e1m\u00e1ra nyitottak, bele\u00e9rtve a nonprofit szervezeteket, egyetemeket \u00e9s korm\u00e1nyzati \u00fcgyn\u00f6ks\u00e9geket. Az \u00e1llami t\u00e1mogat\u00e1sfinansz\u00edroz\u00e1si programok jellemz\u0151en er\u0151sen kompetit\u00edvek, \u00e9s a p\u00e1ly\u00e1zati folyamat hosszadalmas \u00e9s \u00f6sszetett lehet. Az elnyert \u00e1llami t\u00e1mogat\u00e1s azonban jelent\u0151s p\u00e9nz\u00fcgyi t\u00e1mogat\u00e1st ny\u00fajthat a kutat\u00e1shoz \u00e9s m\u00e1s projektekhez. <\/p>\n<div class=\"newlinediv\"><\/div>\n<p> A mag\u00e1nt\u00e1mogat\u00e1sokat viszont mag\u00e1nalap\u00edtv\u00e1nyok, v\u00e1llalatok \u00e9s m\u00e1s nem korm\u00e1nyzati szervezetek ny\u00fajtj\u00e1k. Ezek a t\u00e1mogat\u00e1si programok gyakran sz\u0171kebb k\u00f6r\u0171ek, mint az \u00e1llami finansz\u00edroz\u00e1si programok, \u00e9s a p\u00e1ly\u00e1z\u00f3 szervezetekkel szemben speci\u00e1lis k\u00f6vetelm\u00e9nyeket t\u00e1maszthatnak. A mag\u00e1nt\u00e1mogat\u00e1si programok szint\u00e9n er\u0151sen versenyk\u00e9pesek, \u00e9s a p\u00e1ly\u00e1zati folyamat ugyanolyan \u00f6sszetett lehet, mint az \u00e1llami finansz\u00edroz\u00e1si programok eset\u00e9ben. A mag\u00e1n-t\u00e1mogat\u00e1si finansz\u00edroz\u00e1si programok azonban gyakran jelent\u0151sebb p\u00e9nz\u00fcgyi t\u00e1mogat\u00e1st ny\u00fajtanak a szervezeteknek, mint az \u00e1llami programok. <\/p>\n<div class=\"newlinediv\"><\/div>\n<p> Az egyik jelent\u0151s k\u00fcl\u00f6nbs\u00e9g az \u00e1llami \u00e9s a mag\u00e1nt\u00e1mogat\u00e1si finansz\u00edroz\u00e1s k\u00f6z\u00f6tt a fel\u00fcgyelet \u00e9s a jelent\u00e9st\u00e9tel megk\u00f6vetelt szintje. A k\u00f6zfinansz\u00edroz\u00e1si programok \u00e1ltal\u00e1ban r\u00e9szletes jelent\u00e9seket k\u00f6vetelnek meg a p\u00e9nzeszk\u00f6z\u00f6k felhaszn\u00e1l\u00e1s\u00e1r\u00f3l, bele\u00e9rtve az el\u0151rehalad\u00e1si jelent\u00e9seket \u00e9s a p\u00e9nz\u00fcgyi kimutat\u00e1sokat is. A mag\u00e1nt\u00e1mogat\u00e1si programok hasonl\u00f3 k\u00f6vetelm\u00e9nyeket t\u00e1maszthatnak, de gyakran rugalmasabbak, \u00e9s nagyobb mozg\u00e1steret biztos\u00edthatnak a szervezeteknek a p\u00e9nzeszk\u00f6z\u00f6k felhaszn\u00e1l\u00e1s\u00e1ban. <\/p>\n<div class=\"newlinediv\"><\/div>\n<p> Egy m\u00e1sik k\u00fcl\u00f6nbs\u00e9g az \u00e1llami \u00e9s a mag\u00e1nt\u00e1mogat\u00e1si finansz\u00edroz\u00e1s k\u00f6z\u00f6tt a p\u00e1ly\u00e1zati folyamat \u00e1tl\u00e1that\u00f3s\u00e1g\u00e1nak szintje. Az \u00e1llami finansz\u00edroz\u00e1si programoknak \u00e1ltal\u00e1ban szigor\u00fa ir\u00e1nyelveket \u00e9s elj\u00e1r\u00e1sokat kell k\u00f6vetni\u00fck a t\u00e1mogat\u00e1si p\u00e1ly\u00e1zatok elb\u00edr\u00e1l\u00e1sa sor\u00e1n. Ezzel szemben a mag\u00e1nfinansz\u00edroz\u00e1si programok rugalmasabbak lehetnek a p\u00e1ly\u00e1zatok elb\u00edr\u00e1l\u00e1s\u00e1ban, \u00e9s el\u0151fordulhat, hogy nem k\u00f6telesek nyilv\u00e1noss\u00e1gra hozni az \u00e9rt\u00e9kel\u00e9si krit\u00e9riumokat. <\/p>\n<div class=\"newlinediv\"><\/div>\n<p> \u00d6sszefoglalva, mind a k\u00f6z-, mind a mag\u00e1nfinansz\u00edroz\u00e1s \u00e9rt\u00e9kes p\u00e9nz\u00fcgyi t\u00e1mogat\u00e1si forr\u00e1sokat jelenthet a nonprofit szervezetek, oktat\u00e1si int\u00e9zm\u00e9nyek \u00e9s kutat\u00f3k sz\u00e1m\u00e1ra. Fontos azonban, hogy meg\u00e9rtse a k\u00e9t finansz\u00edroz\u00e1si forma k\u00f6z\u00f6tti k\u00fcl\u00f6nbs\u00e9geket, hogy eld\u00f6nthesse, melyik felel meg legjobban az \u00d6n szervezet\u00e9nek ig\u00e9nyeinek. Az \u00e1llami t\u00e1mogat\u00e1sfinansz\u00edroz\u00e1s jelent\u0151sebb fel\u00fcgyeletet \u00e9s \u00e1tl\u00e1that\u00f3s\u00e1got, m\u00edg a mag\u00e1n t\u00e1mogat\u00e1sfinansz\u00edroz\u00e1s jelent\u0151sebb p\u00e9nz\u00fcgyi t\u00e1mogat\u00e1st \u00e9s rugalmass\u00e1got k\u00edn\u00e1lhat. V\u00e9gs\u0151 soron az \u00d6n szervezet\u00e9nek konkr\u00e9t ig\u00e9nyeit\u0151l \u00e9s c\u00e9ljait\u00f3l f\u00fcgg, hogy melyik t\u00edpus\u00fa p\u00e1ly\u00e1zati finansz\u00edroz\u00e1st v\u00e1lasztja.<\/p><\/div>\n<div class=\"questions\">\n<div class=\"questionstitle\">FAQ<\/div>\n<div class=\"question\">\n<div class=\"qtitle\"> Mit jelent a mag\u00e1n-t\u00e1mogat\u00e1s?<\/div>\n<p> A mag\u00e1nt\u00e1mogat\u00e1s egy olyan t\u00edpus\u00fa p\u00e9nz\u00fcgyi t\u00e1mogat\u00e1s, amelyet egy mag\u00e1nszervezet, p\u00e9ld\u00e1ul egy alap\u00edtv\u00e1ny vagy v\u00e1llalat ny\u00fajt egy adott projekt vagy program t\u00e1mogat\u00e1s\u00e1ra. Ezeket a t\u00e1mogat\u00e1sokat \u00e1ltal\u00e1ban p\u00e1ly\u00e1zati elj\u00e1r\u00e1s alapj\u00e1n \u00edt\u00e9lik oda, \u00e9s c\u00e9lja, hogy finansz\u00edroz\u00e1st ny\u00fajtson egy adott c\u00e9lra, p\u00e9ld\u00e1ul kutat\u00e1sra, oktat\u00e1sra vagy k\u00f6z\u00f6ss\u00e9gfejleszt\u00e9sre. <\/p>\n<div class=\"newlinediv\"><\/div>\n<p> Ellent\u00e9tben a korm\u00e1nyzati t\u00e1mogat\u00e1sokkal, amelyeket az ad\u00f3fizet\u0151k p\u00e9nz\u00e9b\u0151l finansz\u00edroznak, \u00e9s amelyek szigor\u00fa szab\u00e1lyoz\u00e1s \u00e9s fel\u00fcgyelet al\u00e1 tartoznak, a mag\u00e1nt\u00e1mogat\u00e1sok gyakran rugalmasabbak a k\u00f6vetelm\u00e9nyek tekintet\u00e9ben, \u00e9s a kedvezm\u00e9nyezett szervezet saj\u00e1tos ig\u00e9nyeihez igaz\u00edthat\u00f3k. A t\u00e1mogat\u00e1s felt\u00e9teleit\u0151l f\u00fcgg\u0151en azonban bizonyos korl\u00e1toz\u00e1sokkal \u00e9s jelent\u00e9st\u00e9teli k\u00f6telezetts\u00e9gekkel is j\u00e1rhatnak. <\/p>\n<div class=\"newlinediv\"><\/div>\n<p> A mag\u00e1nt\u00e1mogat\u00e1sok \u00e9rt\u00e9kes finansz\u00edroz\u00e1si forr\u00e1st jelenthetnek a nonprofit szervezetek, tudom\u00e1nyos int\u00e9zm\u00e9nyek \u00e9s m\u00e1s olyan csoportok sz\u00e1m\u00e1ra, amelyek c\u00e9ljaik el\u00e9r\u00e9s\u00e9hez j\u00f3t\u00e9konys\u00e1gi t\u00e1mogat\u00e1sra t\u00e1maszkodnak. P\u00e9nz\u00fcgyi forr\u00e1sok \u00e9s t\u00e1mogat\u00e1s biztos\u00edt\u00e1s\u00e1val a mag\u00e1nt\u00e1mogat\u00e1sok seg\u00edthetnek fontos \u00fcgyek \u00e9s kezdem\u00e9nyez\u00e9sek el\u0151mozd\u00edt\u00e1s\u00e1ban, \u00e9s pozit\u00edv v\u00e1ltoz\u00e1sokat id\u00e9zhetnek el\u0151 a k\u00f6z\u00f6ss\u00e9gekben vil\u00e1gszerte. <\/p>\n<\/div>\n<div class=\"question\">\n<div class=\"qtitle\"> Mit jelent a mag\u00e1n k\u00f6zfinansz\u00edroz\u00e1s?<\/div>\n<p> A mag\u00e1n-k\u00f6zfinansz\u00edroz\u00e1s a korm\u00e1nyzat \u00e9s a mag\u00e1nszervezetek k\u00f6z\u00f6tti partners\u00e9get jelenti egy adott projekt vagy kezdem\u00e9nyez\u00e9s finansz\u00edroz\u00e1sa \u00e9rdek\u00e9ben. A finansz\u00edroz\u00e1s e t\u00edpus\u00e1ban a korm\u00e1nyzat \u00e9s a mag\u00e1nszervezetek egyes\u00edtik er\u0151forr\u00e1saikat egy k\u00f6z\u00f6s c\u00e9l t\u00e1mogat\u00e1sa \u00e9rdek\u00e9ben. \u00c1ltal\u00e1ban a korm\u00e1nyzat biztos\u00edtja a finansz\u00edroz\u00e1s egy r\u00e9sz\u00e9t, m\u00edg a mag\u00e1nszervezetek hozz\u00e1j\u00e1rulnak a fennmarad\u00f3 \u00f6sszeghez. <\/p>\n<div class=\"newlinediv\"><\/div>\n<p> A mag\u00e1n-\u00e1llami finansz\u00edroz\u00e1s k\u00fcl\u00f6nb\u00f6z\u0151 c\u00e9lokra haszn\u00e1lhat\u00f3, p\u00e9ld\u00e1ul infrastrukt\u00fara-fejleszt\u00e9sre, kutat\u00e1s-fejleszt\u00e9sre, oktat\u00e1sra, eg\u00e9szs\u00e9g\u00fcgyre \u00e9s szoci\u00e1lis j\u00f3l\u00e9ti programokra. A korm\u00e1ny azonos\u00edt egy finansz\u00edroz\u00e1st ig\u00e9nyl\u0151 projektet, \u00e9s felk\u00e9ri a mag\u00e1nszervezeteket, hogy j\u00e1ruljanak hozz\u00e1. A mag\u00e1nszervezetek lehetnek mag\u00e1nszem\u00e9lyek, v\u00e1llalatok, alap\u00edtv\u00e1nyok vagy nem korm\u00e1nyzati szervezetek. <\/p>\n<div class=\"newlinediv\"><\/div>\n<p> A mag\u00e1n-\u00e1llami finansz\u00edroz\u00e1snak sz\u00e1mos el\u0151nye van. Lehet\u0151v\u00e9 teszi a korm\u00e1ny sz\u00e1m\u00e1ra, hogy a mag\u00e1nszektor szak\u00e9rtelm\u00e9t \u00e9s er\u0151forr\u00e1sait felhaszn\u00e1lja c\u00e9ljai el\u00e9r\u00e9s\u00e9hez. A mag\u00e1nszervezetek olyan \u00e9rt\u00e9kes k\u00e9szs\u00e9geket, tud\u00e1st \u00e9s technol\u00f3gi\u00e1t hoznak be, amelyekkel a korm\u00e1nyzat esetleg nem rendelkezik. Emellett a mag\u00e1n-\u00e1llami partners\u00e9gek seg\u00edthetnek cs\u00f6kkenteni a korm\u00e1nyzat p\u00e9nz\u00fcgyeinek terheit \u00e9s el\u0151seg\u00edthetik az er\u0151forr\u00e1sok hat\u00e9kony felhaszn\u00e1l\u00e1s\u00e1t. <\/p>\n<div class=\"newlinediv\"><\/div>\n<p> A mag\u00e1n-\u00e1llami finansz\u00edroz\u00e1snak azonban vannak bizonyos h\u00e1tr\u00e1nyai is. A mag\u00e1nszervezetek saj\u00e1t \u00e9rdekeiket a k\u00f6zj\u00f3 f\u00f6l\u00e9 helyezhetik, ami \u00e9rdekellent\u00e9tekhez vezethet. Tov\u00e1bb\u00e1 a k\u00f6z- \u00e9s mag\u00e1nszf\u00e9ra k\u00f6z\u00f6tti partners\u00e9gek nem minden t\u00edpus\u00fa projektre alkalmasak, \u00e9s egyesek nagyobb korm\u00e1nyzati ellen\u0151rz\u00e9st \u00e9s fel\u00fcgyeletet ig\u00e9nyelhetnek. <\/p>\n<div class=\"newlinediv\"><\/div>\n<p> \u00d6sszess\u00e9g\u00e9ben a mag\u00e1n-\u00e1llami finansz\u00edroz\u00e1s olyan partners\u00e9g, amely mind a korm\u00e1nyzat, mind a mag\u00e1nszervezetek sz\u00e1m\u00e1ra el\u0151ny\u00f6s lehet. Lehet\u0151v\u00e9 teszi a forr\u00e1sok jobb eloszt\u00e1s\u00e1t, \u00e9s el\u0151seg\u00edti a p\u00e9nzeszk\u00f6z\u00f6k hat\u00e9kony felhaszn\u00e1l\u00e1s\u00e1t a k\u00f6z\u00f6s c\u00e9lok el\u00e9r\u00e9se \u00e9rdek\u00e9ben.<\/p>\n<\/div>\n<\/div>\n","protected":false},"excerpt":{"rendered":"<p>A p\u00e1ly\u00e1zati finansz\u00edroz\u00e1s jelent\u0151s finansz\u00edroz\u00e1si forr\u00e1s a nonprofit szervezetek, oktat\u00e1si int\u00e9zm\u00e9nyek \u00e9s kutat\u00f3k sz\u00e1m\u00e1ra. A p\u00e1ly\u00e1zati finansz\u00edroz\u00e1snak azonban k\u00e9t f\u0151 t\u00edpusa van: Az \u00e1llami \u00e9s a mag\u00e1nfinansz\u00edroz\u00e1s. Elengedhetetlen, hogy meg\u00e9rts\u00fck e k\u00e9t finansz\u00edroz\u00e1si forma k\u00f6z\u00f6tti k\u00fcl\u00f6nbs\u00e9geket, hogy meghat\u00e1rozhassuk, melyik felel meg jobban az \u00d6n szervezet\u00e9nek ig\u00e9nyeihez. Az \u00e1llami t\u00e1mogat\u00e1sokat olyan korm\u00e1nyzati szervek biztos\u00edtj\u00e1k, mint a &#8230; <a title=\"A p\u00e1ly\u00e1zati finansz\u00edroz\u00e1s meg\u00e9rt\u00e9se: \u00c1llami vs. mag\u00e1n\" class=\"read-more\" href=\"https:\/\/megnyitasa.com\/tudas\/a-palyazati-finanszirozas-megertese-allami-vs-magan\/\" aria-label=\"Read more about A p\u00e1ly\u00e1zati finansz\u00edroz\u00e1s meg\u00e9rt\u00e9se: \u00c1llami vs. mag\u00e1n\">Read more<\/a><\/p>\n","protected":false},"author":2873,"featured_media":0,"comment_status":"closed","ping_status":"closed","sticky":false,"template":"","format":"standard","meta":{"footnotes":""},"categories":[13],"tags":[],"class_list":["post-6602","post","type-post","status-publish","format-standard","hentry","category-penz-es-adossag"],"_links":{"self":[{"href":"https:\/\/megnyitasa.com\/tudas\/wp-json\/wp\/v2\/posts\/6602","targetHints":{"allow":["GET"]}}],"collection":[{"href":"https:\/\/megnyitasa.com\/tudas\/wp-json\/wp\/v2\/posts"}],"about":[{"href":"https:\/\/megnyitasa.com\/tudas\/wp-json\/wp\/v2\/types\/post"}],"author":[{"embeddable":true,"href":"https:\/\/megnyitasa.com\/tudas\/wp-json\/wp\/v2\/users\/2873"}],"replies":[{"embeddable":true,"href":"https:\/\/megnyitasa.com\/tudas\/wp-json\/wp\/v2\/comments?post=6602"}],"version-history":[{"count":0,"href":"https:\/\/megnyitasa.com\/tudas\/wp-json\/wp\/v2\/posts\/6602\/revisions"}],"wp:attachment":[{"href":"https:\/\/megnyitasa.com\/tudas\/wp-json\/wp\/v2\/media?parent=6602"}],"wp:term":[{"taxonomy":"category","embeddable":true,"href":"https:\/\/megnyitasa.com\/tudas\/wp-json\/wp\/v2\/categories?post=6602"},{"taxonomy":"post_tag","embeddable":true,"href":"https:\/\/megnyitasa.com\/tudas\/wp-json\/wp\/v2\/tags?post=6602"}],"curies":[{"name":"wp","href":"https:\/\/api.w.org\/{rel}","templated":true}]}}