{"id":679,"date":"2023-04-24T00:00:00","date_gmt":"2023-04-24T00:00:00","guid":{"rendered":"https:\/\/megnyitasa.com\/tudas\/az-sd-kartya-csodainak-felfedezese-a-macbook-pron\/"},"modified":"2023-04-24T00:00:00","modified_gmt":"2023-04-24T00:00:00","slug":"az-sd-kartya-csodainak-felfedezese-a-macbook-pron","status":"publish","type":"post","link":"https:\/\/megnyitasa.com\/tudas\/az-sd-kartya-csodainak-felfedezese-a-macbook-pron\/","title":{"rendered":"Az SD-k\u00e1rtya csod\u00e1inak felfedez\u00e9se a MacBook Pr\u00f3n"},"content":{"rendered":"<div class=\"articlecontent\">\n<div class=\"newlinediv\"><\/div>\n<p> A MacBook Pro egy sokoldal\u00fa \u00e9s nagy teljes\u00edtm\u00e9ny\u0171 eszk\u00f6z, amely a prezent\u00e1ci\u00f3k k\u00e9sz\u00edt\u00e9s\u00e9t\u0151l a vide\u00f3k szerkeszt\u00e9s\u00e9ig sz\u00e1mos feladatra k\u00e9pes. A MacBook Pro egyik alapvet\u0151 jellemz\u0151je az SD-k\u00e1rty\u00e1k olvas\u00e1s\u00e1nak k\u00e9pess\u00e9ge, ami ide\u00e1lis eszk\u00f6zz\u00e9 teszi a fot\u00f3sok \u00e9s vide\u00f3sok sz\u00e1m\u00e1ra. Ebben a cikkben megmutatjuk, hogyan n\u00e9zhet meg egy SD-k\u00e1rty\u00e1t a MacBook Pr\u00f3n. <\/p>\n<div class=\"title\"> 1. l\u00e9p\u00e9s: Az SD-k\u00e1rtya behelyez\u00e9se <\/div>\n<p> El\u0151sz\u00f6r is be kell helyeznie az SD-k\u00e1rty\u00e1t a MacBook Pro SD-k\u00e1rtyahely\u00e9be. Az SD-k\u00e1rtya foglalat a k\u00e9sz\u00fcl\u00e9k jobb oldal\u00e1n tal\u00e1lhat\u00f3. <\/p>\n<div class=\"title\"> 2. l\u00e9p\u00e9s: A Finder megnyit\u00e1sa <\/div>\n<p> Miut\u00e1n behelyezte az SD-k\u00e1rty\u00e1t, meg kell nyitnia a Findert. Ezt megteheti a Dockban tal\u00e1lhat\u00f3 Finder ikonra kattintva, vagy a Command + sz\u00f3k\u00f6z billenty\u0171kombin\u00e1ci\u00f3 megnyom\u00e1s\u00e1val \u00e9s a &#8222;Finder&#8221; be\u00edr\u00e1s\u00e1val a Spotlight keres\u0151s\u00e1vba. <\/p>\n<div class=\"title\"> 3. l\u00e9p\u00e9s: Az SD-k\u00e1rtya megkeres\u00e9se <\/div>\n<p> A Finder bal oldali oszlop\u00e1ban megjelenik a helyek list\u00e1ja. Keresse meg az SD-k\u00e1rty\u00e1t, amelynek az &#8222;Eszk\u00f6z\u00f6k&#8221; alatt kell szerepelnie. Kattintson az SD-k\u00e1rty\u00e1ra, \u00e9s a f\u0151ablakban l\u00e1tni fogja a tartalm\u00e1t. <\/p>\n<div class=\"title\"> 4. l\u00e9p\u00e9s: F\u00e1jlok megtekint\u00e9se \u00e9s kezel\u00e9se <\/div>\n<p> Most, hogy megtal\u00e1lta az SD-k\u00e1rty\u00e1t, megtekintheti \u00e9s kezelheti a tartalm\u00e1t. F\u00e1jlokat h\u00fazhat a MacBook Pro merevlemez\u00e9re vagy k\u00fcls\u0151 merevlemezre, vagy t\u00f6r\u00f6lhet f\u00e1jlokat az SD-k\u00e1rty\u00e1r\u00f3l. <\/p>\n<div class=\"title\"> Tov\u00e1bbi tippek: <\/div>\n<p> Ha az SD-k\u00e1rtya nem jelenik meg a Finderben, pr\u00f3b\u00e1lja meg elt\u00e1vol\u00edtani \u00e9s \u00fajra behelyezni. Ha m\u00e9g mindig nem jelenik meg, pr\u00f3b\u00e1ljon meg m\u00e1sik SD-k\u00e1rty\u00e1t vagy m\u00e1sik k\u00e1rtyaolvas\u00f3t haszn\u00e1lni. <\/p>\n<div class=\"newlinediv\"><\/div>\n<p> Az SD-k\u00e1rty\u00e1n l\u00e9v\u0151 f\u00e9nyk\u00e9pek megtekint\u00e9s\u00e9hez \u00e9s kezel\u00e9s\u00e9hez harmadik f\u00e9lt\u0151l sz\u00e1rmaz\u00f3 szoftvereket is haszn\u00e1lhat, p\u00e9ld\u00e1ul az Apple Photos alkalmaz\u00e1st vagy az Adobe Lightroomot. <\/p>\n<div class=\"title\"> \u00d6sszefoglalva <\/div>\n<p> Az SD-k\u00e1rtya megtekint\u00e9se a MacBook Pro k\u00e9sz\u00fcl\u00e9ken egyszer\u0171, n\u00e9h\u00e1ny l\u00e9p\u00e9sben elv\u00e9gezhet\u0151 folyamat. Ezzel a funkci\u00f3val k\u00f6nnyed\u00e9n \u00e1tviheti a f\u00e1jlokat a f\u00e9nyk\u00e9pez\u0151g\u00e9p\u00e9r\u0151l a MacBook Pro-ra, \u00edgy ide\u00e1lis eszk\u00f6z a fot\u00f3sok \u00e9s vide\u00f3sok sz\u00e1m\u00e1ra. A fent ismertetett l\u00e9p\u00e9seket k\u00f6vetve k\u00f6nnyed\u00e9n megtekintheti \u00e9s kezelheti az SD-k\u00e1rtya f\u00e1jljait.<\/p><\/div>\n<div class=\"questions\">\n<div class=\"questionstitle\">FAQ<\/div>\n<div class=\"question\">\n<div class=\"qtitle\"> Hogyan l\u00e1thatom, hogy mi van a Mac SD-k\u00e1rty\u00e1mon?<\/div>\n<p> Ahhoz, hogy megn\u00e9zze, mit t\u00e1rol az SD-k\u00e1rty\u00e1j\u00e1n Macen, k\u00f6vesse az al\u00e1bbi l\u00e9p\u00e9seket: <\/p>\n<div class=\"newlinediv\"><\/div>\n<p> 1. Helyezze be az SD-k\u00e1rty\u00e1t a Mac SD-k\u00e1rtyahely\u00e9be, vagy csatlakoztassa az SD-k\u00e1rtyaolvas\u00f3t a Mac sz\u00e1m\u00edt\u00f3g\u00e9p\u00e9hez. <\/p>\n<div class=\"newlinediv\"><\/div>\n<p> 2. Nyissa meg a Findert a Dockban tal\u00e1lhat\u00f3 Finder ikonra kattintva, vagy a Command + sz\u00f3k\u00f6z billenty\u0171kombin\u00e1ci\u00f3 megnyom\u00e1s\u00e1val \u00e9s a &#8222;Finder&#8221; be\u00edr\u00e1s\u00e1val. <\/p>\n<div class=\"newlinediv\"><\/div>\n<p> 3. Keresse meg az SD-k\u00e1rty\u00e1t a bal oldals\u00e1vban az &#8222;Eszk\u00f6z\u00f6k&#8221; alatt. Kattintson r\u00e1 a kijel\u00f6l\u00e9shez. <\/p>\n<div class=\"newlinediv\"><\/div>\n<p> 4. Az SD-k\u00e1rtya tartalma megjelenik a Finder f\u0151 ablak\u00e1ban. A f\u00e1jlokat \u00e9s mapp\u00e1kat ugyan\u00fagy b\u00f6ng\u00e9szheti, mint a Mac b\u00e1rmely m\u00e1s mapp\u00e1j\u00e1t. <\/p>\n<div class=\"newlinediv\"><\/div>\n<p> 5. Az SD-k\u00e1rtya elt\u00e1vol\u00edt\u00e1s\u00e1hoz h\u00fazza a szemetesbe, vagy kattintson r\u00e1 a jobb gombbal, \u00e9s v\u00e1lassza az &#8222;Eject&#8221; lehet\u0151s\u00e9get. <\/p>\n<div class=\"newlinediv\"><\/div>\n<p> Ha nem l\u00e1tja az SD-k\u00e1rty\u00e1t a Finderben, vagy az nem csatlakozik megfelel\u0151en, pr\u00f3b\u00e1lja meg \u00fajraind\u00edtani a Mac sz\u00e1m\u00edt\u00f3g\u00e9pet, vagy haszn\u00e1ljon m\u00e1sik SD-k\u00e1rtyaolvas\u00f3t. <\/p>\n<\/div>\n<div class=\"question\">\n<div class=\"qtitle\"> Mi\u00e9rt nem olvassa a MacBook Pro az SD-k\u00e1rty\u00e1mat?<\/div>\n<p> Sz\u00e1mos oka lehet annak, hogy a MacBook Pro nem olvassa az SD-k\u00e1rty\u00e1t. N\u00e9h\u00e1ny gyakori ok a k\u00f6vetkez\u0151: <\/p>\n<div class=\"newlinediv\"><\/div>\n<p> 1. Koszos vagy s\u00e9r\u00fclt SD-k\u00e1rtya: Ha az SD-k\u00e1rtya piszkos vagy s\u00e9r\u00fclt, el\u0151fordulhat, hogy a MacBook Pro nem ismeri fel. Pr\u00f3b\u00e1lja meg megtiszt\u00edtani a k\u00e1rtya \u00e9rintkez\u0151it egy puha ruh\u00e1val, \u00e9s n\u00e9zze meg, hogy m\u0171k\u00f6dik-e. Ha a k\u00e1rtya fizikailag s\u00e9r\u00fclt, lehet, hogy ki kell cser\u00e9lni. <\/p>\n<div class=\"newlinediv\"><\/div>\n<p> 2. Hib\u00e1s SD-k\u00e1rtyaolvas\u00f3: Ha a MacBook Pro SD-k\u00e1rtyaolvas\u00f3ja nem m\u0171k\u00f6dik megfelel\u0151en, el\u0151fordulhat, hogy nem tudja beolvasni az SD-k\u00e1rty\u00e1t. Pr\u00f3b\u00e1lja meg behelyezni a k\u00e1rty\u00e1t egy m\u00e1sik sz\u00e1m\u00edt\u00f3g\u00e9pbe vagy k\u00e1rtyaolvas\u00f3ba, h\u00e1tha m\u0171k\u00f6dik. Ha igen, akkor a probl\u00e9ma val\u00f3sz\u00edn\u0171leg a MacBook Pro SD-k\u00e1rtyaolvas\u00f3j\u00e1val van. <\/p>\n<div class=\"newlinediv\"><\/div>\n<p> 3. Elavult illeszt\u0151programok: Ha a MacBook Pro SD-k\u00e1rtyaolvas\u00f3j\u00e1nak illeszt\u0151programjai elavultak, el\u0151fordulhat, hogy nem tudja beolvasni az SD-k\u00e1rty\u00e1t. Pr\u00f3b\u00e1lja meg friss\u00edteni az illeszt\u0151programokat, h\u00e1tha ez megoldja a probl\u00e9m\u00e1t. <\/p>\n<div class=\"newlinediv\"><\/div>\n<p> 4. Hib\u00e1s form\u00e1z\u00e1s: Ha az SD-k\u00e1rtya nincs megfelel\u0151en form\u00e1zva, el\u0151fordulhat, hogy a MacBook Pro nem ismeri fel. Gy\u0151z\u0151dj\u00f6n meg r\u00f3la, hogy az SD-k\u00e1rtya olyan kompatibilis f\u00e1jlrendszer-form\u00e1tumban van form\u00e1zva, amelyet a MacBook Pro t\u00e1mogat. <\/p>\n<div class=\"newlinediv\"><\/div>\n<p> 5. Szoftverprobl\u00e9m\u00e1k: Lehetnek olyan szoftverprobl\u00e9m\u00e1k a MacBook Pro k\u00e9sz\u00fcl\u00e9ken, amelyek megakad\u00e1lyozz\u00e1k az SD-k\u00e1rtya olvas\u00e1s\u00e1t. Pr\u00f3b\u00e1lja meg \u00fajraind\u00edtani a MacBook Pro-t, \u00e9s n\u00e9zze meg, hogy ez megoldja-e a probl\u00e9m\u00e1t. <\/p>\n<div class=\"newlinediv\"><\/div>\n<p> Ha a fenti megold\u00e1sok egyike sem m\u0171k\u00f6dik, tov\u00e1bbi seg\u00edts\u00e9g\u00e9rt forduljon az Apple \u00fcgyf\u00e9lszolg\u00e1lat\u00e1hoz. <\/p>\n<\/div>\n<div class=\"question\">\n<div class=\"qtitle\"> Hogyan tekinthetek meg mindent az SD-k\u00e1rty\u00e1mon?<\/div>\n<p> Ahhoz, hogy mindent megn\u00e9zhessen az SD-k\u00e1rty\u00e1n, olyan eszk\u00f6zre van sz\u00fcks\u00e9ge, amely k\u00e9pes olvasni az SD-k\u00e1rty\u00e1t. Ez lehet sz\u00e1m\u00edt\u00f3g\u00e9p, f\u00e9nyk\u00e9pez\u0151g\u00e9p, telefon vagy b\u00e1rmilyen m\u00e1s eszk\u00f6z, amely rendelkezik SD-k\u00e1rtya foglalattal vagy USB-porttal. Miut\u00e1n csatlakoztatta az SD-k\u00e1rty\u00e1t az eszk\u00f6zh\u00f6z, a k\u00f6vetkez\u0151 l\u00e9p\u00e9seket k\u00f6vetheti: <\/p>\n<div class=\"newlinediv\"><\/div>\n<p> 1. Nyissa meg a File Explorer (vagy Macen a Finder) programot a sz\u00e1m\u00edt\u00f3g\u00e9p\u00e9n. <\/p>\n<div class=\"newlinediv\"><\/div>\n<p> 2. Keresse meg az SD-k\u00e1rty\u00e1t a meghajt\u00f3k vagy eszk\u00f6z\u00f6k list\u00e1j\u00e1ban. Lehet, hogy az SD-k\u00e1rtya m\u00e1rk\u00e1ja vagy a k\u00e9sz\u00fcl\u00e9k m\u00e1rk\u00e1ja ut\u00e1n van elnevezve, ahonnan sz\u00e1rmazik. <\/p>\n<div class=\"newlinediv\"><\/div>\n<p> 3. Kattintson dupl\u00e1n az SD-k\u00e1rty\u00e1ra a megnyit\u00e1s\u00e1hoz. <\/p>\n<div class=\"newlinediv\"><\/div>\n<p> 4. Most m\u00e1r l\u00e1tnia kell az SD-k\u00e1rty\u00e1n t\u00e1rolt mapp\u00e1k \u00e9s f\u00e1jlok list\u00e1j\u00e1t. Ugyan\u00fagy b\u00f6ng\u00e9szhet ezekben a mapp\u00e1kban \u00e9s f\u00e1jlokban, mint a sz\u00e1m\u00edt\u00f3g\u00e9p merevlemez\u00e9n. <\/p>\n<div class=\"newlinediv\"><\/div>\n<p> 5. Ha nehezen tal\u00e1l meg egy adott f\u00e1jlt vagy mapp\u00e1t, akkor a File Explorer keres\u0151s\u00e1vj\u00e1t haszn\u00e1lhatja a n\u00e9v szerinti keres\u00e9shez. <\/p>\n<div class=\"newlinediv\"><\/div>\n<p> 6. Ha megtal\u00e1lta a sz\u00fcks\u00e9ges f\u00e1jlokat, \u00e1tm\u00e1solhatja \u0151ket a sz\u00e1m\u00edt\u00f3g\u00e9p merevlemez\u00e9re vagy egy m\u00e1sik eszk\u00f6zre, ha biztons\u00e1gi m\u00e1solatot szeretne k\u00e9sz\u00edteni r\u00f3luk, vagy m\u00e1s helyre szeretn\u00e9 \u00e1tvinni \u0151ket. <\/p>\n<div class=\"newlinediv\"><\/div>\n<p> Fontos megjegyezni, hogy egyes eszk\u00f6z\u00f6k elt\u00e9r\u0151 m\u00f3don \u00e9rhetik el \u00e9s tekinthetik meg az SD-k\u00e1rty\u00e1n l\u00e9v\u0151 f\u00e1jlokat. Egyes f\u00e9nyk\u00e9pez\u0151g\u00e9pek p\u00e9ld\u00e1ul rendelkezhetnek olyan be\u00e9p\u00edtett men\u00fcvel, amely lehet\u0151v\u00e9 teszi a f\u00e9nyk\u00e9pek megtekint\u00e9s\u00e9t \u00e9s t\u00f6rl\u00e9s\u00e9t k\u00f6zvetlen\u00fcl a f\u00e9nyk\u00e9pez\u0151g\u00e9pb\u0151l. Ha nem tudja, hogyan f\u00e9rhet hozz\u00e1 az SD-k\u00e1rty\u00e1n l\u00e9v\u0151 f\u00e1jlokhoz, olvassa el az eszk\u00f6z felhaszn\u00e1l\u00f3i k\u00e9zik\u00f6nyv\u00e9t, vagy forduljon a gy\u00e1rt\u00f3hoz seg\u00edts\u00e9g\u00e9rt.<\/p>\n<\/div>\n<\/div>\n","protected":false},"excerpt":{"rendered":"<p>A MacBook Pro egy sokoldal\u00fa \u00e9s nagy teljes\u00edtm\u00e9ny\u0171 eszk\u00f6z, amely a prezent\u00e1ci\u00f3k k\u00e9sz\u00edt\u00e9s\u00e9t\u0151l a vide\u00f3k szerkeszt\u00e9s\u00e9ig sz\u00e1mos feladatra k\u00e9pes. A MacBook Pro egyik alapvet\u0151 jellemz\u0151je az SD-k\u00e1rty\u00e1k olvas\u00e1s\u00e1nak k\u00e9pess\u00e9ge, ami ide\u00e1lis eszk\u00f6zz\u00e9 teszi a fot\u00f3sok \u00e9s vide\u00f3sok sz\u00e1m\u00e1ra. Ebben a cikkben megmutatjuk, hogyan n\u00e9zhet meg egy SD-k\u00e1rty\u00e1t a MacBook Pr\u00f3n. 1. l\u00e9p\u00e9s: Az SD-k\u00e1rtya behelyez\u00e9se &#8230; <a title=\"Az SD-k\u00e1rtya csod\u00e1inak felfedez\u00e9se a MacBook Pr\u00f3n\" class=\"read-more\" href=\"https:\/\/megnyitasa.com\/tudas\/az-sd-kartya-csodainak-felfedezese-a-macbook-pron\/\" aria-label=\"Read more about Az SD-k\u00e1rtya csod\u00e1inak felfedez\u00e9se a MacBook Pr\u00f3n\">Read more<\/a><\/p>\n","protected":false},"author":587,"featured_media":0,"comment_status":"closed","ping_status":"closed","sticky":false,"template":"","format":"standard","meta":{"footnotes":""},"categories":[18],"tags":[],"class_list":["post-679","post","type-post","status-publish","format-standard","hentry","category-uzleti-tervezes-es-strategia"],"_links":{"self":[{"href":"https:\/\/megnyitasa.com\/tudas\/wp-json\/wp\/v2\/posts\/679","targetHints":{"allow":["GET"]}}],"collection":[{"href":"https:\/\/megnyitasa.com\/tudas\/wp-json\/wp\/v2\/posts"}],"about":[{"href":"https:\/\/megnyitasa.com\/tudas\/wp-json\/wp\/v2\/types\/post"}],"author":[{"embeddable":true,"href":"https:\/\/megnyitasa.com\/tudas\/wp-json\/wp\/v2\/users\/587"}],"replies":[{"embeddable":true,"href":"https:\/\/megnyitasa.com\/tudas\/wp-json\/wp\/v2\/comments?post=679"}],"version-history":[{"count":0,"href":"https:\/\/megnyitasa.com\/tudas\/wp-json\/wp\/v2\/posts\/679\/revisions"}],"wp:attachment":[{"href":"https:\/\/megnyitasa.com\/tudas\/wp-json\/wp\/v2\/media?parent=679"}],"wp:term":[{"taxonomy":"category","embeddable":true,"href":"https:\/\/megnyitasa.com\/tudas\/wp-json\/wp\/v2\/categories?post=679"},{"taxonomy":"post_tag","embeddable":true,"href":"https:\/\/megnyitasa.com\/tudas\/wp-json\/wp\/v2\/tags?post=679"}],"curies":[{"name":"wp","href":"https:\/\/api.w.org\/{rel}","templated":true}]}}