{"id":6861,"date":"2023-04-24T00:00:00","date_gmt":"2023-04-24T00:00:00","guid":{"rendered":"https:\/\/megnyitasa.com\/tudas\/a-belso-vezetoi-jelentesek-gyakorisaga-a-kommunikacio-fontossaganak-megertese\/"},"modified":"2023-04-24T00:00:00","modified_gmt":"2023-04-24T00:00:00","slug":"a-belso-vezetoi-jelentesek-gyakorisaga-a-kommunikacio-fontossaganak-megertese","status":"publish","type":"post","link":"https:\/\/megnyitasa.com\/tudas\/a-belso-vezetoi-jelentesek-gyakorisaga-a-kommunikacio-fontossaganak-megertese\/","title":{"rendered":"A bels\u0151 vezet\u0151i jelent\u00e9sek gyakoris\u00e1ga: A kommunik\u00e1ci\u00f3 fontoss\u00e1g\u00e1nak meg\u00e9rt\u00e9se"},"content":{"rendered":"<div class=\"articlecontent\">\n<div class=\"newlinediv\"><\/div>\n<p> A hat\u00e9kony kommunik\u00e1ci\u00f3 minden szervezetben elengedhetetlen, k\u00fcl\u00f6n\u00f6sen, ha vezet\u0151i jelent\u00e9sekr\u0151l van sz\u00f3. Ezek a jelent\u00e9sek a d\u00f6nt\u00e9shozatal kritikus eszk\u00f6zek\u00e9nt szolg\u00e1lnak, lehet\u0151v\u00e9 t\u00e9ve a vezet\u0151k sz\u00e1m\u00e1ra az aktu\u00e1lis teljes\u00edtm\u00e9ny \u00e9rt\u00e9kel\u00e9s\u00e9t, a fejlesztend\u0151 ter\u00fcletek azonos\u00edt\u00e1s\u00e1t \u00e9s a strat\u00e9giai d\u00f6nt\u00e9sek meghozatal\u00e1t. E jelent\u00e9sek gyakoris\u00e1ga azonban a szervezet m\u00e9ret\u00e9t\u0151l, strukt\u00far\u00e1j\u00e1t\u00f3l \u00e9s c\u00e9ljait\u00f3l f\u00fcgg\u0151en v\u00e1ltozhat. <\/p>\n<div class=\"newlinediv\"><\/div>\n<p> Kisebb szervezetekben a bels\u0151 vezet\u0151i jelent\u00e9seket gyakrabban, p\u00e9ld\u00e1ul heti vagy k\u00e9theti rendszeress\u00e9ggel k\u00f6z\u00f6lhetik. Ennek oka, hogy a kisebb v\u00e1llalkoz\u00e1soknak gyakran kevesebb alkalmazottja van, \u00edgy k\u00f6nnyebb nyomon k\u00f6vetni a teljes\u00edtm\u00e9nyt \u00e9s gyorsan azonos\u00edtani az esetleges probl\u00e9m\u00e1kat. Emellett a kisebb szervezetek gyakran kev\u00e9sb\u00e9 b\u00fcrokratikusak, ami agilisabb d\u00f6nt\u00e9shozatali folyamatokat tesz lehet\u0151v\u00e9. <\/p>\n<div class=\"newlinediv\"><\/div>\n<p> Ezzel szemben a nagyobb szervezetek ritk\u00e1bban, p\u00e9ld\u00e1ul havonta vagy negyed\u00e9vente k\u00f6z\u00f6lhetnek bels\u0151 vezet\u0151i jelent\u00e9seket. Ennek oka, hogy a nagyobb szervezetek gyakran \u00f6sszetettebb strukt\u00far\u00e1val rendelkeznek, ami miatt nagyobb kih\u00edv\u00e1st jelent az adatok gyors \u00f6sszegy\u0171jt\u00e9se \u00e9s elemz\u00e9se. Ezenk\u00edv\u00fcl ezekben a szervezetekben t\u00f6bb oszt\u00e1ly \u00e9s csapat is m\u0171k\u00f6dhet, ami megnehez\u00edti annak biztos\u00edt\u00e1s\u00e1t, hogy minden vezet\u0151 ugyanazokhoz az inform\u00e1ci\u00f3khoz f\u00e9rjen hozz\u00e1. <\/p>\n<div class=\"newlinediv\"><\/div>\n<p> A szervezet m\u00e9ret\u00e9t\u0151l f\u00fcggetlen\u00fcl a bels\u0151 vezet\u0151i jelent\u00e9sek gyakoris\u00e1g\u00e1t a szervezet c\u00e9ljai \u00e9s c\u00e9lkit\u0171z\u00e9sei alapj\u00e1n kell meghat\u00e1rozni. Ha p\u00e9ld\u00e1ul egy szervezet jelent\u0151s v\u00e1ltoz\u00e1son megy kereszt\u00fcl, mint p\u00e9ld\u00e1ul egy egyes\u00fcl\u00e9s vagy felv\u00e1s\u00e1rl\u00e1s, gyakoribb jelent\u00e9sekre lehet sz\u00fcks\u00e9g annak biztos\u00edt\u00e1sa \u00e9rdek\u00e9ben, hogy a vezet\u0151k rendelkezzenek a megalapozott d\u00f6nt\u00e9sek meghozatal\u00e1hoz sz\u00fcks\u00e9ges inform\u00e1ci\u00f3kkal. <\/p>\n<div class=\"newlinediv\"><\/div>\n<p> Egy m\u00e1sik t\u00e9nyez\u0151, amely befoly\u00e1solhatja a bels\u0151 vezet\u0151i jelent\u00e9sek gyakoris\u00e1g\u00e1t, a k\u00f6z\u00f6lt adatok t\u00edpusa. P\u00e9ld\u00e1ul a p\u00e9nz\u00fcgyi jelent\u00e9seket gyakrabban lehet k\u00f6z\u00f6lni, mint a m\u0171k\u00f6d\u00e9si jelent\u00e9seket, mivel a p\u00e9nz\u00fcgyi adatok kritikusak a strat\u00e9giai d\u00f6nt\u00e9sek meghozatal\u00e1hoz. Hasonl\u00f3k\u00e9ppen, az alkalmazottak teljes\u00edtm\u00e9ny\u00e9r\u0151l sz\u00f3l\u00f3 jelent\u00e9seket gyakrabban k\u00f6z\u00f6lhetik, mint az \u00fcgyfelek el\u00e9gedetts\u00e9g\u00e9r\u0151l sz\u00f3l\u00f3 jelent\u00e9seket, mivel az alkalmazottak teljes\u00edtm\u00e9nye k\u00f6zvetlen\u00fcl befoly\u00e1solja a szervezet siker\u00e9t. <\/p>\n<div class=\"newlinediv\"><\/div>\n<p> \u00d6sszefoglalva, a bels\u0151 vezet\u0151i jelent\u00e9sek gyakoris\u00e1ga a szervezet m\u00e9ret\u00e9t\u0151l, szerkezet\u00e9t\u0151l, c\u00e9ljait\u00f3l \u00e9s a k\u00f6zlend\u0151 adatok t\u00edpus\u00e1t\u00f3l f\u00fcgg\u0151en v\u00e1ltozhat. Ezekt\u0151l a t\u00e9nyez\u0151kt\u0151l f\u00fcggetlen\u00fcl a hat\u00e9kony kommunik\u00e1ci\u00f3 elengedhetetlen a megalapozott d\u00f6nt\u00e9sek meghozatal\u00e1hoz \u00e9s a szervezeti siker el\u00e9r\u00e9s\u00e9hez. A kommunik\u00e1ci\u00f3 fontoss\u00e1g\u00e1nak meg\u00e9rt\u00e9s\u00e9vel \u00e9s a jelent\u00e9sek gyakoris\u00e1g\u00e1nak ennek megfelel\u0151 alak\u00edt\u00e1s\u00e1val a vezet\u0151k biztos\u00edthatj\u00e1k, hogy a strat\u00e9giai d\u00f6nt\u00e9sek meghozatal\u00e1hoz \u00e9s a szervezet el\u0151revitel\u00e9hez sz\u00fcks\u00e9ges inform\u00e1ci\u00f3kkal rendelkezzenek.<\/p><\/div>\n<div class=\"questions\">\n<div class=\"questionstitle\">FAQ<\/div>\n<div class=\"question\">\n<div class=\"qtitle\"> Mik azok a bels\u0151 vezet\u0151i jelent\u00e9sek?<\/div>\n<p> A bels\u0151 vezet\u0151s\u00e9gi jelent\u00e9sek a v\u00e1llalat vezet\u0151s\u00e9ge \u00e1ltal k\u00e9sz\u00edtett dokumentumok, amelyek a v\u00e1llalat teljes\u00edtm\u00e9ny\u00e9r\u0151l \u00e9s m\u0171k\u00f6d\u00e9s\u00e9r\u0151l ny\u00fajtanak inform\u00e1ci\u00f3kat. Ezeket a jelent\u00e9seket jellemz\u0151en a vezet\u0151k haszn\u00e1lj\u00e1k arra, hogy megalapozott d\u00f6nt\u00e9seket hozzanak a v\u00e1llalat j\u00f6v\u0151beli terveir\u0151l \u00e9s strat\u00e9gi\u00e1ir\u00f3l. <\/p>\n<div class=\"newlinediv\"><\/div>\n<p> A bels\u0151 vezet\u0151s\u00e9gi jelent\u00e9sek a t\u00e9m\u00e1k sz\u00e9les sk\u00e1l\u00e1j\u00e1t \u00f6lelhetik fel, p\u00e9ld\u00e1ul a p\u00e9nz\u00fcgyi teljes\u00edtm\u00e9nyt, az \u00e9rt\u00e9kes\u00edt\u00e9si adatokat, a termel\u00e9si statisztik\u00e1kat \u00e9s az alkalmazottak teljes\u00edtm\u00e9ny\u00e9nek m\u00e9r\u0151sz\u00e1mait. Tartalmazhatnak tov\u00e1bb\u00e1 inform\u00e1ci\u00f3kat a piaci trendekr\u0151l, az \u00fcgyfelek visszajelz\u00e9seir\u0151l \u00e9s a versenyelemz\u00e9sr\u0151l. <\/p>\n<div class=\"newlinediv\"><\/div>\n<p> A bels\u0151 vezet\u0151i jelent\u00e9sek form\u00e1tuma \u00e9s tartalma a v\u00e1llalat m\u00e9ret\u00e9t\u0151l, ipar\u00e1g\u00e1t\u00f3l \u00e9s szervezeti fel\u00e9p\u00edt\u00e9s\u00e9t\u0151l f\u00fcgg\u0151en v\u00e1ltozhat. Egyes jelent\u00e9seket naponta, m\u00edg m\u00e1sokat hetente, havonta vagy negyed\u00e9vente k\u00e9sz\u00edtenek. <\/p>\n<div class=\"newlinediv\"><\/div>\n<p> A bels\u0151 vezet\u0151i jelent\u00e9sek els\u0151dleges c\u00e9lja, hogy seg\u00edts\u00e9k a vezet\u0151ket a v\u00e1llalaton bel\u00fcli er\u0151s \u00e9s gyenge ter\u00fcletek azonos\u00edt\u00e1s\u00e1ban, \u00e9s hogy ezen inform\u00e1ci\u00f3k alapj\u00e1n megalapozott d\u00f6nt\u00e9seket hozzanak. Az ezekben a jelent\u00e9sekben szerepl\u0151 adatok elemz\u00e9s\u00e9vel a vezet\u0151k strat\u00e9gi\u00e1kat dolgozhatnak ki a teljes\u00edtm\u00e9ny jav\u00edt\u00e1s\u00e1ra, a k\u00f6lts\u00e9gek cs\u00f6kkent\u00e9s\u00e9re \u00e9s a nyeres\u00e9gess\u00e9g n\u00f6vel\u00e9s\u00e9re. <\/p>\n<div class=\"newlinediv\"><\/div>\n<p> \u00d6sszess\u00e9g\u00e9ben a bels\u0151 vezet\u0151s\u00e9gi jelent\u00e9sek minden m\u00e9ret\u0171 v\u00e1llalat sz\u00e1m\u00e1ra fontos eszk\u00f6z, mivel \u00e9rt\u00e9kes betekint\u00e9st ny\u00fajtanak a v\u00e1llalat m\u0171k\u00f6d\u00e9s\u00e9be, \u00e9s seg\u00edthetnek a d\u00f6nt\u00e9shozatalban a szervezet minden szintj\u00e9n. <\/p>\n<\/div>\n<div class=\"question\">\n<div class=\"qtitle\"> Mi gener\u00e1l jelent\u00e9seket \u00e9s inform\u00e1ci\u00f3kat a bels\u0151 vezet\u00e9s sz\u00e1m\u00e1ra?<\/div>\n<p> A bels\u0151 vezet\u00e9s haszn\u00e1lat\u00e1ra szolg\u00e1l\u00f3 jelent\u00e9sek \u00e9s inform\u00e1ci\u00f3k gener\u00e1l\u00e1sa jellemz\u0151en a hum\u00e1ner\u0151forr\u00e1s-oszt\u00e1ly vagy egy kijel\u00f6lt vezet\u0151 vagy csapat feladata. Ezen inform\u00e1ci\u00f3k forr\u00e1sai a szervezet m\u00e9ret\u00e9t\u0151l, ipar\u00e1g\u00e1t\u00f3l \u00e9s egyedi ig\u00e9nyeit\u0151l f\u00fcgg\u0151en v\u00e1ltozhatnak. A bels\u0151 vezet\u00e9s sz\u00e1m\u00e1ra k\u00e9sz\u00edtett jelent\u00e9sek el\u0151\u00e1ll\u00edt\u00e1s\u00e1hoz haszn\u00e1lt gyakori adatforr\u00e1sok k\u00f6z\u00e9 tartoznak a munkav\u00e1llal\u00f3i jelenl\u00e9ti nyilv\u00e1ntart\u00e1sok, a teljes\u00edtm\u00e9ny\u00e9rt\u00e9kel\u00e9sek, a b\u00e9rsz\u00e1mfejt\u00e9si adatok, a fluktu\u00e1ci\u00f3s ar\u00e1nyok \u00e9s a munkav\u00e1llal\u00f3i felm\u00e9r\u00e9sek. <\/p>\n<div class=\"newlinediv\"><\/div>\n<p> A bels\u0151 vezet\u00e9s sz\u00e1m\u00e1ra k\u00e9sz\u00edtett jelent\u00e9sek felhaszn\u00e1lhat\u00f3k az alkalmazottak teljes\u00edtm\u00e9ny\u00e9nek nyomon k\u00f6vet\u00e9s\u00e9re, a fejlesztend\u0151 ter\u00fcletek azonos\u00edt\u00e1s\u00e1ra, valamint a szem\u00e9lyzeti \u00e9s er\u0151forr\u00e1s-eloszt\u00e1ssal kapcsolatos megalapozott d\u00f6nt\u00e9sek meghozatal\u00e1ra. Ezen t\u00falmen\u0151en ezek az inform\u00e1ci\u00f3k felhaszn\u00e1lhat\u00f3k a munkav\u00e1llal\u00f3k elk\u00f6telezetts\u00e9g\u00e9nek \u00e9s megtart\u00e1s\u00e1nak jav\u00edt\u00e1s\u00e1ra ir\u00e1nyul\u00f3 strat\u00e9gi\u00e1k kidolgoz\u00e1s\u00e1ra, ami v\u00e9gs\u0151 soron a termel\u00e9kenys\u00e9g \u00e9s a nyeres\u00e9gess\u00e9g magasabb szintj\u00e9hez vezethet. <\/p>\n<div class=\"newlinediv\"><\/div>\n<p> E jelent\u00e9sek form\u00e1tuma \u00e9s gyakoris\u00e1ga is v\u00e1ltozhat a szervezet ig\u00e9nyeit\u0151l f\u00fcgg\u0151en. Egyes v\u00e1llalatok heti vagy havi jelent\u00e9seket k\u00e9sz\u00edthetnek, m\u00edg m\u00e1sok csak negyed\u00e9vente vagy \u00e9vente. A jelent\u00e9sek testre is szabhat\u00f3k, hogy a szervezeten bel\u00fcl a vezet\u00e9s k\u00fcl\u00f6nb\u00f6z\u0151 szintjei vagy r\u00e9szlegei sz\u00e1m\u00e1ra konkr\u00e9t inform\u00e1ci\u00f3kat ny\u00fajtsanak. <\/p>\n<div class=\"newlinediv\"><\/div>\n<p> \u00d6sszess\u00e9g\u00e9ben a bels\u0151 vezet\u00e9s sz\u00e1m\u00e1ra k\u00e9sz\u00edtett jelent\u00e9sek \u00e9s inform\u00e1ci\u00f3k el\u0151\u00e1ll\u00edt\u00e1sa kritikus szerepet j\u00e1tszik az alkalmazottak hat\u00e9kony \u00e9s eredm\u00e9nyes ir\u00e1ny\u00edt\u00e1s\u00e1ban. Ezen inform\u00e1ci\u00f3k felhaszn\u00e1l\u00e1s\u00e1val a szervezetek olyan adatvez\u00e9relt d\u00f6nt\u00e9seket hozhatnak, amelyek jobb teljes\u00edtm\u00e9nyhez, magasabb szint\u0171 munkav\u00e1llal\u00f3i elk\u00f6telezetts\u00e9ghez \u00e9s nagyobb nyeres\u00e9gess\u00e9ghez vezetnek.<\/p>\n<\/div>\n<\/div>\n","protected":false},"excerpt":{"rendered":"<p>A hat\u00e9kony kommunik\u00e1ci\u00f3 minden szervezetben elengedhetetlen, k\u00fcl\u00f6n\u00f6sen, ha vezet\u0151i jelent\u00e9sekr\u0151l van sz\u00f3. Ezek a jelent\u00e9sek a d\u00f6nt\u00e9shozatal kritikus eszk\u00f6zek\u00e9nt szolg\u00e1lnak, lehet\u0151v\u00e9 t\u00e9ve a vezet\u0151k sz\u00e1m\u00e1ra az aktu\u00e1lis teljes\u00edtm\u00e9ny \u00e9rt\u00e9kel\u00e9s\u00e9t, a fejlesztend\u0151 ter\u00fcletek azonos\u00edt\u00e1s\u00e1t \u00e9s a strat\u00e9giai d\u00f6nt\u00e9sek meghozatal\u00e1t. E jelent\u00e9sek gyakoris\u00e1ga azonban a szervezet m\u00e9ret\u00e9t\u0151l, strukt\u00far\u00e1j\u00e1t\u00f3l \u00e9s c\u00e9ljait\u00f3l f\u00fcgg\u0151en v\u00e1ltozhat. Kisebb szervezetekben a bels\u0151 vezet\u0151i &#8230; <a title=\"A bels\u0151 vezet\u0151i jelent\u00e9sek gyakoris\u00e1ga: A kommunik\u00e1ci\u00f3 fontoss\u00e1g\u00e1nak meg\u00e9rt\u00e9se\" class=\"read-more\" href=\"https:\/\/megnyitasa.com\/tudas\/a-belso-vezetoi-jelentesek-gyakorisaga-a-kommunikacio-fontossaganak-megertese\/\" aria-label=\"Read more about A bels\u0151 vezet\u0151i jelent\u00e9sek gyakoris\u00e1ga: A kommunik\u00e1ci\u00f3 fontoss\u00e1g\u00e1nak meg\u00e9rt\u00e9se\">Read more<\/a><\/p>\n","protected":false},"author":3562,"featured_media":0,"comment_status":"closed","ping_status":"closed","sticky":false,"template":"","format":"standard","meta":{"footnotes":""},"categories":[37],"tags":[],"class_list":["post-6861","post","type-post","status-publish","format-standard","hentry","category-a-munkavallalok-iranyitasa"],"_links":{"self":[{"href":"https:\/\/megnyitasa.com\/tudas\/wp-json\/wp\/v2\/posts\/6861","targetHints":{"allow":["GET"]}}],"collection":[{"href":"https:\/\/megnyitasa.com\/tudas\/wp-json\/wp\/v2\/posts"}],"about":[{"href":"https:\/\/megnyitasa.com\/tudas\/wp-json\/wp\/v2\/types\/post"}],"author":[{"embeddable":true,"href":"https:\/\/megnyitasa.com\/tudas\/wp-json\/wp\/v2\/users\/3562"}],"replies":[{"embeddable":true,"href":"https:\/\/megnyitasa.com\/tudas\/wp-json\/wp\/v2\/comments?post=6861"}],"version-history":[{"count":0,"href":"https:\/\/megnyitasa.com\/tudas\/wp-json\/wp\/v2\/posts\/6861\/revisions"}],"wp:attachment":[{"href":"https:\/\/megnyitasa.com\/tudas\/wp-json\/wp\/v2\/media?parent=6861"}],"wp:term":[{"taxonomy":"category","embeddable":true,"href":"https:\/\/megnyitasa.com\/tudas\/wp-json\/wp\/v2\/categories?post=6861"},{"taxonomy":"post_tag","embeddable":true,"href":"https:\/\/megnyitasa.com\/tudas\/wp-json\/wp\/v2\/tags?post=6861"}],"curies":[{"name":"wp","href":"https:\/\/api.w.org\/{rel}","templated":true}]}}