{"id":6998,"date":"2023-04-24T00:00:00","date_gmt":"2023-04-24T00:00:00","guid":{"rendered":"https:\/\/megnyitasa.com\/tudas\/az-egyertelmu-munkavallaloi-iranyelvek-kialakitasanak-fontossaga\/"},"modified":"2023-04-24T00:00:00","modified_gmt":"2023-04-24T00:00:00","slug":"az-egyertelmu-munkavallaloi-iranyelvek-kialakitasanak-fontossaga","status":"publish","type":"post","link":"https:\/\/megnyitasa.com\/tudas\/az-egyertelmu-munkavallaloi-iranyelvek-kialakitasanak-fontossaga\/","title":{"rendered":"Az egy\u00e9rtelm\u0171 munkav\u00e1llal\u00f3i ir\u00e1nyelvek kialak\u00edt\u00e1s\u00e1nak fontoss\u00e1ga"},"content":{"rendered":"<div class=\"articlecontent\">\n<div class=\"newlinediv\"><\/div>\n<p> A mai gyors \u00fctem\u0171 \u00fczleti vil\u00e1gban elengedhetetlen, hogy a v\u00e1llalatok egy\u00e9rtelm\u0171 ir\u00e1nymutat\u00e1sokat \u00e9s ir\u00e1nyelveket dolgozzanak ki alkalmazottaik sz\u00e1m\u00e1ra. Ezek az ir\u00e1nyelvek nemcsak azt seg\u00edtik biztos\u00edtani, hogy mindenki ugyanazok\u00e9rt a c\u00e9lok\u00e9rt dolgozzon, hanem keretet biztos\u00edtanak a konfliktusok megold\u00e1s\u00e1hoz \u00e9s a felmer\u00fcl\u0151 probl\u00e9m\u00e1k kezel\u00e9s\u00e9hez is. B\u00e1r sz\u00e1mos k\u00fcl\u00f6nb\u00f6z\u0151 t\u00edpus\u00fa munkav\u00e1llal\u00f3i szab\u00e1lyzatot lehet l\u00e9trehozni, a leggyakoribbak k\u00f6z\u00e9 tartoznak a jelenl\u00e9ttel, a teljes\u00edtm\u00e9nnyel \u00e9s a magatart\u00e1ssal kapcsolatosak. <\/p>\n<div class=\"newlinediv\"><\/div>\n<p> A jelenl\u00e9ti szab\u00e1lyzat c\u00e9lja annak biztos\u00edt\u00e1sa, hogy a munkav\u00e1llal\u00f3k id\u0151ben megjelenjenek a munkahely\u00fck\u00f6n, \u00e9s minden h\u00e9ten a sz\u00fcks\u00e9ges \u00f3rasz\u00e1mban dolgozzanak. Ezek a szab\u00e1lyok \u00e1ltal\u00e1ban a pontoss\u00e1ggal kapcsolatos elv\u00e1r\u00e1sokat, valamint a szabadnapok ig\u00e9nyl\u00e9s\u00e9re \u00e9s a betegs\u00e9g vagy m\u00e1s el\u0151re nem l\u00e1that\u00f3 k\u00f6r\u00fclm\u00e9nyek miatti hi\u00e1nyz\u00e1sok kezel\u00e9s\u00e9re vonatkoz\u00f3 ir\u00e1nyelveket tartalmazz\u00e1k. Az egy\u00e9rtelm\u0171 jelenl\u00e9ti szab\u00e1lyok kialak\u00edt\u00e1s\u00e1val a v\u00e1llalatok seg\u00edthetnek maximaliz\u00e1lni a termel\u00e9kenys\u00e9get \u00e9s minimaliz\u00e1lni az alkalmazottak hi\u00e1nyz\u00e1saib\u00f3l ered\u0151 zavarokat. <\/p>\n<div class=\"newlinediv\"><\/div>\n<p> A teljes\u00edtm\u00e9nyre vonatkoz\u00f3 ir\u00e1nyelvek sz\u00e1mos v\u00e1llalat sz\u00e1m\u00e1ra egy m\u00e1sik kulcsfontoss\u00e1g\u00fa ter\u00fcletet jelentenek. Ezek a politik\u00e1k k\u00f6rvonalazz\u00e1k a munkateljes\u00edtm\u00e9nnyel kapcsolatos elv\u00e1r\u00e1sokat, bele\u00e9rtve a c\u00e9lokat \u00e9s m\u00e9r\u0151sz\u00e1mokat, amelyeket az alkalmazottaknak teljes\u00edteni\u00fck vagy meghaladniuk kell. Ezen ir\u00e1nyelvek tartalmazhatnak ir\u00e1nymutat\u00e1sokat is a visszajelz\u00e9s \u00e9s a coaching ny\u00fajt\u00e1s\u00e1ra azon alkalmazottak sz\u00e1m\u00e1ra, akiknek neh\u00e9zs\u00e9get okoz ezen elv\u00e1r\u00e1sok teljes\u00edt\u00e9se. Az egy\u00e9rtelm\u0171 teljes\u00edtm\u00e9nyk\u00f6vetelm\u00e9nyek meghat\u00e1roz\u00e1s\u00e1val a v\u00e1llalatok seg\u00edthetnek biztos\u00edtani, hogy mindenki ugyanazok\u00e9rt a c\u00e9lok\u00e9rt dolgozzon, \u00e9s hogy a dolgoz\u00f3kat felel\u0151ss\u00e9gre vonj\u00e1k a munk\u00e1juk\u00e9rt. <\/p>\n<div class=\"newlinediv\"><\/div>\n<p> V\u00e9gezet\u00fcl a magatart\u00e1si ir\u00e1nyelvek c\u00e9lja, hogy el\u0151seg\u00edts\u00e9k a biztons\u00e1gos \u00e9s tiszteletteljes munkahely kialak\u00edt\u00e1s\u00e1t minden munkav\u00e1llal\u00f3 sz\u00e1m\u00e1ra. Ezek a politik\u00e1k \u00e1ltal\u00e1ban a szakmai viselked\u00e9sre vonatkoz\u00f3 elv\u00e1r\u00e1sokat fogalmazz\u00e1k meg, bele\u00e9rtve a koll\u00e9g\u00e1kkal, \u00fcgyfelekkel \u00e9s m\u00e1s \u00e9rdekelt felekkel val\u00f3 interakci\u00f3ra vonatkoz\u00f3 ir\u00e1nyelveket. Tartalmazhatnak tov\u00e1bb\u00e1 elj\u00e1r\u00e1sokat a zaklat\u00e1s vagy diszkrimin\u00e1ci\u00f3 bejelent\u00e9s\u00e9re, valamint a v\u00e1llalati magatart\u00e1si k\u00f3dex megs\u00e9rt\u00e9s\u00e9nek k\u00f6vetkezm\u00e9nyeit. Az egy\u00e9rtelm\u0171 magatart\u00e1si ir\u00e1nyelvek kialak\u00edt\u00e1s\u00e1val a v\u00e1llalatok el\u0151seg\u00edthetik a pozit\u00edv munkak\u00f6rnyezet kialakul\u00e1s\u00e1t, \u00e9s minimaliz\u00e1lhatj\u00e1k a jogi vagy h\u00edrn\u00e9vbeli probl\u00e9m\u00e1k kock\u00e1zat\u00e1t. <\/p>\n<div class=\"newlinediv\"><\/div>\n<p> \u00d6sszefoglalva, a munkav\u00e1llal\u00f3i ir\u00e1nyelvek fontos eszk\u00f6zt jelentenek minden m\u00e9ret\u0171 \u00e9s ipar\u00e1g\u00fa v\u00e1llalat sz\u00e1m\u00e1ra. A jelenl\u00e9tre, teljes\u00edtm\u00e9nyre \u00e9s magatart\u00e1sra vonatkoz\u00f3 vil\u00e1gos ir\u00e1nyelvek \u00e9s elv\u00e1r\u00e1sok meghat\u00e1roz\u00e1s\u00e1val a v\u00e1llalatok seg\u00edthetnek biztos\u00edtani, hogy mindenki ugyanazok\u00e9rt a c\u00e9lok\u00e9rt dolgozzon, \u00e9s hogy a konfliktusokat tisztess\u00e9ges \u00e9s k\u00f6vetkezetes m\u00f3don oldj\u00e1k meg. B\u00e1r sz\u00e1mos k\u00fcl\u00f6nb\u00f6z\u0151 t\u00edpus\u00fa munkav\u00e1llal\u00f3i szab\u00e1lyzatot lehet l\u00e9trehozni, fontos, hogy azokat az egyes szervezetek saj\u00e1tos ig\u00e9nyeihez \u00e9s c\u00e9ljaihoz igaz\u00edts\u00e1k. Ez\u00e1ltal a v\u00e1llalatok maximaliz\u00e1lhatj\u00e1k hat\u00e9konys\u00e1gukat, \u00e9s olyan munkahelyi kult\u00far\u00e1t teremthetnek, amely el\u0151seg\u00edti a sikert \u00e9s a n\u00f6veked\u00e9st.<\/p><\/div>\n<div class=\"questions\">\n<div class=\"questionstitle\">FAQ<\/div>\n<div class=\"question\">\n<div class=\"qtitle\"> Milyen p\u00e9ld\u00e1k vannak a szab\u00e1lyzatokra?<\/div>\n<p> A hum\u00e1npolitikai ir\u00e1nyelvek minden szervezet sz\u00e1m\u00e1ra elengedhetetlenek ahhoz, hogy egy\u00e9rtelm\u0171 ir\u00e1nyelveket \u00e9s elv\u00e1r\u00e1sokat hat\u00e1rozzanak meg alkalmazottaik sz\u00e1m\u00e1ra. N\u00e9h\u00e1ny p\u00e9lda a HR-ir\u00e1nyelvekre: <\/p>\n<div class=\"newlinediv\"><\/div>\n<p> 1. Egyenl\u0151 foglalkoztat\u00e1si es\u00e9lyegyenl\u0151s\u00e9gi politika &#8211; Ez a politika biztos\u00edtja, hogy minden munkav\u00e1llal\u00f3t \u00e9s \u00e1ll\u00e1skeres\u0151t faji, vall\u00e1si, nemi, \u00e9letkori, szexu\u00e1lis ir\u00e1nyults\u00e1gon vagy fogyat\u00e9koss\u00e1gon alapul\u00f3 megk\u00fcl\u00f6nb\u00f6ztet\u00e9s n\u00e9lk\u00fcl, tisztess\u00e9gesen kezeljenek. <\/p>\n<div class=\"newlinediv\"><\/div>\n<p> 2. Magatart\u00e1si szab\u00e1lyzat &#8211; Ez a szab\u00e1lyzat meghat\u00e1rozza azokat az elv\u00e1rt viselked\u00e9si form\u00e1kat \u00e9s etikai norm\u00e1kat, amelyeket az alkalmazottaknak be kell tartaniuk, mik\u00f6zben a szervezetn\u00e9l dolgoznak. <\/p>\n<div class=\"newlinediv\"><\/div>\n<p> 3. Jelenl\u00e9ti \u00e9s pontoss\u00e1gi szab\u00e1lyzat &#8211; Ez a szab\u00e1lyzat meghat\u00e1rozza a jelenl\u00e9ttel \u00e9s pontoss\u00e1ggal kapcsolatos szab\u00e1lyokat \u00e9s elv\u00e1r\u00e1sokat, bele\u00e9rtve a k\u00e9s\u00e9sek \u00e9s hi\u00e1nyz\u00e1sok k\u00f6vetkezm\u00e9nyeit. <\/p>\n<div class=\"newlinediv\"><\/div>\n<p> 4. Szabads\u00e1gpolitika &#8211; Ez a szab\u00e1lyzat meghat\u00e1rozza a munkav\u00e1llal\u00f3k rendelkez\u00e9s\u00e9re \u00e1ll\u00f3 szabads\u00e1gok t\u00edpusait, bele\u00e9rtve a betegszabads\u00e1got, az \u00e9ves szabads\u00e1got \u00e9s a sz\u00fcl\u0151i szabads\u00e1got. <\/p>\n<div class=\"newlinediv\"><\/div>\n<p> 5. Teljes\u00edtm\u00e9nyir\u00e1ny\u00edt\u00e1si szab\u00e1lyzat &#8211; Ez a szab\u00e1lyzat meghat\u00e1rozza az alkalmazottak teljes\u00edtm\u00e9ny\u00e9nek \u00e9rt\u00e9kel\u00e9s\u00e9re, a visszajelz\u00e9sre \u00e9s a c\u00e9lok kit\u0171z\u00e9s\u00e9re vonatkoz\u00f3 elj\u00e1r\u00e1st. <\/p>\n<div class=\"newlinediv\"><\/div>\n<p> 6. Munkahelyi eg\u00e9szs\u00e9gv\u00e9delmi \u00e9s biztons\u00e1gi politika &#8211; Ez a politika ismerteti azokat az int\u00e9zked\u00e9seket, amelyeket a szervezet a munkav\u00e1llal\u00f3k biztons\u00e1g\u00e1nak \u00e9s j\u00f3l\u00e9t\u00e9nek biztos\u00edt\u00e1sa \u00e9rdek\u00e9ben tesz a munkav\u00e9gz\u00e9s sor\u00e1n. <\/p>\n<div class=\"newlinediv\"><\/div>\n<p> 7. K\u00f6z\u00f6ss\u00e9gi m\u00e9diapolitika &#8211; Ez a politika meghat\u00e1rozza a k\u00f6z\u00f6ss\u00e9gi m\u00e9dia alkalmazottak \u00e1ltali haszn\u00e1lat\u00e1ra vonatkoz\u00f3 szab\u00e1lyokat \u00e9s elv\u00e1r\u00e1sokat, k\u00fcl\u00f6n\u00f6sen a szervezet k\u00e9pviselete sor\u00e1n. <\/p>\n<div class=\"newlinediv\"><\/div>\n<p> 8. \u00d6lt\u00f6zk\u00f6d\u00e9si szab\u00e1lyzat &#8211; Ez a szab\u00e1lyzat meghat\u00e1rozza az alkalmazottakra vonatkoz\u00f3 \u00f6lt\u00f6zk\u00f6d\u00e9si k\u00f6vetelm\u00e9nyeket, bele\u00e9rtve a szakmai \u00f6lt\u00f6z\u00e9ket \u00e9s a munkahelyi biztons\u00e1gi felszerel\u00e9st. <\/p>\n<div class=\"newlinediv\"><\/div>\n<p> Ez csak n\u00e9h\u00e1ny p\u00e9lda a HR-szab\u00e1lyzatokra, amelyeket a szervezetek bevezethetnek a produkt\u00edv, biztons\u00e1gos \u00e9s tisztess\u00e9ges munkak\u00f6rnyezet megteremt\u00e9se \u00e9rdek\u00e9ben. <\/p>\n<\/div>\n<div class=\"question\">\n<div class=\"qtitle\"> Melyik a jelenlegi munk\u00e1ltat\u00f3ja 3 legfontosabb szab\u00e1lyzata?<\/div>\n<p> Eln\u00e9z\u00e9st k\u00e9rek, AI nyelvi modellk\u00e9nt nem rendelkezem inform\u00e1ci\u00f3val a jelenlegi munk\u00e1ltat\u00f3j\u00e1r\u00f3l. Azonban adhatok egy \u00e1ltal\u00e1nos k\u00e9pet arr\u00f3l a 3 legfontosabb ir\u00e1nyelvr\u0151l, amelyet a legt\u00f6bb munk\u00e1ltat\u00f3 \u00e1ltal\u00e1ban a hum\u00e1ner\u0151forr\u00e1s-oszt\u00e1ly\u00e1n alkalmaz: <\/p>\n<div class=\"newlinediv\"><\/div>\n<p> 1. Magatart\u00e1si \u00e9s etikai k\u00f3dex: Ez a szab\u00e1lyzat ismerteti a v\u00e1llalat elv\u00e1r\u00e1sait az alkalmazottak viselked\u00e9s\u00e9vel kapcsolatban, bele\u00e9rtve a zaklat\u00e1ssal, a diszkrimin\u00e1ci\u00f3val, a titoktart\u00e1ssal \u00e9s az \u00f6sszef\u00e9rhetetlens\u00e9ggel kapcsolatos szab\u00e1lyokat. Ez a szab\u00e1lyzat seg\u00edt biztos\u00edtani, hogy az alkalmazottak meg\u00e9rts\u00e9k a v\u00e1llalat \u00e9rt\u00e9keit \u00e9s viselked\u00e9si elv\u00e1r\u00e1sait. <\/p>\n<div class=\"newlinediv\"><\/div>\n<p> 2. Szabads\u00e1g \u00e9s szabads\u00e1gol\u00e1si szab\u00e1lyzat: Ez a szab\u00e1lyzat ismerteti a v\u00e1llalat szabads\u00e1gra, betegszabads\u00e1gra \u00e9s egy\u00e9b szabadnapokra vonatkoz\u00f3 szab\u00e1lyait. \u00c1ltal\u00e1ban olyan t\u00e9m\u00e1kkal foglalkozik, mint p\u00e9ld\u00e1ul, hogy mennyi szabads\u00e1gra jogosultak a munkav\u00e1llal\u00f3k, hogyan lehet szabads\u00e1got k\u00e9rni, \u00e9s hogyan kezeli a v\u00e1llalat a fizetett szabads\u00e1got. <\/p>\n<div class=\"newlinediv\"><\/div>\n<p> 3. Teljes\u00edtm\u00e9nykezel\u00e9si szab\u00e1lyzat: Ez a szab\u00e1lyzat ismerteti a v\u00e1llalatnak az alkalmazottak teljes\u00edtm\u00e9ny\u00e9nek \u00e9rt\u00e9kel\u00e9s\u00e9re vonatkoz\u00f3 megk\u00f6zel\u00edt\u00e9s\u00e9t, bele\u00e9rtve azt, hogy milyen gyakran vizsg\u00e1lj\u00e1k az alkalmazottakat, hogyan m\u00e9rik a teljes\u00edtm\u00e9nyt, \u00e9s hogyan kezelik a teljes\u00edtm\u00e9nyprobl\u00e9m\u00e1kat. Ez a szab\u00e1lyzat seg\u00edt annak biztos\u00edt\u00e1s\u00e1ban, hogy az alkalmazottak meg\u00e9rts\u00e9k, mit v\u00e1rnak el t\u0151l\u00fck, \u00e9s hogyan \u00e9rt\u00e9kelik teljes\u00edtm\u00e9ny\u00fcket.<\/p>\n<\/div>\n<\/div>\n","protected":false},"excerpt":{"rendered":"<p>A mai gyors \u00fctem\u0171 \u00fczleti vil\u00e1gban elengedhetetlen, hogy a v\u00e1llalatok egy\u00e9rtelm\u0171 ir\u00e1nymutat\u00e1sokat \u00e9s ir\u00e1nyelveket dolgozzanak ki alkalmazottaik sz\u00e1m\u00e1ra. Ezek az ir\u00e1nyelvek nemcsak azt seg\u00edtik biztos\u00edtani, hogy mindenki ugyanazok\u00e9rt a c\u00e9lok\u00e9rt dolgozzon, hanem keretet biztos\u00edtanak a konfliktusok megold\u00e1s\u00e1hoz \u00e9s a felmer\u00fcl\u0151 probl\u00e9m\u00e1k kezel\u00e9s\u00e9hez is. B\u00e1r sz\u00e1mos k\u00fcl\u00f6nb\u00f6z\u0151 t\u00edpus\u00fa munkav\u00e1llal\u00f3i szab\u00e1lyzatot lehet l\u00e9trehozni, a leggyakoribbak k\u00f6z\u00e9 tartoznak &#8230; <a title=\"Az egy\u00e9rtelm\u0171 munkav\u00e1llal\u00f3i ir\u00e1nyelvek kialak\u00edt\u00e1s\u00e1nak fontoss\u00e1ga\" class=\"read-more\" href=\"https:\/\/megnyitasa.com\/tudas\/az-egyertelmu-munkavallaloi-iranyelvek-kialakitasanak-fontossaga\/\" aria-label=\"Read more about Az egy\u00e9rtelm\u0171 munkav\u00e1llal\u00f3i ir\u00e1nyelvek kialak\u00edt\u00e1s\u00e1nak fontoss\u00e1ga\">Read more<\/a><\/p>\n","protected":false},"author":2203,"featured_media":0,"comment_status":"closed","ping_status":"closed","sticky":false,"template":"","format":"standard","meta":{"footnotes":""},"categories":[14],"tags":[],"class_list":["post-6998","post","type-post","status-publish","format-standard","hentry","category-human-eroforras"],"_links":{"self":[{"href":"https:\/\/megnyitasa.com\/tudas\/wp-json\/wp\/v2\/posts\/6998","targetHints":{"allow":["GET"]}}],"collection":[{"href":"https:\/\/megnyitasa.com\/tudas\/wp-json\/wp\/v2\/posts"}],"about":[{"href":"https:\/\/megnyitasa.com\/tudas\/wp-json\/wp\/v2\/types\/post"}],"author":[{"embeddable":true,"href":"https:\/\/megnyitasa.com\/tudas\/wp-json\/wp\/v2\/users\/2203"}],"replies":[{"embeddable":true,"href":"https:\/\/megnyitasa.com\/tudas\/wp-json\/wp\/v2\/comments?post=6998"}],"version-history":[{"count":0,"href":"https:\/\/megnyitasa.com\/tudas\/wp-json\/wp\/v2\/posts\/6998\/revisions"}],"wp:attachment":[{"href":"https:\/\/megnyitasa.com\/tudas\/wp-json\/wp\/v2\/media?parent=6998"}],"wp:term":[{"taxonomy":"category","embeddable":true,"href":"https:\/\/megnyitasa.com\/tudas\/wp-json\/wp\/v2\/categories?post=6998"},{"taxonomy":"post_tag","embeddable":true,"href":"https:\/\/megnyitasa.com\/tudas\/wp-json\/wp\/v2\/tags?post=6998"}],"curies":[{"name":"wp","href":"https:\/\/api.w.org\/{rel}","templated":true}]}}