{"id":7306,"date":"2023-04-24T00:00:00","date_gmt":"2023-04-24T00:00:00","guid":{"rendered":"https:\/\/megnyitasa.com\/tudas\/a-munkavallaloi-ebeddel-kapcsolatos-szovetsegi-torvenyek\/"},"modified":"2023-04-24T00:00:00","modified_gmt":"2023-04-24T00:00:00","slug":"a-munkavallaloi-ebeddel-kapcsolatos-szovetsegi-torvenyek","status":"publish","type":"post","link":"https:\/\/megnyitasa.com\/tudas\/a-munkavallaloi-ebeddel-kapcsolatos-szovetsegi-torvenyek\/","title":{"rendered":"A munkav\u00e1llal\u00f3i eb\u00e9ddel kapcsolatos sz\u00f6vets\u00e9gi t\u00f6rv\u00e9nyek"},"content":{"rendered":"<div class=\"articlecontent\">\n<div class=\"newlinediv\"><\/div>\n<p> Munkav\u00e1llal\u00f3k\u00e9nt fontos, hogy tiszt\u00e1ban legyen az eb\u00e9dsz\u00fcnetekkel kapcsolatos sz\u00f6vets\u00e9gi t\u00f6rv\u00e9nyekkel. A Fair Labor Standards Act (FLSA) egy sz\u00f6vets\u00e9gi t\u00f6rv\u00e9ny, amely meghat\u00e1rozza a minim\u00e1lb\u00e9rre, a t\u00fal\u00f3rap\u00e9nzre, a gyermekmunk\u00e1ra \u00e9s egy\u00e9b foglalkoztat\u00e1si norm\u00e1kra vonatkoz\u00f3 el\u0151\u00edr\u00e1sokat. Az FLSA szerint a nem mentes\u00edtett, illetve a t\u00fal\u00f3rap\u00e9nzre jogosult munkav\u00e1llal\u00f3knak 30 perc eb\u00e9dsz\u00fcnetet kell biztos\u00edtani, ha naponta t\u00f6bb mint hat \u00f3r\u00e1t dolgoznak. <\/p>\n<div class=\"newlinediv\"><\/div>\n<p> Az FLSA nem k\u00f6telezi a munk\u00e1ltat\u00f3kat arra, hogy az eb\u00e9dsz\u00fcnet idej\u00e9re fizet\u00e9st fizessenek a munkav\u00e1llal\u00f3knak. Ha azonban a munkav\u00e1llal\u00f3nak az eb\u00e9dsz\u00fcnet alatt dolgoznia kell, akkor ez\u00e9rt az id\u0151\u00e9rt fizet\u00e9st kell kapnia. Ez mag\u00e1ban foglal minden olyan munk\u00e1val kapcsolatos tev\u00e9kenys\u00e9get, amelyre az eb\u00e9dsz\u00fcnet alatt ker\u00fcl sor, mint p\u00e9ld\u00e1ul a telefonh\u00edv\u00e1sok fogad\u00e1sa vagy az e-mailek megv\u00e1laszol\u00e1sa. <\/p>\n<div class=\"title\"> A munkav\u00e1llal\u00f3i eb\u00e9ddel kapcsolatos \u00e1llami t\u00f6rv\u00e9nyek <\/div>\n<p> A sz\u00f6vets\u00e9gi t\u00f6rv\u00e9nyek mellett sz\u00e1mos \u00e1llamnak saj\u00e1t t\u00f6rv\u00e9nyei vannak a munkav\u00e1llal\u00f3i eb\u00e9ddel kapcsolatban. Egyes \u00e1llamok megk\u00f6vetelhetik a munk\u00e1ltat\u00f3kt\u00f3l, hogy hosszabb eb\u00e9dsz\u00fcnetet biztos\u00edtsanak, vagy hogy az eb\u00e9dsz\u00fcnet\u00e9rt fizessenek a munkav\u00e1llal\u00f3knak. Fontos, hogy a munkav\u00e1llal\u00f3k ut\u00e1nan\u00e9zzenek az \u00e1llamukban \u00e9rv\u00e9nyes t\u00f6rv\u00e9nyeknek, hogy megbizonyosodjanak arr\u00f3l, hogy a munk\u00e1ltat\u00f3juk betartja-e az \u00f6sszes el\u0151\u00edr\u00e1st. <\/p>\n<div class=\"title\"> A munk\u00e1ltat\u00f3 felel\u0151ss\u00e9ge <\/div>\n<p> A munk\u00e1ltat\u00f3knak k\u00f6teless\u00e9g\u00fck biztos\u00edtani, hogy munkav\u00e1llal\u00f3ik megfelel\u0151 id\u0151t kapjanak az eb\u00e9dsz\u00fcnetre. Ha a munk\u00e1ltat\u00f3 nem biztos\u00edt eb\u00e9dsz\u00fcnetet, vagy arra k\u00f6telezi a munkav\u00e1llal\u00f3t, hogy az eb\u00e9dsz\u00fcnet alatt kompenz\u00e1ci\u00f3 n\u00e9lk\u00fcl dolgozzon, megs\u00e9rtheti a sz\u00f6vets\u00e9gi vagy \u00e1llami t\u00f6rv\u00e9nyeket. Azoknak a munkav\u00e1llal\u00f3knak, akik \u00fagy v\u00e9lik, hogy munk\u00e1ltat\u00f3juk nem tartja be a t\u00f6rv\u00e9nyt, seg\u00edts\u00e9g\u00e9rt forduljanak a Munka\u00fcgyi Miniszt\u00e9riumhoz vagy egy munka\u00fcgyi \u00fcgyv\u00e9dhez. <\/p>\n<div class=\"title\"> K\u00f6vetkeztet\u00e9s <\/div>\n<p> A munkav\u00e1llal\u00f3i eb\u00e9ddel kapcsolatos t\u00f6rv\u00e9nyek meg\u00e9rt\u00e9se fontos mind a munk\u00e1ltat\u00f3k, mind a munkav\u00e1llal\u00f3k sz\u00e1m\u00e1ra. A munk\u00e1ltat\u00f3knak meg kell gy\u0151z\u0151dni\u00fck arr\u00f3l, hogy megfelelnek-e a sz\u00f6vets\u00e9gi \u00e9s \u00e1llami el\u0151\u00edr\u00e1soknak, m\u00edg a munkav\u00e1llal\u00f3knak tiszt\u00e1ban kell lenni\u00fck jogaikkal, \u00e9s fel kell sz\u00f3lalniuk, ha \u00fagy v\u00e9lik, hogy munk\u00e1ltat\u00f3juk nem tartja be a t\u00f6rv\u00e9nyt. Ha egy\u00fctt dolgozunk annak \u00e9rdek\u00e9ben, hogy minden munkav\u00e1llal\u00f3 megfelel\u0151 id\u0151t kapjon az eb\u00e9dsz\u00fcnetre, akkor mindenki sz\u00e1m\u00e1ra igazs\u00e1gos \u00e9s m\u00e9lt\u00e1nyos munkahelyet teremthet\u00fcnk.<\/p><\/div>\n<div class=\"questions\">\n<div class=\"questionstitle\">FAQ<\/div>\n<div class=\"question\">\n<div class=\"qtitle\"> T\u00f6rv\u00e9ny \u00edrja el\u0151 a 30 perces eb\u00e9did\u0151t Texasban?<\/div>\n<p> A texasi \u00e1llami t\u00f6rv\u00e9nyek szerint a munk\u00e1ltat\u00f3k sz\u00e1m\u00e1ra nincs k\u00fcl\u00f6n k\u00f6vetelm\u00e9ny, hogy 30 perces eb\u00e9dsz\u00fcnetet biztos\u00edtsanak a munkav\u00e1llal\u00f3knak. Ha azonban a munk\u00e1ltat\u00f3 \u00fagy d\u00f6nt, hogy eb\u00e9dsz\u00fcnetet biztos\u00edt, annak legal\u00e1bb 30 percesnek kell lennie, \u00e9s a munkav\u00e1llal\u00f3t ez id\u0151 alatt teljesen fel kell menteni a munkav\u00e9gz\u00e9s al\u00f3l. <\/p>\n<div class=\"newlinediv\"><\/div>\n<p> Texas \u00e1llam t\u00f6rv\u00e9nyei azt is el\u0151\u00edrj\u00e1k, hogy az \u00f6t egym\u00e1st k\u00f6vet\u0151 \u00f3r\u00e1n\u00e1l t\u00f6bbet dolgoz\u00f3 munkav\u00e1llal\u00f3knak 20 perces sz\u00fcnetet kell biztos\u00edtani. Ez a sz\u00fcnet lehet fizetett vagy nem fizetett sz\u00fcnet, de a munkav\u00e1llal\u00f3t ez id\u0151 alatt teljesen fel kell menteni a munkav\u00e9gz\u00e9s al\u00f3l. <\/p>\n<div class=\"newlinediv\"><\/div>\n<p> Fontos azonban megjegyezni, hogy ha a munk\u00e1ltat\u00f3nak van eb\u00e9dsz\u00fcnet biztos\u00edt\u00e1s\u00e1ra vonatkoz\u00f3 szab\u00e1lyzata, akkor azt k\u00f6vetkezetesen \u00e9s m\u00e9lt\u00e1nyosan kell alkalmaznia minden munkav\u00e1llal\u00f3ra. Ezenk\u00edv\u00fcl egyes kollekt\u00edv szerz\u0151d\u00e9sek, munkaszerz\u0151d\u00e9sek vagy v\u00e1llalati ir\u00e1nyelvek el\u0151\u00edrhatj\u00e1k a munk\u00e1ltat\u00f3k sz\u00e1m\u00e1ra, hogy 30 perces eb\u00e9dsz\u00fcnetet biztos\u00edtsanak a munkav\u00e1llal\u00f3k sz\u00e1m\u00e1ra. <\/p>\n<div class=\"newlinediv\"><\/div>\n<p> \u00d6sszefoglalva, b\u00e1r a 30 perces eb\u00e9dsz\u00fcnetet Texasban nem \u00edrja el\u0151 a t\u00f6rv\u00e9ny, a munk\u00e1ltat\u00f3knak 20 perces sz\u00fcnetet kell biztos\u00edtaniuk az \u00f6t egym\u00e1st k\u00f6vet\u0151 \u00f3r\u00e1n\u00e1l t\u00f6bbet dolgoz\u00f3 munkav\u00e1llal\u00f3k sz\u00e1m\u00e1ra, \u00e9s ha eb\u00e9dsz\u00fcnetet biztos\u00edtanak, annak legal\u00e1bb 30 percesnek kell lennie, \u00e9s a munkav\u00e1llal\u00f3t ez id\u0151 alatt teljesen fel kell menteni a munkav\u00e9gz\u00e9s al\u00f3l. <\/p>\n<\/div>\n<div class=\"question\">\n<div class=\"qtitle\"> Az OSHA el\u0151\u00edrja a 15 perces sz\u00fcneteket?<\/div>\n<p> Az OSHA (Occupational Safety and Health Administration) nem \u00edr el\u0151 konkr\u00e9t id\u0151mennyis\u00e9get a sz\u00fcnetekre, bele\u00e9rtve a 15 perces sz\u00fcneteket is. Az OSHA azonban megk\u00f6veteli, hogy a munk\u00e1ltat\u00f3k \u00e9sszer\u0171 sz\u00fcnetet biztos\u00edtsanak a munkav\u00e1llal\u00f3k sz\u00e1m\u00e1ra a mosd\u00f3haszn\u00e1latra, valamint sz\u00fcks\u00e9g szerint ev\u00e9sre \u00e9s v\u00edziv\u00e1sra. Ezenk\u00edv\u00fcl a munk\u00e1ltat\u00f3knak biztons\u00e1gos \u00e9s eg\u00e9szs\u00e9ges munkak\u00f6rnyezetet kell biztos\u00edtaniuk a munkav\u00e1llal\u00f3ik sz\u00e1m\u00e1ra, ami mag\u00e1ban foglalja annak biztos\u00edt\u00e1s\u00e1t, hogy a munkav\u00e1llal\u00f3k ne f\u00e1radjanak el vagy ne legyenek t\u00falzottan stresszesek a hossz\u00fa, sz\u00fcnetek n\u00e9lk\u00fcli munkav\u00e9gz\u00e9s miatt. Ez\u00e9rt, b\u00e1r az OSHA nem \u00edr el\u0151 konkr\u00e9t sz\u00fcnetid\u0151ket, fontos, hogy a munk\u00e1ltat\u00f3k \u00e9sszer\u0171 \u00e9s sz\u00fcks\u00e9ges sz\u00fcneteket biztos\u00edtsanak a munkav\u00e1llal\u00f3k biztons\u00e1g\u00e1nak \u00e9s j\u00f3l\u00e9t\u00e9nek biztos\u00edt\u00e1sa \u00e9rdek\u00e9ben. <\/p>\n<\/div>\n<div class=\"question\">\n<div class=\"qtitle\"> Milyen jogszab\u00e1lyok vonatkoznak az eb\u00e9dsz\u00fcnetekre Illinois \u00e1llamban?<\/div>\n<p> Illinois \u00e1llamban a munk\u00e1ltat\u00f3kat t\u00f6rv\u00e9ny k\u00f6telezi arra, hogy \u00e9tkez\u00e9si sz\u00fcnetet biztos\u00edtsanak azon munkav\u00e1llal\u00f3k sz\u00e1m\u00e1ra, akik 7,5 \u00f3r\u00e1s vagy ann\u00e1l hosszabb m\u0171szakban dolgoznak. Az \u00e9tkez\u00e9si sz\u00fcnetnek legal\u00e1bb 20 percesnek kell lennie, \u00e9s legk\u00e9s\u0151bb a m\u0171szak 5 \u00f3r\u00e1j\u00e1n bel\u00fcl meg kell adni. Ha a munkav\u00e1llal\u00f3 m\u0171szakja 7,5 \u00f3r\u00e1n\u00e1l r\u00f6videbb, nem jogosult \u00e9tkez\u00e9si sz\u00fcnetre. <\/p>\n<div class=\"newlinediv\"><\/div>\n<p> Az illinois-i t\u00f6rv\u00e9nyek azt is el\u0151\u00edrj\u00e1k, hogy az \u00e9tkez\u00e9si sz\u00fcnet alatt a munkav\u00e1llal\u00f3t teljes m\u00e9rt\u00e9kben fel kell menteni a munkak\u00f6ri feladatai al\u00f3l. Ez azt jelenti, hogy a munkav\u00e1llal\u00f3nak az \u00e9tkez\u00e9si sz\u00fcnet alatt nem kell v\u00e1laszolnia a munk\u00e1val kapcsolatos telefonh\u00edv\u00e1sokra, e-mailekre vagy sms-ekre. Ha a munkav\u00e1llal\u00f3 nem mentes\u00fcl teljesen a munkak\u00f6ri k\u00f6telezetts\u00e9gei al\u00f3l, az \u00e9tkez\u00e9si sz\u00fcnet munkaid\u0151nek min\u0151s\u00fclhet, \u00e9s a munkav\u00e1llal\u00f3t ez\u00e9rt az id\u0151\u00e9rt kompenz\u00e1lni kell. <\/p>\n<div class=\"newlinediv\"><\/div>\n<p> Fontos, hogy a munk\u00e1ltat\u00f3k betarts\u00e1k az illinois-i \u00e9tkez\u00e9si sz\u00fcnetre vonatkoz\u00f3 t\u00f6rv\u00e9nyeket, hogy elker\u00fclj\u00e9k a lehets\u00e9ges jogi probl\u00e9m\u00e1kat \u00e9s b\u00fcntet\u00e9seket. Azok a munk\u00e1ltat\u00f3k, akik megs\u00e9rtik ezeket a t\u00f6rv\u00e9nyeket, b\u00edrs\u00e1gokkal, jogi l\u00e9p\u00e9sekkel \u00e9s egy\u00e9b k\u00f6vetkezm\u00e9nyekkel sz\u00e1molhatnak. <\/p>\n<\/div>\n<div class=\"question\">\n<div class=\"qtitle\"> Az eb\u00e9did\u0151 belesz\u00e1m\u00edt a munkaid\u0151be?<\/div>\n<p> A v\u00e1lasz erre a k\u00e9rd\u00e9sre az adott v\u00e1llalat vagy szervezet saj\u00e1tos politik\u00e1j\u00e1t\u00f3l \u00e9s szab\u00e1lyoz\u00e1s\u00e1t\u00f3l f\u00fcgg. \u00c1ltal\u00e1noss\u00e1gban azonban az eb\u00e9did\u0151 \u00e1ltal\u00e1ban nem sz\u00e1m\u00edt bele a munkaid\u0151be. Ez azt jelenti, hogy a munkav\u00e1llal\u00f3k az eb\u00e9dsz\u00fcnet\u00e9rt jellemz\u0151en nem kapnak fizet\u00e9st, \u00e9s az eb\u00e9did\u0151 nem sz\u00e1m\u00edt bele az aznapi teljes munkaid\u0151be. <\/p>\n<div class=\"newlinediv\"><\/div>\n<p> Ha azonban a munkav\u00e1llal\u00f3nak az eb\u00e9dsz\u00fcnetben is dolgoznia kell, vagy ha arra k\u00e9rik, hogy a sz\u00fcnetben v\u00e9gezzen munk\u00e1val kapcsolatos feladatokat, akkor ezt az id\u0151t a munkaid\u0151 r\u00e9sz\u00e9nek kell tekinteni, \u00e9s ennek megfelel\u0151en kell kompenz\u00e1lni. <\/p>\n<div class=\"newlinediv\"><\/div>\n<p> Fontos, hogy a munk\u00e1ltat\u00f3k vil\u00e1gosan k\u00f6z\u00f6lj\u00e9k az eb\u00e9dsz\u00fcnetre \u00e9s a munkaid\u0151re vonatkoz\u00f3 politik\u00e1jukat a munkav\u00e1llal\u00f3ikkal, hogy elker\u00fclj\u00e9k a f\u00e9lre\u00e9rt\u00e9seket vagy vit\u00e1kat. Ezenk\u00edv\u00fcl a munk\u00e1ltat\u00f3knak biztos\u00edtaniuk kell, hogy az eb\u00e9dsz\u00fcnetekkel \u00e9s a munkaid\u0151vel kapcsolatos valamennyi vonatkoz\u00f3 munka\u00fcgyi t\u00f6rv\u00e9nyt \u00e9s rendeletet betartj\u00e1k, hogy elker\u00fclj\u00e9k az esetleges jogi probl\u00e9m\u00e1kat.<\/p>\n<\/div>\n<\/div>\n","protected":false},"excerpt":{"rendered":"<p>Munkav\u00e1llal\u00f3k\u00e9nt fontos, hogy tiszt\u00e1ban legyen az eb\u00e9dsz\u00fcnetekkel kapcsolatos sz\u00f6vets\u00e9gi t\u00f6rv\u00e9nyekkel. A Fair Labor Standards Act (FLSA) egy sz\u00f6vets\u00e9gi t\u00f6rv\u00e9ny, amely meghat\u00e1rozza a minim\u00e1lb\u00e9rre, a t\u00fal\u00f3rap\u00e9nzre, a gyermekmunk\u00e1ra \u00e9s egy\u00e9b foglalkoztat\u00e1si norm\u00e1kra vonatkoz\u00f3 el\u0151\u00edr\u00e1sokat. Az FLSA szerint a nem mentes\u00edtett, illetve a t\u00fal\u00f3rap\u00e9nzre jogosult munkav\u00e1llal\u00f3knak 30 perc eb\u00e9dsz\u00fcnetet kell biztos\u00edtani, ha naponta t\u00f6bb mint hat \u00f3r\u00e1t &#8230; <a title=\"A munkav\u00e1llal\u00f3i eb\u00e9ddel kapcsolatos sz\u00f6vets\u00e9gi t\u00f6rv\u00e9nyek\" class=\"read-more\" href=\"https:\/\/megnyitasa.com\/tudas\/a-munkavallaloi-ebeddel-kapcsolatos-szovetsegi-torvenyek\/\" aria-label=\"Read more about A munkav\u00e1llal\u00f3i eb\u00e9ddel kapcsolatos sz\u00f6vets\u00e9gi t\u00f6rv\u00e9nyek\">Read more<\/a><\/p>\n","protected":false},"author":1932,"featured_media":0,"comment_status":"closed","ping_status":"closed","sticky":false,"template":"","format":"standard","meta":{"footnotes":""},"categories":[14],"tags":[],"class_list":["post-7306","post","type-post","status-publish","format-standard","hentry","category-human-eroforras"],"_links":{"self":[{"href":"https:\/\/megnyitasa.com\/tudas\/wp-json\/wp\/v2\/posts\/7306","targetHints":{"allow":["GET"]}}],"collection":[{"href":"https:\/\/megnyitasa.com\/tudas\/wp-json\/wp\/v2\/posts"}],"about":[{"href":"https:\/\/megnyitasa.com\/tudas\/wp-json\/wp\/v2\/types\/post"}],"author":[{"embeddable":true,"href":"https:\/\/megnyitasa.com\/tudas\/wp-json\/wp\/v2\/users\/1932"}],"replies":[{"embeddable":true,"href":"https:\/\/megnyitasa.com\/tudas\/wp-json\/wp\/v2\/comments?post=7306"}],"version-history":[{"count":0,"href":"https:\/\/megnyitasa.com\/tudas\/wp-json\/wp\/v2\/posts\/7306\/revisions"}],"wp:attachment":[{"href":"https:\/\/megnyitasa.com\/tudas\/wp-json\/wp\/v2\/media?parent=7306"}],"wp:term":[{"taxonomy":"category","embeddable":true,"href":"https:\/\/megnyitasa.com\/tudas\/wp-json\/wp\/v2\/categories?post=7306"},{"taxonomy":"post_tag","embeddable":true,"href":"https:\/\/megnyitasa.com\/tudas\/wp-json\/wp\/v2\/tags?post=7306"}],"curies":[{"name":"wp","href":"https:\/\/api.w.org\/{rel}","templated":true}]}}