{"id":7450,"date":"2023-11-07T20:20:22","date_gmt":"2023-11-07T20:20:22","guid":{"rendered":"https:\/\/megnyitasa.com\/tudas\/?p=7450"},"modified":"2023-11-07T20:20:22","modified_gmt":"2023-11-07T20:20:22","slug":"a-tobb-kepernyo-lehetosegeinek-felfedezese-egy-laptopon","status":"publish","type":"post","link":"https:\/\/megnyitasa.com\/tudas\/a-tobb-kepernyo-lehetosegeinek-felfedezese-egy-laptopon\/","title":{"rendered":"A t\u00f6bb k\u00e9perny\u0151 lehet\u0151s\u00e9geinek felfedez\u00e9se egy laptopon"},"content":{"rendered":"<div class=\"articlecontent\">\n<div class=\"newlinediv\"><\/div>\n<p> A modern sz\u00e1m\u00edt\u00e1stechnika kor\u00e1ban a t\u00f6bbfeladatos munkav\u00e9gz\u00e9s sok felhaszn\u00e1l\u00f3 sz\u00e1m\u00e1ra sz\u00fcks\u00e9gszer\u0171v\u00e9 v\u00e1lt. Legyen sz\u00f3 munk\u00e1r\u00f3l vagy szabadid\u0151s tev\u00e9kenys\u00e9gr\u0151l, a t\u00f6bb program \u00e9s ablak zsongl\u0151rk\u00f6d\u00e9se egyetlen k\u00e9perny\u0151n t\u00falterhel\u0151 lehet. Itt j\u00f6n a k\u00e9pbe a k\u00e9tmonitoros be\u00e1ll\u00edt\u00e1sok koncepci\u00f3ja. De k\u00e9pes-e egy laptop t\u00f6bb k\u00e9perny\u0151t kezelni? A v\u00e1lasz igen, \u00e9s ebben a cikkben a laptopok k\u00e9tmonitoros be\u00e1ll\u00edt\u00e1sainak lehet\u0151s\u00e9geit vizsg\u00e1ljuk meg. <\/p>\n<div class=\"newlinediv\"><\/div>\n<p> El\u0151sz\u00f6r is fontos ellen\u0151rizni, hogy a laptop rendelkezik-e a t\u00f6bb k\u00e9perny\u0151 t\u00e1mogat\u00e1s\u00e1hoz sz\u00fcks\u00e9ges hardverrel. A legt\u00f6bb modern laptop HDMI vagy DisplayPort kimenettel rendelkezik, amely k\u00fcls\u0151 monitor csatlakoztat\u00e1s\u00e1ra haszn\u00e1lhat\u00f3. Egyes laptopokhoz azonban adapterre vagy dokkol\u00f3\u00e1llom\u00e1sra lehet sz\u00fcks\u00e9g ehhez. <\/p>\n<div class=\"newlinediv\"><\/div>\n<p> Miut\u00e1n meg\u00e1llap\u00edtotta, hogy laptopja t\u00e1mogatja a k\u00e9t monitor haszn\u00e1lat\u00e1t, a k\u00f6vetkez\u0151 l\u00e9p\u00e9s a k\u00edv\u00e1nt be\u00e1ll\u00edt\u00e1s t\u00edpus\u00e1nak eld\u00f6nt\u00e9se. K\u00e9t f\u0151 konfigur\u00e1ci\u00f3 l\u00e9tezik &#8211; kiterjesztett asztali vagy t\u00fckr\u00f6z\u00f6tt kijelz\u0151. Kiterjesztett asztali be\u00e1ll\u00edt\u00e1s eset\u00e9n a k\u00e9t k\u00e9perny\u0151 k\u00fcl\u00f6n\u00e1ll\u00f3 kijelz\u0151k\u00e9nt m\u0171k\u00f6dik, \u00e9s lehet\u0151v\u00e9 teszi az ablakok \u00e9s programok \u00e1th\u00faz\u00e1s\u00e1t k\u00f6z\u00f6tt\u00fck. Ez hasznos a t\u00f6bbfeladatos munkav\u00e9gz\u00e9shez \u00e9s a termel\u00e9kenys\u00e9g n\u00f6vel\u00e9s\u00e9hez. M\u00e1sr\u00e9szt a t\u00fckr\u00f6z\u00f6tt kijelz\u0151 ugyanazt a tartalmat jelen\u00edti meg mindk\u00e9t k\u00e9perny\u0151n, ami ide\u00e1lis prezent\u00e1ci\u00f3khoz vagy filmn\u00e9z\u00e9shez. <\/p>\n<div class=\"newlinediv\"><\/div>\n<p> A k\u00e9tmonitoros konfigur\u00e1ci\u00f3 be\u00e1ll\u00edt\u00e1s\u00e1hoz csatlakoztatnia kell a k\u00fcls\u0151 monitort a laptopj\u00e1hoz, \u00e9s konfigur\u00e1lnia kell a kijelz\u0151 be\u00e1ll\u00edt\u00e1sait. Ezt megteheti az oper\u00e1ci\u00f3s rendszer kijelz\u0151be\u00e1ll\u00edt\u00e1sain kereszt\u00fcl vagy harmadik f\u00e9lt\u0151l sz\u00e1rmaz\u00f3 szoftverrel. Ha a be\u00e1ll\u00edt\u00e1s befejez\u0151d\u00f6tt, a kijelz\u0151 be\u00e1ll\u00edt\u00e1sait az \u00d6n ig\u00e9nyei alapj\u00e1n testre szabhatja. <\/p>\n<div class=\"newlinediv\"><\/div>\n<p> A k\u00e9tmonitoros be\u00e1ll\u00edt\u00e1s egyik f\u0151 el\u0151nye az \u00e1ltala biztos\u00edtott nagyobb termel\u00e9kenys\u00e9g. Egyszerre t\u00f6bb programon dolgozhat an\u00e9lk\u00fcl, hogy v\u00e1ltogatnia kellene az ablakok k\u00f6z\u00f6tt. Emellett a nyak \u00e9s a szem meger\u0151ltet\u00e9s\u00e9nek cs\u00f6kkent\u00e9se r\u00e9v\u00e9n az ergon\u00f3mi\u00e1t is jav\u00edthatja. Fontos azonban megjegyezni, hogy a k\u00e9tmonitoros be\u00e1ll\u00edt\u00e1s n\u00f6velheti az energiafogyaszt\u00e1st \u00e9s cs\u00f6kkentheti a laptop akkumul\u00e1tor\u00e1nak \u00e9lettartam\u00e1t. <\/p>\n<div class=\"newlinediv\"><\/div>\n<p> \u00d6sszefoglalva, a k\u00e9tmonitoros be\u00e1ll\u00edt\u00e1sok a laptopokon egyre n\u00e9pszer\u0171bbek a k\u00e9nyelem \u00e9s a termel\u00e9kenys\u00e9gi el\u0151ny\u00f6k miatt. A megfelel\u0151 hardverrel \u00e9s be\u00e1ll\u00edt\u00e1ssal \u00e9lvezheti a t\u00f6bb k\u00e9perny\u0151 el\u0151nyeit egy laptopon. Fontos azonban figyelembe venni a lehets\u00e9ges h\u00e1tr\u00e1nyokat, \u00e9s biztos\u00edtani, hogy laptopja k\u00e9pes legyen kezelni a megn\u00f6vekedett energiafogyaszt\u00e1st.<\/p><\/div>\n","protected":false},"excerpt":{"rendered":"<p>A modern sz\u00e1m\u00edt\u00e1stechnika kor\u00e1ban a t\u00f6bbfeladatos munkav\u00e9gz\u00e9s sok felhaszn\u00e1l\u00f3 sz\u00e1m\u00e1ra sz\u00fcks\u00e9gszer\u0171v\u00e9 v\u00e1lt. Legyen sz\u00f3 munk\u00e1r\u00f3l vagy szabadid\u0151s tev\u00e9kenys\u00e9gr\u0151l, a t\u00f6bb program \u00e9s ablak zsongl\u0151rk\u00f6d\u00e9se egyetlen k\u00e9perny\u0151n t\u00falterhel\u0151 lehet. Itt j\u00f6n a k\u00e9pbe a k\u00e9tmonitoros be\u00e1ll\u00edt\u00e1sok koncepci\u00f3ja. De k\u00e9pes-e egy laptop t\u00f6bb k\u00e9perny\u0151t kezelni? A v\u00e1lasz igen, \u00e9s ebben a cikkben a laptopok k\u00e9tmonitoros be\u00e1ll\u00edt\u00e1sainak lehet\u0151s\u00e9geit &#8230; <a title=\"A t\u00f6bb k\u00e9perny\u0151 lehet\u0151s\u00e9geinek felfedez\u00e9se egy laptopon\" class=\"read-more\" href=\"https:\/\/megnyitasa.com\/tudas\/a-tobb-kepernyo-lehetosegeinek-felfedezese-egy-laptopon\/\" aria-label=\"Read more about A t\u00f6bb k\u00e9perny\u0151 lehet\u0151s\u00e9geinek felfedez\u00e9se egy laptopon\">Read more<\/a><\/p>\n","protected":false},"author":1585,"featured_media":0,"comment_status":"closed","ping_status":"closed","sticky":false,"template":"","format":"standard","meta":{"footnotes":""},"categories":[7],"tags":[],"class_list":["post-7450","post","type-post","status-publish","format-standard","hentry","category-uzleti-technologia-es-ugyfelszolgalat"],"_links":{"self":[{"href":"https:\/\/megnyitasa.com\/tudas\/wp-json\/wp\/v2\/posts\/7450","targetHints":{"allow":["GET"]}}],"collection":[{"href":"https:\/\/megnyitasa.com\/tudas\/wp-json\/wp\/v2\/posts"}],"about":[{"href":"https:\/\/megnyitasa.com\/tudas\/wp-json\/wp\/v2\/types\/post"}],"author":[{"embeddable":true,"href":"https:\/\/megnyitasa.com\/tudas\/wp-json\/wp\/v2\/users\/1585"}],"replies":[{"embeddable":true,"href":"https:\/\/megnyitasa.com\/tudas\/wp-json\/wp\/v2\/comments?post=7450"}],"version-history":[{"count":0,"href":"https:\/\/megnyitasa.com\/tudas\/wp-json\/wp\/v2\/posts\/7450\/revisions"}],"wp:attachment":[{"href":"https:\/\/megnyitasa.com\/tudas\/wp-json\/wp\/v2\/media?parent=7450"}],"wp:term":[{"taxonomy":"category","embeddable":true,"href":"https:\/\/megnyitasa.com\/tudas\/wp-json\/wp\/v2\/categories?post=7450"},{"taxonomy":"post_tag","embeddable":true,"href":"https:\/\/megnyitasa.com\/tudas\/wp-json\/wp\/v2\/tags?post=7450"}],"curies":[{"name":"wp","href":"https:\/\/api.w.org\/{rel}","templated":true}]}}