{"id":7553,"date":"2023-04-24T00:00:00","date_gmt":"2023-04-24T00:00:00","guid":{"rendered":"https:\/\/megnyitasa.com\/tudas\/lost-in-translation-a-kulturalis-kommunikacios-akadalyok-lekuzdese-a-munkahelyen\/"},"modified":"2023-04-24T00:00:00","modified_gmt":"2023-04-24T00:00:00","slug":"lost-in-translation-a-kulturalis-kommunikacios-akadalyok-lekuzdese-a-munkahelyen","status":"publish","type":"post","link":"https:\/\/megnyitasa.com\/tudas\/lost-in-translation-a-kulturalis-kommunikacios-akadalyok-lekuzdese-a-munkahelyen\/","title":{"rendered":"Lost in Translation: A kultur\u00e1lis kommunik\u00e1ci\u00f3s akad\u00e1lyok lek\u00fczd\u00e9se a munkahelyen"},"content":{"rendered":"<div class=\"articlecontent\">\n<div class=\"newlinediv\"><\/div>\n<p> A mai globaliz\u00e1lt vil\u00e1gban a munkahelyek egyre soksz\u00edn\u0171bb\u00e9 v\u00e1lnak. Ez a soksz\u00edn\u0171s\u00e9g sz\u00e1mos el\u0151nnyel j\u00e1rhat, bele\u00e9rtve a fokozott kreativit\u00e1st \u00e9s innov\u00e1ci\u00f3t, de kommunik\u00e1ci\u00f3s akad\u00e1lyokhoz is vezethet a k\u00fcl\u00f6nb\u00f6z\u0151 kultur\u00e1lis h\u00e1tt\u00e9rrel rendelkez\u0151 koll\u00e9g\u00e1k k\u00f6z\u00f6tt. A munkahelyi kultur\u00e1lis kommunik\u00e1ci\u00f3s akad\u00e1lyok f\u00e9lre\u00e9rt\u00e9sekhez, a termel\u00e9kenys\u00e9g hi\u00e1ny\u00e1hoz, s\u0151t konfliktusokhoz is vezethetnek. Ez\u00e9rt fontos meg\u00e9rteni a kultur\u00e1lis kommunik\u00e1ci\u00f3 gyakori akad\u00e1lyait, \u00e9s azt, hogyan lehet ezeket lek\u00fczdeni. <\/p>\n<div class=\"newlinediv\"><\/div>\n<p> A kultur\u00e1lis kommunik\u00e1ci\u00f3 egyik gyakori akad\u00e1lya a nyelv. M\u00e9g ha a koll\u00e9g\u00e1k ugyanazt a nyelvet besz\u00e9lik is, az akcentus, a sz\u00f3kincs \u00e9s a nyelvtan k\u00f6z\u00f6tti k\u00fcl\u00f6nbs\u00e9gek f\u00e9lre\u00e9rt\u00e9sekhez vezethetnek. Ennek az akad\u00e1lynak a lek\u00fczd\u00e9se \u00e9rdek\u00e9ben fontos, hogy lassan \u00e9s vil\u00e1gosan besz\u00e9ljen, ker\u00fclje az idi\u00f3m\u00e1k vagy a szleng haszn\u00e1lat\u00e1t, \u00e9s sz\u00fcks\u00e9g eset\u00e9n k\u00e9rjen felvil\u00e1gos\u00edt\u00e1st. Az is hasznos lehet, ha a munkahelyi nyelvet nem foly\u00e9konyan besz\u00e9l\u0151 alkalmazottak sz\u00e1m\u00e1ra nyelvi k\u00e9pz\u00e9st biztos\u00edtanak. <\/p>\n<div class=\"newlinediv\"><\/div>\n<p> A kultur\u00e1lis kommunik\u00e1ci\u00f3 m\u00e1sik akad\u00e1lya a nonverb\u00e1lis kommunik\u00e1ci\u00f3. A gesztusok, az arckifejez\u00e9sek \u00e9s a testbesz\u00e9d kult\u00far\u00e1nk\u00e9nt nagyon elt\u00e9r\u0151 lehet, \u00e9s k\u00f6nnyen f\u00e9lre\u00e9rtelmezhet\u0151. P\u00e9ld\u00e1ul egyes kult\u00far\u00e1kban a k\u00f6zvetlen szemkontaktus a tisztelet jele, m\u00edg m\u00e1s kult\u00far\u00e1kban agressz\u00edvnek vagy konfrontat\u00edvnak tekintik. Ennek az akad\u00e1lynak a lek\u00fczd\u00e9se \u00e9rdek\u00e9ben fontos, hogy tiszt\u00e1ban legyen a nonverb\u00e1lis kommunik\u00e1ci\u00f3 kultur\u00e1lis k\u00fcl\u00f6nbs\u00e9geivel, \u00e9s hogy elker\u00fclje a saj\u00e1t kultur\u00e1lis norm\u00e1in alapul\u00f3 felt\u00e9telez\u00e9seket. <\/p>\n<div class=\"newlinediv\"><\/div>\n<p> A kultur\u00e1lis \u00e9rt\u00e9kek \u00e9s hiedelmek szint\u00e9n kommunik\u00e1ci\u00f3s akad\u00e1lyokat \u00e1ll\u00edthatnak a munkahelyen. Egyes kult\u00far\u00e1kban p\u00e9ld\u00e1ul udvariatlans\u00e1gnak sz\u00e1m\u00edt, ha valaki nem \u00e9rt egyet a felettes\u00e9vel, vagy ha csoportos keretek k\u00f6z\u00f6tt felsz\u00f3lal. M\u00e1s kult\u00far\u00e1kban b\u00e1tor\u00edtj\u00e1k a ny\u00edlt vit\u00e1t \u00e9s a vit\u00e1t. Ennek az akad\u00e1lynak a lek\u00fczd\u00e9se \u00e9rdek\u00e9ben fontos, hogy tiszt\u00e1ban legyen a kommunik\u00e1ci\u00f3s st\u00edlusok kultur\u00e1lis k\u00fcl\u00f6nbs\u00e9geivel, \u00e9s saj\u00e1t st\u00edlus\u00e1t ennek megfelel\u0151en alak\u00edtsa. Ez azt jelentheti, hogy bizonyos helyzetekben k\u00f6zvetlenebbnek vagy hat\u00e1rozottabbnak kell lennie, m\u00edg m\u00e1s helyzetekben tisztelettud\u00f3bbnak. <\/p>\n<div class=\"newlinediv\"><\/div>\n<p> V\u00e9g\u00fcl a technol\u00f3gia is kommunik\u00e1ci\u00f3s akad\u00e1lyokat \u00e1ll\u00edthat a munkahelyen. B\u00e1r a technol\u00f3gia megk\u00f6nny\u00edtheti a nagy t\u00e1vols\u00e1gokon \u00e9s kultur\u00e1lis hat\u00e1rokon \u00e1t\u00edvel\u0151 kommunik\u00e1ci\u00f3t, a kommunik\u00e1ci\u00f3s st\u00edlusok vagy a technikai k\u00e9szs\u00e9gek k\u00f6z\u00f6tti k\u00fcl\u00f6nbs\u00e9gek miatt f\u00e9lre\u00e9rt\u00e9sekhez is vezethet. Ennek az akad\u00e1lynak a lek\u00fczd\u00e9se \u00e9rdek\u00e9ben fontos, hogy k\u00e9pz\u00e9st \u00e9s t\u00e1mogat\u00e1st biztos\u00edtsunk a technol\u00f3gi\u00e1ban esetleg kev\u00e9sb\u00e9 j\u00e1rtas alkalmazottak sz\u00e1m\u00e1ra, \u00e9s hogy a technol\u00f3gi\u00e1t kultur\u00e1lisan \u00e9rz\u00e9keny \u00e9s megfelel\u0151 m\u00f3don haszn\u00e1ljuk. <\/p>\n<div class=\"newlinediv\"><\/div>\n<p> \u00d6sszefoglalva, a munkahelyi kultur\u00e1lis kommunik\u00e1ci\u00f3s akad\u00e1lyok lek\u00fczdhet\u0151k tudatoss\u00e1ggal, oktat\u00e1ssal \u00e9s alkalmazkod\u00e1ssal. A kultur\u00e1lis kommunik\u00e1ci\u00f3 gyakori akad\u00e1lyainak meg\u00e9rt\u00e9s\u00e9vel \u00e9s a lek\u00fczd\u00e9s\u00fckre ir\u00e1nyul\u00f3 l\u00e9p\u00e9sek megt\u00e9tel\u00e9vel a munkahelyek befogad\u00f3bb, produkt\u00edvabb \u00e9s harmonikusabb k\u00f6rnyezett\u00e9 v\u00e1lhatnak.<\/p><\/div>\n<div class=\"questions\">\n<div class=\"questionstitle\">FAQ<\/div>\n<div class=\"question\">\n<div class=\"qtitle\"> Melyek a munkahelyi kommunik\u00e1ci\u00f3 kultur\u00e1lis akad\u00e1lyai?<\/div>\n<p> A munkahelyi kommunik\u00e1ci\u00f3 kultur\u00e1lis akad\u00e1lyai olyan akad\u00e1lyokra utalnak, amelyek akkor mer\u00fclnek fel, amikor a k\u00fcl\u00f6nb\u00f6z\u0151 kult\u00far\u00e1kb\u00f3l sz\u00e1rmaz\u00f3 emberek egy\u00fctt dolgoznak, \u00e9s megpr\u00f3b\u00e1lnak kommunik\u00e1lni egym\u00e1ssal. Ezek az akad\u00e1lyok megnehez\u00edthetik az emberek sz\u00e1m\u00e1ra egym\u00e1s meg\u00e9rt\u00e9s\u00e9t, ami f\u00e9lre\u00e9rt\u00e9sekhez, f\u00e9lre\u00e9rtelmez\u00e9sekhez \u00e9s v\u00e9g\u00fcl hat\u00e1stalan kommunik\u00e1ci\u00f3hoz vezet. <\/p>\n<div class=\"newlinediv\"><\/div>\n<p> A munkahelyi kommunik\u00e1ci\u00f3 egyik legjelent\u0151sebb kultur\u00e1lis akad\u00e1lya a nyelv. A k\u00fcl\u00f6nb\u00f6z\u0151 nyelveket besz\u00e9l\u0151 emberek nehezen \u00e9rthetik meg egym\u00e1st, vagy f\u00e9lre\u00e9rthetik egym\u00e1s szavait. M\u00e9g az azonos nyelvet besz\u00e9l\u0151 emberek is haszn\u00e1lhatnak k\u00fcl\u00f6nb\u00f6z\u0151 szavakat vagy kifejez\u00e9seket ugyanazon gondolat kifejez\u00e9s\u00e9re, ami zavart okozhat. <\/p>\n<div class=\"newlinediv\"><\/div>\n<p> A kommunik\u00e1ci\u00f3 m\u00e1sik kultur\u00e1lis akad\u00e1lya a nonverb\u00e1lis kommunik\u00e1ci\u00f3. A k\u00fcl\u00f6nb\u00f6z\u0151 kult\u00far\u00e1knak elt\u00e9r\u0151 szok\u00e1saik \u00e9s gesztusaik lehetnek a nonverb\u00e1lis kommunik\u00e1ci\u00f3ra, \u00e9s ha a k\u00fcl\u00f6nb\u00f6z\u0151 kult\u00far\u00e1kb\u00f3l sz\u00e1rmaz\u00f3 emberek nincsenek tiszt\u00e1ban ezekkel a szok\u00e1sokkal, f\u00e9lre\u00e9rthetik egym\u00e1s sz\u00e1nd\u00e9kait. <\/p>\n<div class=\"newlinediv\"><\/div>\n<p> Az \u00e9rt\u00e9kek \u00e9s hiedelmek kultur\u00e1lis k\u00fcl\u00f6nbs\u00e9gei szint\u00e9n kommunik\u00e1ci\u00f3s akad\u00e1lyokat okozhatnak. Egyes kult\u00far\u00e1k p\u00e9ld\u00e1ul \u00e9rt\u00e9kelik a k\u00f6zvetlen kommunik\u00e1ci\u00f3t, m\u00edg m\u00e1sok a k\u00f6zvetett kommunik\u00e1ci\u00f3t r\u00e9szes\u00edtik el\u0151nyben. Ez f\u00e9lre\u00e9rt\u00e9sekhez vezethet, ha a k\u00fcl\u00f6nb\u00f6z\u0151 kult\u00far\u00e1kb\u00f3l sz\u00e1rmaz\u00f3 emberek nem \u00e9rtik egym\u00e1s kommunik\u00e1ci\u00f3s st\u00edlus\u00e1t. <\/p>\n<div class=\"newlinediv\"><\/div>\n<p> V\u00e9g\u00fcl, a kommunik\u00e1ci\u00f3 kultur\u00e1lis akad\u00e1lyai az id\u0151h\u00f6z, a hierarchi\u00e1hoz \u00e9s a nemi szerepekhez val\u00f3 elt\u00e9r\u0151 hozz\u00e1\u00e1ll\u00e1sb\u00f3l is ad\u00f3dhatnak. P\u00e9ld\u00e1ul egyes kult\u00far\u00e1kban nagy hangs\u00falyt fektetnek a pontoss\u00e1gra, m\u00edg m\u00e1s kult\u00far\u00e1kban laz\u00e1bban kezelik az id\u0151beoszt\u00e1st. Hasonl\u00f3k\u00e9ppen, egyes kult\u00far\u00e1kban a kommunik\u00e1ci\u00f3 hierarchikusabb, m\u00edg m\u00e1s kult\u00far\u00e1kban ink\u00e1bb az egyenl\u0151s\u00e9gen alapul\u00f3 megk\u00f6zel\u00edt\u00e9st r\u00e9szes\u00edtik el\u0151nyben. <\/p>\n<div class=\"newlinediv\"><\/div>\n<p> A munkahelyi kommunik\u00e1ci\u00f3 ezen kultur\u00e1lis akad\u00e1lyainak lek\u00fczd\u00e9s\u00e9hez elengedhetetlen, hogy tiszt\u00e1ban legy\u00fcnk a kultur\u00e1lis k\u00fcl\u00f6nbs\u00e9gekkel, \u00e9s tiszteletben tartsuk azokat. Ez mag\u00e1ban foglalhatja a k\u00fcl\u00f6nb\u00f6z\u0151 kult\u00far\u00e1k megismer\u00e9s\u00e9t, a nyitotts\u00e1got \u00e9s a kommunik\u00e1ci\u00f3s st\u00edlusok k\u00fcl\u00f6nb\u00f6z\u0151 kult\u00far\u00e1k ig\u00e9nyeihez val\u00f3 igaz\u00edt\u00e1s\u00e1t. Ez\u00e1ltal a k\u00fcl\u00f6nb\u00f6z\u0151 kult\u00far\u00e1kb\u00f3l sz\u00e1rmaz\u00f3 emberek hat\u00e9konyan tudnak egy\u00fctt dolgozni, \u00e9s el\u00e9rhetik k\u00f6z\u00f6s c\u00e9ljaikat. <\/p>\n<\/div>\n<div class=\"question\">\n<div class=\"qtitle\"> Hogyan lehet lek\u00fczdeni a kultur\u00e1lis kommunik\u00e1ci\u00f3s akad\u00e1lyokat a munkahelyen?<\/div>\n<p> Kultur\u00e1lis kommunik\u00e1ci\u00f3s akad\u00e1lyok akkor mer\u00fclhetnek fel a munkahelyen, ha az alkalmazottak k\u00fcl\u00f6nb\u00f6z\u0151 kultur\u00e1lis h\u00e1tt\u00e9rrel rendelkeznek, \u00e9s elt\u00e9r\u0151 elv\u00e1r\u00e1sokkal, \u00e9rt\u00e9kekkel \u00e9s kommunik\u00e1ci\u00f3s st\u00edlusokkal rendelkeznek. Ezek az akad\u00e1lyok f\u00e9lre\u00e9rt\u00e9sekhez, f\u00e9lre\u00e9rtelmez\u00e9sekhez \u00e9s konfliktusokhoz vezethetnek, amelyek negat\u00edvan befoly\u00e1solhatj\u00e1k a munkahelyi termel\u00e9kenys\u00e9get, egy\u00fcttm\u0171k\u00f6d\u00e9st \u00e9s mor\u00e1lt. Sz\u00e1mos strat\u00e9gi\u00e1t lehet azonban alkalmazni ezen akad\u00e1lyok lek\u00fczd\u00e9s\u00e9re \u00e9s a hat\u00e9kony kommunik\u00e1ci\u00f3 el\u0151seg\u00edt\u00e9s\u00e9re a munkahelyen: <\/p>\n<div class=\"newlinediv\"><\/div>\n<p> 1. Fejlessze a kultur\u00e1lis tudatoss\u00e1got: Fontos, hogy alapvet\u0151 ismeretekkel rendelkezz\u00fcnk m\u00e1s kult\u00far\u00e1kr\u00f3l, bele\u00e9rtve azok \u00e9rt\u00e9keit, hiedelmeit \u00e9s kommunik\u00e1ci\u00f3s st\u00edlus\u00e1t. Ez seg\u00edthet a lehets\u00e9ges kommunik\u00e1ci\u00f3s akad\u00e1lyok felismer\u00e9s\u00e9ben \u00e9s a kommunik\u00e1ci\u00f3s st\u00edlus\u00e1nak ennek megfelel\u0151 kiigaz\u00edt\u00e1s\u00e1ban. <\/p>\n<div class=\"newlinediv\"><\/div>\n<p> 2. Haszn\u00e1ljon vil\u00e1gos \u00e9s t\u00f6m\u00f6r nyelvet: Ker\u00fclje a szakzsargon, a r\u00f6vid\u00edt\u00e9sek vagy a k\u00e9t\u00e9rtelm\u0171 nyelvezet haszn\u00e1lat\u00e1t, amely m\u00e1s kult\u00far\u00e1kb\u00f3l \u00e9rkez\u0151 emberek sz\u00e1m\u00e1ra nem egy\u00e9rtelm\u0171 vagy f\u00e9lre\u00e9rthet\u0151 lehet. Haszn\u00e1ljon egyszer\u0171 nyelvezetet \u00e9s vil\u00e1gos magyar\u00e1zatokat az \u00fczenete \u00e1tad\u00e1s\u00e1hoz. <\/p>\n<div class=\"newlinediv\"><\/div>\n<p> 3. Hallgasson akt\u00edvan: Az akt\u00edv hallgat\u00e1s mag\u00e1ban foglalja a m\u00e1sik f\u00e9l mondanival\u00f3j\u00e1nak figyel\u00e9s\u00e9t, a tiszt\u00e1z\u00f3 k\u00e9rd\u00e9sek feltev\u00e9s\u00e9t, valamint az emp\u00e1tia \u00e9s a meg\u00e9rt\u00e9s kimutat\u00e1s\u00e1t. Ez seg\u00edthet a bizalom \u00e9s a kapcsolat ki\u00e9p\u00edt\u00e9s\u00e9ben a m\u00e1s kult\u00far\u00e1kb\u00f3l \u00e9rkez\u0151 emberekkel. <\/p>\n<div class=\"newlinediv\"><\/div>\n<p> 4. Ker\u00fclje a sztereot\u00edpi\u00e1kat: Ker\u00fclje a felt\u00e9telez\u00e9seket vagy sztereot\u00edpi\u00e1kat m\u00e1s kult\u00far\u00e1kb\u00f3l sz\u00e1rmaz\u00f3 emberekr\u0151l. Ehelyett \u00f6sszpontos\u00edtson az egy\u00e9ni k\u00fcl\u00f6nbs\u00e9gekre, \u00e9s tartsa tiszteletben minden egyes szem\u00e9ly egyedi n\u00e9z\u0151pontj\u00e1t. <\/p>\n<div class=\"newlinediv\"><\/div>\n<p> 5. Legyen t\u00fcrelmes \u00e9s rugalmas: A kultur\u00e1lis k\u00fcl\u00f6nbs\u00e9gek f\u00e9lre\u00e9rt\u00e9sekhez, k\u00e9sedelmekhez vagy n\u00e9zetelt\u00e9r\u00e9sekhez vezethetnek. Legyen t\u00fcrelmes \u00e9s hajland\u00f3 alkalmazkodni az elt\u00e9r\u0151 kommunik\u00e1ci\u00f3s st\u00edlusokhoz vagy probl\u00e9mamegold\u00e1si megk\u00f6zel\u00edt\u00e9sekhez. <\/p>\n<div class=\"newlinediv\"><\/div>\n<p> 6. K\u00e9rjen visszajelz\u00e9st: K\u00e9rjen visszajelz\u00e9st m\u00e1s kult\u00far\u00e1j\u00fa koll\u00e9g\u00e1kt\u00f3l, hogy felm\u00e9rje kommunik\u00e1ci\u00f3s st\u00edlus\u00e1t \u00e9s azonos\u00edtsa a fejlesztend\u0151 ter\u00fcleteket. <\/p>\n<div class=\"newlinediv\"><\/div>\n<p> Ezeknek a strat\u00e9gi\u00e1knak az elfogad\u00e1s\u00e1val lek\u00fczdheti a munkahelyi kultur\u00e1lis kommunik\u00e1ci\u00f3s akad\u00e1lyokat, \u00e9s el\u0151seg\u00edtheti a befogad\u00f3bb \u00e9s egy\u00fcttm\u0171k\u00f6d\u0151bb munkak\u00f6rnyezet kialakul\u00e1s\u00e1t.<\/p>\n<\/div>\n<\/div>\n","protected":false},"excerpt":{"rendered":"<p>A mai globaliz\u00e1lt vil\u00e1gban a munkahelyek egyre soksz\u00edn\u0171bb\u00e9 v\u00e1lnak. Ez a soksz\u00edn\u0171s\u00e9g sz\u00e1mos el\u0151nnyel j\u00e1rhat, bele\u00e9rtve a fokozott kreativit\u00e1st \u00e9s innov\u00e1ci\u00f3t, de kommunik\u00e1ci\u00f3s akad\u00e1lyokhoz is vezethet a k\u00fcl\u00f6nb\u00f6z\u0151 kultur\u00e1lis h\u00e1tt\u00e9rrel rendelkez\u0151 koll\u00e9g\u00e1k k\u00f6z\u00f6tt. A munkahelyi kultur\u00e1lis kommunik\u00e1ci\u00f3s akad\u00e1lyok f\u00e9lre\u00e9rt\u00e9sekhez, a termel\u00e9kenys\u00e9g hi\u00e1ny\u00e1hoz, s\u0151t konfliktusokhoz is vezethetnek. Ez\u00e9rt fontos meg\u00e9rteni a kultur\u00e1lis kommunik\u00e1ci\u00f3 gyakori akad\u00e1lyait, \u00e9s &#8230; <a title=\"Lost in Translation: A kultur\u00e1lis kommunik\u00e1ci\u00f3s akad\u00e1lyok lek\u00fczd\u00e9se a munkahelyen\" class=\"read-more\" href=\"https:\/\/megnyitasa.com\/tudas\/lost-in-translation-a-kulturalis-kommunikacios-akadalyok-lekuzdese-a-munkahelyen\/\" aria-label=\"Read more about Lost in Translation: A kultur\u00e1lis kommunik\u00e1ci\u00f3s akad\u00e1lyok lek\u00fczd\u00e9se a munkahelyen\">Read more<\/a><\/p>\n","protected":false},"author":3730,"featured_media":0,"comment_status":"closed","ping_status":"closed","sticky":false,"template":"","format":"standard","meta":{"footnotes":""},"categories":[10],"tags":[],"class_list":["post-7553","post","type-post","status-publish","format-standard","hentry","category-uzleti-kommunikacio-es-etikett"],"_links":{"self":[{"href":"https:\/\/megnyitasa.com\/tudas\/wp-json\/wp\/v2\/posts\/7553","targetHints":{"allow":["GET"]}}],"collection":[{"href":"https:\/\/megnyitasa.com\/tudas\/wp-json\/wp\/v2\/posts"}],"about":[{"href":"https:\/\/megnyitasa.com\/tudas\/wp-json\/wp\/v2\/types\/post"}],"author":[{"embeddable":true,"href":"https:\/\/megnyitasa.com\/tudas\/wp-json\/wp\/v2\/users\/3730"}],"replies":[{"embeddable":true,"href":"https:\/\/megnyitasa.com\/tudas\/wp-json\/wp\/v2\/comments?post=7553"}],"version-history":[{"count":0,"href":"https:\/\/megnyitasa.com\/tudas\/wp-json\/wp\/v2\/posts\/7553\/revisions"}],"wp:attachment":[{"href":"https:\/\/megnyitasa.com\/tudas\/wp-json\/wp\/v2\/media?parent=7553"}],"wp:term":[{"taxonomy":"category","embeddable":true,"href":"https:\/\/megnyitasa.com\/tudas\/wp-json\/wp\/v2\/categories?post=7553"},{"taxonomy":"post_tag","embeddable":true,"href":"https:\/\/megnyitasa.com\/tudas\/wp-json\/wp\/v2\/tags?post=7553"}],"curies":[{"name":"wp","href":"https:\/\/api.w.org\/{rel}","templated":true}]}}