{"id":7609,"date":"2023-04-24T00:00:00","date_gmt":"2023-04-24T00:00:00","guid":{"rendered":"https:\/\/megnyitasa.com\/tudas\/a-facebook-csoportok-rejtelyes-eltunese\/"},"modified":"2023-04-24T00:00:00","modified_gmt":"2023-04-24T00:00:00","slug":"a-facebook-csoportok-rejtelyes-eltunese","status":"publish","type":"post","link":"https:\/\/megnyitasa.com\/tudas\/a-facebook-csoportok-rejtelyes-eltunese\/","title":{"rendered":"A Facebook-csoportok rejt\u00e9lyes elt\u0171n\u00e9se:"},"content":{"rendered":"<div class=\"articlecontent\">\n<div class=\"newlinediv\"><\/div>\n<p> A Facebook-csoportok n\u00e9pszer\u0171 m\u00f3dja annak, hogy olyan emberekkel l\u00e9pj\u00fcnk kapcsolatba, akik hasonl\u00f3 \u00e9rdekl\u0151d\u00e9si k\u00f6rrel, hobbival vagy v\u00e9lem\u00e9nnyel rendelkeznek. N\u00e9ha azonban ezek a csoportok figyelmeztet\u00e9s n\u00e9lk\u00fcl elt\u0171nhetnek, \u00edgy a tagok zavarba j\u00f6nnek \u00e9s frusztr\u00e1ltak lesznek. Ha egy elt\u0171nt Facebook-csoport tagja vagy, az al\u00e1bbiakat kell tudnod. <\/p>\n<div class=\"newlinediv\"><\/div>\n<p> El\u0151sz\u00f6r is fontos meg\u00e9rteni, hogy egy Facebook-csoportot t\u00f6bbf\u00e9lek\u00e9ppen lehet t\u00f6r\u00f6lni. A legk\u00e9zenfekv\u0151bb m\u00f3dja az, ha a csoport l\u00e9trehoz\u00f3ja \u00fagy d\u00f6nt, hogy maga t\u00f6rli a csoportot. Azonban m\u00e9g ha a csoport l\u00e9trehoz\u00f3ja nem is t\u00f6r\u00f6lte a csoportot, m\u00e1s okai is lehetnek annak, hogy a csoport elt\u0171nt. <\/p>\n<div class=\"newlinediv\"><\/div>\n<p> Az egyik lehet\u0151s\u00e9g az, hogy a Facebook a k\u00f6z\u00f6ss\u00e9gi szabv\u00e1nyok megs\u00e9rt\u00e9se miatt t\u00f6r\u00f6lte a csoportot. A Facebooknak szigor\u00fa szab\u00e1lyai vannak arra vonatkoz\u00f3an, hogy mit lehet \u00e9s mit nem lehet k\u00f6zz\u00e9tenni a platformon, \u00e9s ha egy csoport megs\u00e9rti ezeket a szab\u00e1lyokat, elt\u00e1vol\u00edthatj\u00e1k. Ez akkor fordulhat el\u0151, ha a csoport gy\u0171l\u00f6letbesz\u00e9det, er\u0151szakot vagy m\u00e1s k\u00e1ros tartalmat n\u00e9pszer\u0171s\u00edtett. <\/p>\n<div class=\"newlinediv\"><\/div>\n<p> Egy m\u00e1sik ok, ami\u00e9rt egy csoport elt\u0171nhetett, ha azt t\u00f6bb felhaszn\u00e1l\u00f3 is jelentette. Ha el\u00e9g sokan jelentenek egy csoportot a Facebook ir\u00e1nyelveinek megs\u00e9rt\u00e9se miatt, a platform kivizsg\u00e1lja, \u00e9s sz\u00fcks\u00e9g eset\u00e9n int\u00e9zkedik. Ez jelentheti a csoport t\u00f6rl\u00e9s\u00e9t vagy bizonyos bejegyz\u00e9sek elt\u00e1vol\u00edt\u00e1s\u00e1t. <\/p>\n<div class=\"newlinediv\"><\/div>\n<p> Az is lehets\u00e9ges, hogy a csoportot v\u00e9letlen\u00fcl t\u00f6r\u00f6lt\u00e9k. A Facebookr\u00f3l ismert, hogy v\u00e9letlen\u00fcl t\u00f6r\u00f6l csoportokat vagy oldalakat, k\u00fcl\u00f6n\u00f6sen, ha azokat spamk\u00e9nt vagy hamis fi\u00f3kk\u00e9nt jel\u00f6lt\u00e9k meg. Ha azt gyan\u00edtja, hogy a csoportj\u00e1t v\u00e9letlen\u00fcl t\u00f6r\u00f6lt\u00e9k, forduljon a Facebook \u00fcgyf\u00e9lszolg\u00e1lat\u00e1hoz seg\u00edts\u00e9g\u00e9rt. <\/p>\n<div class=\"newlinediv\"><\/div>\n<p> V\u00e9g\u00fcl \u00e9rdemes megjegyezni, hogy a Facebook-csoportok t\u00f6rl\u00e9s helyett n\u00e9ha archiv\u00e1lhat\u00f3k. Ez azt jelenti, hogy a csoport m\u00e1r nem l\u00e1that\u00f3 a tagok sz\u00e1m\u00e1ra, de tov\u00e1bbra is l\u00e9tezik egy rejtett \u00e1llapotban. Ha \u00fagy gondolja, hogy a csoportja archiv\u00e1l\u00e1sra ker\u00fclt, megpr\u00f3b\u00e1lhatja megkeresni az archiv\u00e1lt csoportok k\u00f6z\u00f6tt, vagy seg\u00edts\u00e9g\u00e9rt fordulhat a Facebook \u00fcgyf\u00e9lszolg\u00e1lat\u00e1hoz. <\/p>\n<div class=\"newlinediv\"><\/div>\n<p> \u00d6sszefoglalva, sz\u00e1mos oka lehet annak, hogy egy Facebook-csoport elt\u0171nik, m\u00e9g akkor is, ha a csoport l\u00e9trehoz\u00f3ja nem maga t\u00f6r\u00f6lte azt. Ha egy elt\u0171nt csoport tagja vagy, fontos, hogy meg\u00e9rtsd ezeket a lehets\u00e9ges okokat, hogy megtehesd a megfelel\u0151 l\u00e9p\u00e9seket. Ak\u00e1r szab\u00e1lys\u00e9rt\u00e9st kell jelentenie, ak\u00e1r a Facebook \u00fcgyf\u00e9lszolg\u00e1lat\u00e1hoz kell fordulnia, vagy egyszer\u0171en csak egy \u00faj csoportba kell l\u00e9pnie, ha tudja, mi t\u00f6rt\u00e9nt a r\u00e9gi csoportj\u00e1val, az seg\u00edthet magabiztosan eligazodni a helyzetben.<\/p><\/div>\n<div class=\"questions\">\n<div class=\"questionstitle\">FAQ<\/div>\n<div class=\"question\">\n<div class=\"qtitle\"> Mi t\u00f6rt\u00e9nik egy Facebook-csoporttal, ha a l\u00e9trehoz\u00f3 t\u00e1vozik?<\/div>\n<p> Amikor egy Facebook-csoport l\u00e9trehoz\u00f3ja t\u00e1vozik, a csoport nem felt\u00e9tlen\u00fcl t\u0171nik el. A Facebooknak van egy olyan rendszere, amely biztos\u00edtja, hogy a csoport a l\u00e9trehoz\u00f3 t\u00e1voz\u00e1sa ut\u00e1n is fennmaradjon. A csoport tov\u00e1bbra is norm\u00e1lisan m\u0171k\u00f6dik, a tagok tov\u00e1bbra is tudnak tartalmat k\u00f6zz\u00e9tenni, kommentelni \u00e9s interakci\u00f3ba l\u00e9pni egym\u00e1ssal. <\/p>\n<div class=\"newlinediv\"><\/div>\n<p> A csoport tagjainak azonban \u00faj adminisztr\u00e1tort kell kinevezni\u00fck a csoport ir\u00e1ny\u00edt\u00e1s\u00e1ra. Az \u00faj rendszergazda jogosult lesz tagokat felvenni vagy elt\u00e1vol\u00edtani, hozz\u00e1sz\u00f3l\u00e1sokat j\u00f3v\u00e1hagyni vagy elutas\u00edtani, valamint a csoport be\u00e1ll\u00edt\u00e1sait m\u00f3dos\u00edtani. <\/p>\n<div class=\"newlinediv\"><\/div>\n<p> Ha nem neveznek ki \u00faj adminisztr\u00e1tort, a Facebook a csoport aktivit\u00e1sa \u00e9s elk\u00f6telezetts\u00e9ge alapj\u00e1n v\u00e1laszthat egyet. Ha a csoport hossz\u00fa ideig inakt\u00edv marad, a Facebook d\u00f6nthet \u00fagy is, hogy archiv\u00e1lja vagy t\u00f6rli azt. <\/p>\n<div class=\"newlinediv\"><\/div>\n<p> Fontos megjegyezni, hogy a csoport l\u00e9trehoz\u00f3ja is d\u00f6nthet \u00fagy, hogy teljesen t\u00f6rli a csoportot, miel\u0151tt t\u00e1vozik. Ebben az esetben a csoport v\u00e9glegesen t\u00f6rl\u0151dik, tartalma \u00e9s tagjai t\u00f6bb\u00e9 nem lesznek el\u00e9rhet\u0151k. <\/p>\n<\/div>\n<div class=\"question\">\n<div class=\"qtitle\"> A Facebook automatikusan t\u00f6rli a csoportokat?<\/div>\n<p> Nem, a Facebook nem t\u00f6rli automatikusan a csoportokat. A Facebook azonban t\u00f6r\u00f6lhet egy csoportot, ha az s\u00e9rti a k\u00f6z\u00f6ss\u00e9gi szabv\u00e1nyokat vagy a szolg\u00e1ltat\u00e1si felt\u00e9teleket. Ilyen lehet p\u00e9ld\u00e1ul a nem megfelel\u0151 tartalmak k\u00f6zz\u00e9t\u00e9tele, a spamel\u00e9s vagy m\u00e1s, a platformon nem megengedett tev\u00e9kenys\u00e9gek v\u00e9gz\u00e9se. Ezenk\u00edv\u00fcl a csoport akkor is t\u00f6r\u00f6lhet\u0151, ha a csoport l\u00e9trehoz\u00f3ja vagy adminisztr\u00e1tora maga d\u00f6nt \u00fagy, hogy t\u00f6rli a csoportot. Fontos, hogy a csoportok l\u00e9trehoz\u00f3i \u00e9s adminjai figyelemmel k\u00eds\u00e9rj\u00e9k a csoportjaik tartalm\u00e1t \u00e9s tev\u00e9kenys\u00e9g\u00e9t, hogy megbizonyosodjanak arr\u00f3l, hogy azok megfelelnek a Facebook szab\u00e1lyzatainak \u00e9s ir\u00e1nyelveinek. <\/p>\n<\/div>\n<div class=\"question\">\n<div class=\"qtitle\"> Hogyan tudom v\u00e9glegesen t\u00f6r\u00f6lni a Facebookon l\u00e9trehozott csoportot?<\/div>\n<p> A Facebookon l\u00e9trehozott csoport v\u00e9gleges t\u00f6rl\u00e9s\u00e9hez k\u00f6vesse az al\u00e1bbi l\u00e9p\u00e9seket: <\/p>\n<div class=\"newlinediv\"><\/div>\n<p> 1. L\u00e9pjen be a t\u00f6r\u00f6lni k\u00edv\u00e1nt csoportba. <\/p>\n<div class=\"newlinediv\"><\/div>\n<p> 2. Kattintson a &#8222;Tov\u00e1bbi&#8221; gombra a bor\u00edt\u00f3k\u00e9p alatt. <\/p>\n<div class=\"newlinediv\"><\/div>\n<p> 3. V\u00e1lassza ki a leg\u00f6rd\u00fcl\u0151 men\u00fcb\u0151l a &#8222;Csoportbe\u00e1ll\u00edt\u00e1sok szerkeszt\u00e9se&#8221; lehet\u0151s\u00e9get. <\/p>\n<div class=\"newlinediv\"><\/div>\n<p> 4. G\u00f6rgessen le az oldal alj\u00e1ra, \u00e9s kattintson a &#8222;Csoport elhagy\u00e1sa&#8221; gombra. <\/p>\n<div class=\"newlinediv\"><\/div>\n<p> 5. Megjelenik egy felugr\u00f3 ablak a &#8222;Csoport t\u00f6rl\u00e9se&#8221; lehet\u0151s\u00e9ggel. Kattintson erre a lehet\u0151s\u00e9gre. <\/p>\n<div class=\"newlinediv\"><\/div>\n<p> 6. Egy \u00fajabb felugr\u00f3 ablak jelenik meg, amely a t\u00f6rl\u00e9s meger\u0151s\u00edt\u00e9s\u00e9t k\u00e9ri. Kattintson ism\u00e9t a &#8222;Csoport t\u00f6rl\u00e9se&#8221; gombra a meger\u0151s\u00edt\u00e9shez. <\/p>\n<div class=\"newlinediv\"><\/div>\n<p> 7. A csoport v\u00e9glegesen t\u00f6rl\u00e9sre ker\u00fcl, \u00e9s minden tartalma, bele\u00e9rtve a bejegyz\u00e9seket, f\u00e9nyk\u00e9peket \u00e9s hozz\u00e1sz\u00f3l\u00e1sokat, elt\u00e1vol\u00edt\u00e1sra ker\u00fcl a Facebookr\u00f3l. <\/p>\n<div class=\"newlinediv\"><\/div>\n<p> Vegye figyelembe, hogy ha nem \u00d6n a csoport egyetlen adminja, akkor a csoport t\u00f6rl\u00e9se el\u0151tt az \u00f6sszes t\u00f6bbi adminisztr\u00e1tort el kell t\u00e1vol\u00edtania. Ne feledje azt sem, hogy ha egyszer t\u00f6r\u00f6l egy csoportot, nem tudja azt vagy annak tartalm\u00e1t vissza\u00e1ll\u00edtani. Ez\u00e9rt a csoport t\u00f6rl\u00e9se el\u0151tt mindenk\u00e9ppen t\u00f6lts\u00f6n le minden fontos f\u00e1jlt vagy inform\u00e1ci\u00f3t. <\/p>\n<\/div>\n<div class=\"question\">\n<div class=\"qtitle\"> Hov\u00e1 t\u0171ntek a Facebook-csoportjaim?<\/div>\n<p> A Facebook-csoportok a Facebook kezd\u0151lapj\u00e1nak bal oldal\u00e1n tal\u00e1lhat\u00f3 &#8222;Csoportok&#8221; f\u00fcl\u00f6n kereszt\u00fcl \u00e9rhet\u0151k el. Ha nem tal\u00e1lja a Facebook-csoportjait, annak t\u00f6bb oka is lehet. El\u0151sz\u00f6r is lehets\u00e9ges, hogy v\u00e9letlen\u00fcl kil\u00e9pett a csoportb\u00f3l, vagy egy admin t\u00f6r\u00f6lte. Ebben az esetben megkeresheti a csoportot n\u00e9v szerint, vagy megk\u00e9rhet egy tagot, hogy h\u00edvja meg \u00fajra. <\/p>\n<div class=\"newlinediv\"><\/div>\n<p> Egy m\u00e1sik ok, ami\u00e9rt esetleg nem tal\u00e1lja a Facebook-csoportjait, az az, ha azok archiv\u00e1l\u00e1sra ker\u00fcltek. Ez azt jelenti, hogy a csoport m\u00e1r nem akt\u00edv, \u00e9s csak akkor \u00e9rhet\u0151 el, ha egy admin feloldja az archiv\u00e1l\u00e1st. Ha ellen\u0151rizni szeretn\u00e9, hogy a csoportj\u00e1t archiv\u00e1lt\u00e1k-e, menjen a &#8222;Csoportok&#8221; f\u00fclre, \u00e9s kattintson a &#8222;Tov\u00e1bbiak&#8221; gombra. Ott v\u00e1lassza az &#8222;Archiv\u00e1lt&#8221; lehet\u0151s\u00e9get, \u00e9s n\u00e9zze meg, hogy megjelenik-e a csoportja. Ha igen, akkor k\u00e9rheti a csoport archiv\u00e1l\u00e1s\u00e1nak felold\u00e1s\u00e1t, ha kapcsolatba l\u00e9p egy adminisztr\u00e1torral. <\/p>\n<div class=\"newlinediv\"><\/div>\n<p> V\u00e9g\u00fcl lehets\u00e9ges, hogy a csoportok el lettek rejtve a h\u00edrfolyamodb\u00f3l. Ha ellen\u0151rizni szeretn\u00e9, hogy ez \u00edgy van-e, l\u00e9pjen a csoport oldal\u00e1ra, \u00e9s kattintson a &#8222;K\u00f6vet\u00e9s&#8221; gombra. Ott v\u00e1lassza az &#8222;Els\u0151k\u00e9nt l\u00e1tni&#8221; lehet\u0151s\u00e9get, hogy a csoport bejegyz\u00e9sei megjelenjenek a h\u00edrfolyam\u00e1ban.<\/p>\n<\/div>\n<\/div>\n","protected":false},"excerpt":{"rendered":"<p>A Facebook-csoportok n\u00e9pszer\u0171 m\u00f3dja annak, hogy olyan emberekkel l\u00e9pj\u00fcnk kapcsolatba, akik hasonl\u00f3 \u00e9rdekl\u0151d\u00e9si k\u00f6rrel, hobbival vagy v\u00e9lem\u00e9nnyel rendelkeznek. N\u00e9ha azonban ezek a csoportok figyelmeztet\u00e9s n\u00e9lk\u00fcl elt\u0171nhetnek, \u00edgy a tagok zavarba j\u00f6nnek \u00e9s frusztr\u00e1ltak lesznek. Ha egy elt\u0171nt Facebook-csoport tagja vagy, az al\u00e1bbiakat kell tudnod. El\u0151sz\u00f6r is fontos meg\u00e9rteni, hogy egy Facebook-csoportot t\u00f6bbf\u00e9lek\u00e9ppen lehet t\u00f6r\u00f6lni. A &#8230; <a title=\"A Facebook-csoportok rejt\u00e9lyes elt\u0171n\u00e9se:\" class=\"read-more\" href=\"https:\/\/megnyitasa.com\/tudas\/a-facebook-csoportok-rejtelyes-eltunese\/\" aria-label=\"Read more about A Facebook-csoportok rejt\u00e9lyes elt\u0171n\u00e9se:\">Read more<\/a><\/p>\n","protected":false},"author":2542,"featured_media":0,"comment_status":"closed","ping_status":"closed","sticky":false,"template":"","format":"standard","meta":{"footnotes":""},"categories":[6],"tags":[],"class_list":["post-7609","post","type-post","status-publish","format-standard","hentry","category-reklam-es-marketing"],"_links":{"self":[{"href":"https:\/\/megnyitasa.com\/tudas\/wp-json\/wp\/v2\/posts\/7609","targetHints":{"allow":["GET"]}}],"collection":[{"href":"https:\/\/megnyitasa.com\/tudas\/wp-json\/wp\/v2\/posts"}],"about":[{"href":"https:\/\/megnyitasa.com\/tudas\/wp-json\/wp\/v2\/types\/post"}],"author":[{"embeddable":true,"href":"https:\/\/megnyitasa.com\/tudas\/wp-json\/wp\/v2\/users\/2542"}],"replies":[{"embeddable":true,"href":"https:\/\/megnyitasa.com\/tudas\/wp-json\/wp\/v2\/comments?post=7609"}],"version-history":[{"count":0,"href":"https:\/\/megnyitasa.com\/tudas\/wp-json\/wp\/v2\/posts\/7609\/revisions"}],"wp:attachment":[{"href":"https:\/\/megnyitasa.com\/tudas\/wp-json\/wp\/v2\/media?parent=7609"}],"wp:term":[{"taxonomy":"category","embeddable":true,"href":"https:\/\/megnyitasa.com\/tudas\/wp-json\/wp\/v2\/categories?post=7609"},{"taxonomy":"post_tag","embeddable":true,"href":"https:\/\/megnyitasa.com\/tudas\/wp-json\/wp\/v2\/tags?post=7609"}],"curies":[{"name":"wp","href":"https:\/\/api.w.org\/{rel}","templated":true}]}}