{"id":7906,"date":"2023-04-24T00:00:00","date_gmt":"2023-04-24T00:00:00","guid":{"rendered":"https:\/\/megnyitasa.com\/tudas\/a-munkaszerzodes-alapjainak-megertese\/"},"modified":"2023-04-24T00:00:00","modified_gmt":"2023-04-24T00:00:00","slug":"a-munkaszerzodes-alapjainak-megertese","status":"publish","type":"post","link":"https:\/\/megnyitasa.com\/tudas\/a-munkaszerzodes-alapjainak-megertese\/","title":{"rendered":"A munkaszerz\u0151d\u00e9s alapjainak meg\u00e9rt\u00e9se"},"content":{"rendered":"<div class=\"articlecontent\">\n<div class=\"newlinediv\"><\/div>\n<p> A munkaszerz\u0151d\u00e9s a munk\u00e1ltat\u00f3 \u00e9s a munkav\u00e1llal\u00f3 k\u00f6z\u00f6tti jogilag k\u00f6telez\u0151 \u00e9rv\u00e9ny\u0171 meg\u00e1llapod\u00e1s. A szerz\u0151d\u00e9s tartalmazza a munkaviszony felt\u00e9teleit, bele\u00e9rtve mindk\u00e9t f\u00e9l jogait \u00e9s k\u00f6telezetts\u00e9geit. A j\u00f3l megfogalmazott munkaszerz\u0151d\u00e9snek egy\u00e9rtelm\u0171nek \u00e9s \u00e1tl\u00e1that\u00f3nak kell lennie, biztos\u00edtva, hogy mindk\u00e9t f\u00e9l meg\u00e9rtse, mit v\u00e1rnak el t\u0151le. <\/p>\n<div class=\"newlinediv\"><\/div>\n<p> A munkaszerz\u0151d\u00e9s felt\u00e9telei ipar\u00e1gt\u00f3l, munkak\u00f6r\u00f6kt\u0151l \u00e9s a foglalkoztat\u00e1s t\u00edpus\u00e1t\u00f3l f\u00fcgg\u0151en nagym\u00e9rt\u00e9kben elt\u00e9rhetnek. A legt\u00f6bb munkaszerz\u0151d\u00e9s azonban tartalmaz n\u00e9h\u00e1ny alapvet\u0151 elemet, mint p\u00e9ld\u00e1ul a munkak\u00f6r, a feladatok \u00e9s felel\u0151ss\u00e9gi k\u00f6r\u00f6k, a d\u00edjaz\u00e1s, a juttat\u00e1sok, a munkarend \u00e9s a felmond\u00e1si rendelkez\u00e9sek. <\/p>\n<div class=\"newlinediv\"><\/div>\n<p> A munkak\u00f6r megnevez\u00e9s\u00e9nek \u00e9s a feladat- \u00e9s felel\u0151ss\u00e9gi k\u00f6r\u00f6knek a szerz\u0151d\u00e9sben fel kell v\u00e1zolniuk azokat a konkr\u00e9t feladatokat \u00e9s felel\u0151ss\u00e9geket, amelyeket a munkav\u00e1llal\u00f3nak el kell l\u00e1tnia. Ennek a szakasznak tiszt\u00e1znia kell a munkav\u00e1llal\u00f3 jelent\u00e9si strukt\u00far\u00e1j\u00e1t is, r\u00e9szletezve, hogy kinek fog jelenteni, \u00e9s ki lesz felel\u0151s a teljes\u00edtm\u00e9ny\u00e9nek \u00e9rt\u00e9kel\u00e9s\u00e9\u00e9rt. <\/p>\n<div class=\"newlinediv\"><\/div>\n<p> A munkab\u00e9r \u00e9s a juttat\u00e1sok szint\u00e9n fontos elemei a munkaszerz\u0151d\u00e9snek. Ennek a szakasznak tartalmaznia kell a munkav\u00e1llal\u00f3 fizet\u00e9s\u00e9t, a b\u00f3nuszokat \u00e9s a javadalmaz\u00e1s egy\u00e9b form\u00e1it, p\u00e9ld\u00e1ul a r\u00e9szv\u00e9nyopci\u00f3kat vagy a nyeres\u00e9gr\u00e9szesed\u00e9st. A juttat\u00e1sokra vonatkoz\u00f3 r\u00e9sznek r\u00e9szleteznie kell az eg\u00e9szs\u00e9gbiztos\u00edt\u00e1st, a nyugd\u00edjbiztos\u00edt\u00e1st \u00e9s az egy\u00e9b juttat\u00e1sokat, amelyekre a munkav\u00e1llal\u00f3 jogosult. <\/p>\n<div class=\"newlinediv\"><\/div>\n<p> A munkaid\u0151-beoszt\u00e1s a munkaszerz\u0151d\u00e9s m\u00e1sik kritikus szempontja. Ebben a szakaszban le kell \u00edrni a munkav\u00e1llal\u00f3 munkaidej\u00e9t, bele\u00e9rtve a t\u00fal\u00f3r\u00e1ra vagy h\u00e9tv\u00e9gi munkav\u00e9gz\u00e9sre vonatkoz\u00f3 k\u00f6vetelm\u00e9nyeket is. A rugalmas munkarendre, p\u00e9ld\u00e1ul t\u00e1vmunk\u00e1ra vagy rugalmas id\u0151beoszt\u00e1sra vonatkoz\u00f3 rendelkez\u00e9seket is ismertetnie kell. <\/p>\n<div class=\"newlinediv\"><\/div>\n<p> V\u00e9g\u00fcl a felmond\u00e1sra vonatkoz\u00f3 rendelkez\u00e9sek minden munkaszerz\u0151d\u00e9s l\u00e9nyeges r\u00e9sz\u00e9t k\u00e9pezik. Ennek a szakasznak tartalmaznia kell a felmond\u00e1s indokait, p\u00e9ld\u00e1ul a gyenge teljes\u00edtm\u00e9nyt vagy a k\u00f6teless\u00e9gszeg\u00e9st, \u00e9s le kell \u00edrnia a felmond\u00e1s folyamat\u00e1t. Azt is tiszt\u00e1znia kell, hogy a munkav\u00e1llal\u00f3 jogosult-e v\u00e9gkiel\u00e9g\u00edt\u00e9sre vagy egy\u00e9b juttat\u00e1sokra felmond\u00e1s eset\u00e9n. <\/p>\n<div class=\"newlinediv\"><\/div>\n<p> \u00d6sszefoglalva, a munkaszerz\u0151d\u00e9s olyan fontos dokumentum, amely meghat\u00e1rozza a munkaviszony felt\u00e9teleit. Vil\u00e1goss\u00e1got \u00e9s \u00e1tl\u00e1that\u00f3s\u00e1got kell biztos\u00edtania, biztos\u00edtva, hogy mindk\u00e9t f\u00e9l tiszt\u00e1ban legyen a jogaival \u00e9s k\u00f6telezetts\u00e9geivel. Ha \u00d6n munk\u00e1ltat\u00f3, felt\u00e9tlen\u00fcl gondoskodnia kell arr\u00f3l, hogy munkaszerz\u0151d\u00e9sei j\u00f3l megfogalmazottak, a jogszab\u00e1lyoknak megfelel\u0151ek \u00e9s az \u00d6n egyedi \u00fczleti ig\u00e9nyeihez igazodnak. Ha \u00d6n munkav\u00e1llal\u00f3, elengedhetetlen, hogy al\u00e1\u00edr\u00e1sa el\u0151tt alaposan \u00e1ttekintse a munkaszerz\u0151d\u00e9s\u00e9t, hogy megbizonyosodjon arr\u00f3l, hogy meg\u00e9rtette a munkaviszony\u00e1ra vonatkoz\u00f3 felt\u00e9teleket.<\/p><\/div>\n<div class=\"questions\">\n<div class=\"questionstitle\">FAQ<\/div>\n<div class=\"question\">\n<div class=\"qtitle\"> Mi a k\u00fcl\u00f6nbs\u00e9g az aj\u00e1nlati lev\u00e9l \u00e9s a munkaszerz\u0151d\u00e9s k\u00f6z\u00f6tt?<\/div>\n<p> Az aj\u00e1nlati lev\u00e9l \u00e9s a munkaszerz\u0151d\u00e9s k\u00e9t k\u00fcl\u00f6nb\u00f6z\u0151 dokumentum, amelyet a munk\u00e1ltat\u00f3k az \u00faj munkav\u00e1llal\u00f3 felv\u00e9teli folyamat\u00e1nak hivataloss\u00e1 t\u00e9tel\u00e9re haszn\u00e1lnak. <\/p>\n<div class=\"newlinediv\"><\/div>\n<p> Az aj\u00e1nlati lev\u00e9l egy olyan dokumentum, amelyet a jel\u00f6ltnek k\u00fcldenek, miut\u00e1n elfogadta az \u00e1ll\u00e1saj\u00e1nlatot. \u00c1ltal\u00e1ban tartalmazza az \u00e1ll\u00e1shelyre vonatkoz\u00f3 inform\u00e1ci\u00f3kat, p\u00e9ld\u00e1ul a munkak\u00f6r megnevez\u00e9s\u00e9t, a fizet\u00e9st, a munkakezd\u00e9s id\u0151pontj\u00e1t \u00e9s minden egy\u00e9b l\u00e9nyeges r\u00e9szletet. Az aj\u00e1nlati lev\u00e9l azonban nem jogilag k\u00f6telez\u0151 \u00e9rv\u00e9ny\u0171 meg\u00e1llapod\u00e1s, \u00e9s nem garant\u00e1lja a foglalkoztat\u00e1st. L\u00e9nyeg\u00e9ben az \u00e1ll\u00e1saj\u00e1nlat felt\u00e9teleinek \u00f6sszefoglal\u00e1sa. <\/p>\n<div class=\"newlinediv\"><\/div>\n<p> Ezzel szemben a munkaszerz\u0151d\u00e9s egy jogilag k\u00f6telez\u0151 erej\u0171 dokumentum, amely a munk\u00e1ltat\u00f3 \u00e9s a munkav\u00e1llal\u00f3 k\u00f6z\u00f6tti munkaviszony felt\u00e9teleit tartalmazza. Jellemz\u0151en olyan r\u00e9szleteket tartalmaz, mint a munkak\u00f6ri le\u00edr\u00e1s, a javadalmaz\u00e1s, a juttat\u00e1sok, a felmond\u00e1si z\u00e1rad\u00e9kok, a titoktart\u00e1si meg\u00e1llapod\u00e1sok \u00e9s minden egy\u00e9b l\u00e9nyeges felt\u00e9tel. Az aj\u00e1nlati lev\u00e9llel ellent\u00e9tben a munkaszerz\u0151d\u00e9s jogilag k\u00f6telez\u0151 \u00e9rv\u00e9ny\u0171, \u00e9s b\u00edr\u00f3s\u00e1g el\u0151tt \u00e9rv\u00e9nyes\u00edthet\u0151. <\/p>\n<div class=\"newlinediv\"><\/div>\n<p> \u00d6sszess\u00e9g\u00e9ben a f\u0151 k\u00fcl\u00f6nbs\u00e9g az aj\u00e1nlati lev\u00e9l \u00e9s a munkaszerz\u0151d\u00e9s k\u00f6z\u00f6tt az, hogy az aj\u00e1nlati lev\u00e9l egy nem k\u00f6telez\u0151 erej\u0171 dokumentum, amely \u00f6sszefoglalja az \u00e1ll\u00e1saj\u00e1nlat felt\u00e9teleit, m\u00edg a munkaszerz\u0151d\u00e9s egy jogilag k\u00f6telez\u0151 erej\u0171 meg\u00e1llapod\u00e1s, amely a foglalkoztat\u00e1s felt\u00e9teleit tartalmazza. <\/p>\n<\/div>\n<div class=\"question\">\n<div class=\"qtitle\"> A munkaszerz\u0151d\u00e9s ugyanaz, mint a szerz\u0151d\u00e9s?<\/div>\n<p> A munkaszerz\u0151d\u00e9st \u00e9s a szerz\u0151d\u00e9st gyakran felv\u00e1ltva haszn\u00e1lj\u00e1k, de nem teljesen ugyanazok. A munkaszerz\u0151d\u00e9s olyan dokumentum, amely felv\u00e1zolja a munk\u00e1ltat\u00f3 \u00e9s a munkav\u00e1llal\u00f3 k\u00f6z\u00f6tti munkaviszony felt\u00e9teleit. Tartalmazhat r\u00e9szleteket a munkak\u00f6ri feladatokr\u00f3l, a fizet\u00e9sr\u0151l, a juttat\u00e1sokr\u00f3l, a felmond\u00e1sr\u00f3l \u00e9s a munkaviszonnyal kapcsolatos egy\u00e9b l\u00e9nyeges inform\u00e1ci\u00f3kr\u00f3l. <\/p>\n<div class=\"newlinediv\"><\/div>\n<p> M\u00e1sr\u00e9szr\u0151l a szerz\u0151d\u00e9s k\u00e9t vagy t\u00f6bb f\u00e9l k\u00f6z\u00f6tt l\u00e9trej\u00f6tt, jogilag k\u00f6telez\u0151 \u00e9rv\u00e9ny\u0171 meg\u00e1llapod\u00e1s, amely felv\u00e1zolja a kapcsolatuk felt\u00e9teleit. Sz\u00e1mos t\u00e9mak\u00f6rre vonatkozhat, bele\u00e9rtve a munkaviszonyt, de m\u00e1s c\u00e9lokra is alkalmazhat\u00f3, p\u00e9ld\u00e1ul \u00e1ruk vagy szolg\u00e1ltat\u00e1sok v\u00e1s\u00e1rl\u00e1s\u00e1ra. <\/p>\n<div class=\"newlinediv\"><\/div>\n<p> A foglalkoztat\u00e1ssal \u00f6sszef\u00fcgg\u00e9sben a szerz\u0151d\u00e9s a munkaviszony felt\u00e9teleinek meghat\u00e1roz\u00e1s\u00e1ra szolg\u00e1lhat, bele\u00e9rtve a javadalmaz\u00e1s, a juttat\u00e1sok \u00e9s a munka egy\u00e9b fontos szempontjainak r\u00e9szleteit. Ezzel szemben a munkaszerz\u0151d\u00e9s jellemz\u0151en arra szolg\u00e1l, hogy felv\u00e1zolja a munk\u00e1ltat\u00f3val fenn\u00e1ll\u00f3 munkaviszony konkr\u00e9t felt\u00e9teleit. <\/p>\n<div class=\"newlinediv\"><\/div>\n<p> Ez\u00e9rt, b\u00e1r mindk\u00e9t dokumentum fontos a munkaviszony l\u00e9tes\u00edt\u00e9s\u00e9ben, a munkaszerz\u0151d\u00e9s egy speci\u00e1lis, a munkaviszonyra szabott szerz\u0151d\u00e9st\u00edpus. <\/p>\n<\/div>\n<div class=\"question\">\n<div class=\"qtitle\"> Mi az \u00e9rv\u00e9nyes munkaszerz\u0151d\u00e9s 4 eleme?<\/div>\n<p> Az \u00e9rv\u00e9nyes munkaszerz\u0151d\u00e9s n\u00e9gy alapvet\u0151 eleme a k\u00f6vetkez\u0151: <\/p>\n<div class=\"newlinediv\"><\/div>\n<p> 1. Aj\u00e1nlat \u00e9s elfogad\u00e1s: Az \u00e9rv\u00e9nyes munkaszerz\u0151d\u00e9s els\u0151 eleme a munk\u00e1ltat\u00f3 \u00e1ltal a munkav\u00e1llal\u00f3nak tett egy\u00e9rtelm\u0171 aj\u00e1nlat, valamint az aj\u00e1nlat munkav\u00e1llal\u00f3 \u00e1ltali elfogad\u00e1sa. Ez azt jelenti, hogy mindk\u00e9t f\u00e9lnek egyet kell \u00e9rtenie a munkaviszony felt\u00e9teleivel. <\/p>\n<div class=\"newlinediv\"><\/div>\n<p> 2. Ellenszolg\u00e1ltat\u00e1s: Az \u00e9rv\u00e9nyes munkaszerz\u0151d\u00e9s m\u00e1sodik eleme az ellenszolg\u00e1ltat\u00e1s, amely a munk\u00e1ltat\u00f3 \u00e9s a munkav\u00e1llal\u00f3 k\u00f6z\u00f6tti, \u00e9rt\u00e9ket k\u00e9pvisel\u0151 dolog cser\u00e9j\u00e9re utal. Ez lehet fizet\u00e9s, juttat\u00e1sok vagy egy\u00e9b ellent\u00e9telez\u00e9s form\u00e1j\u00e1ban. <\/p>\n<div class=\"newlinediv\"><\/div>\n<p> 3. Jogk\u00e9pess\u00e9g: Az \u00e9rv\u00e9nyes munkaszerz\u0151d\u00e9s harmadik eleme a jogk\u00e9pess\u00e9g, ami azt jelenti, hogy mind a munk\u00e1ltat\u00f3nak, mind a munkav\u00e1llal\u00f3nak rendelkeznie kell a szerz\u0151d\u00e9s megk\u00f6t\u00e9s\u00e9hez sz\u00fcks\u00e9ges jogk\u00e9pess\u00e9ggel. Ez azt jelenti, hogy nagykor\u00fanak kell lenni\u00fck, \u00e9s rendelkezni\u00fck kell a szerz\u0151d\u00e9s felt\u00e9teleinek meg\u00e9rt\u00e9s\u00e9hez sz\u00fcks\u00e9ges szellemi k\u00e9pess\u00e9gekkel. <\/p>\n<div class=\"newlinediv\"><\/div>\n<p> 4. Jogi c\u00e9l: Az \u00e9rv\u00e9nyes munkaszerz\u0151d\u00e9s utols\u00f3 eleme a jogi c\u00e9l. Ez azt jelenti, hogy a szerz\u0151d\u00e9snek jogszer\u0171nek kell lennie, \u00e9s nem s\u00e9rthet semmilyen t\u00f6rv\u00e9nyt vagy rendeletet. P\u00e9ld\u00e1ul egy olyan szerz\u0151d\u00e9s, amely a munkav\u00e1llal\u00f3t illeg\u00e1lis tev\u00e9kenys\u00e9gre k\u00f6telezi, nem lenne \u00e9rv\u00e9nyes.<\/p>\n<\/div>\n<\/div>\n","protected":false},"excerpt":{"rendered":"<p>A munkaszerz\u0151d\u00e9s a munk\u00e1ltat\u00f3 \u00e9s a munkav\u00e1llal\u00f3 k\u00f6z\u00f6tti jogilag k\u00f6telez\u0151 \u00e9rv\u00e9ny\u0171 meg\u00e1llapod\u00e1s. A szerz\u0151d\u00e9s tartalmazza a munkaviszony felt\u00e9teleit, bele\u00e9rtve mindk\u00e9t f\u00e9l jogait \u00e9s k\u00f6telezetts\u00e9geit. A j\u00f3l megfogalmazott munkaszerz\u0151d\u00e9snek egy\u00e9rtelm\u0171nek \u00e9s \u00e1tl\u00e1that\u00f3nak kell lennie, biztos\u00edtva, hogy mindk\u00e9t f\u00e9l meg\u00e9rtse, mit v\u00e1rnak el t\u0151le. A munkaszerz\u0151d\u00e9s felt\u00e9telei ipar\u00e1gt\u00f3l, munkak\u00f6r\u00f6kt\u0151l \u00e9s a foglalkoztat\u00e1s t\u00edpus\u00e1t\u00f3l f\u00fcgg\u0151en nagym\u00e9rt\u00e9kben elt\u00e9rhetnek. A &#8230; <a title=\"A munkaszerz\u0151d\u00e9s alapjainak meg\u00e9rt\u00e9se\" class=\"read-more\" href=\"https:\/\/megnyitasa.com\/tudas\/a-munkaszerzodes-alapjainak-megertese\/\" aria-label=\"Read more about A munkaszerz\u0151d\u00e9s alapjainak meg\u00e9rt\u00e9se\">Read more<\/a><\/p>\n","protected":false},"author":3807,"featured_media":0,"comment_status":"closed","ping_status":"closed","sticky":false,"template":"","format":"standard","meta":{"footnotes":""},"categories":[14],"tags":[],"class_list":["post-7906","post","type-post","status-publish","format-standard","hentry","category-human-eroforras"],"_links":{"self":[{"href":"https:\/\/megnyitasa.com\/tudas\/wp-json\/wp\/v2\/posts\/7906","targetHints":{"allow":["GET"]}}],"collection":[{"href":"https:\/\/megnyitasa.com\/tudas\/wp-json\/wp\/v2\/posts"}],"about":[{"href":"https:\/\/megnyitasa.com\/tudas\/wp-json\/wp\/v2\/types\/post"}],"author":[{"embeddable":true,"href":"https:\/\/megnyitasa.com\/tudas\/wp-json\/wp\/v2\/users\/3807"}],"replies":[{"embeddable":true,"href":"https:\/\/megnyitasa.com\/tudas\/wp-json\/wp\/v2\/comments?post=7906"}],"version-history":[{"count":0,"href":"https:\/\/megnyitasa.com\/tudas\/wp-json\/wp\/v2\/posts\/7906\/revisions"}],"wp:attachment":[{"href":"https:\/\/megnyitasa.com\/tudas\/wp-json\/wp\/v2\/media?parent=7906"}],"wp:term":[{"taxonomy":"category","embeddable":true,"href":"https:\/\/megnyitasa.com\/tudas\/wp-json\/wp\/v2\/categories?post=7906"},{"taxonomy":"post_tag","embeddable":true,"href":"https:\/\/megnyitasa.com\/tudas\/wp-json\/wp\/v2\/tags?post=7906"}],"curies":[{"name":"wp","href":"https:\/\/api.w.org\/{rel}","templated":true}]}}