{"id":8318,"date":"2023-04-24T00:00:00","date_gmt":"2023-04-24T00:00:00","guid":{"rendered":"https:\/\/megnyitasa.com\/tudas\/kreativ-lehetosegek-felszabaditasa-a-kreativ-strategiai-nyilatkozat-megertese\/"},"modified":"2023-04-24T00:00:00","modified_gmt":"2023-04-24T00:00:00","slug":"kreativ-lehetosegek-felszabaditasa-a-kreativ-strategiai-nyilatkozat-megertese","status":"publish","type":"post","link":"https:\/\/megnyitasa.com\/tudas\/kreativ-lehetosegek-felszabaditasa-a-kreativ-strategiai-nyilatkozat-megertese\/","title":{"rendered":"Kreat\u00edv lehet\u0151s\u00e9gek felszabad\u00edt\u00e1sa: A kreat\u00edv strat\u00e9giai nyilatkozat meg\u00e9rt\u00e9se"},"content":{"rendered":"<div class=\"articlecontent\">\n<div class=\"newlinediv\"><\/div>\n<p> A marketing \u00e9s a rekl\u00e1m mai rohan\u00f3 \u00e9s folyamatosan fejl\u0151d\u0151 vil\u00e1g\u00e1ban elengedhetetlen, hogy alaposan meg\u00e9rts\u00fck a kreat\u00edv strat\u00e9giai nyilatkozatot. A kreat\u00edv strat\u00e9giai nyilatkozat l\u00e9nyeg\u00e9ben egy olyan dokumentum, amely felv\u00e1zolja egy marketing- vagy rekl\u00e1mkamp\u00e1ny kreat\u00edv ir\u00e1nyvonal\u00e1t. Olyan \u00fatitervk\u00e9nt szolg\u00e1l, amely a kreat\u00edv csapatot a m\u00e1rka \u00e1ltal\u00e1nos \u00fczeneteivel \u00e9s c\u00e9lkit\u0171z\u00e9seivel \u00f6sszhangban l\u00e9v\u0151 tartalom kidolgoz\u00e1s\u00e1hoz ir\u00e1ny\u00edtja. <\/p>\n<div class=\"newlinediv\"><\/div>\n<p> A kreat\u00edv strat\u00e9giai nyilatkozat \u00e1ltal\u00e1ban tartalmazza a kamp\u00e1ny c\u00e9ljainak, a c\u00e9lk\u00f6z\u00f6ns\u00e9gnek, a legfontosabb \u00fczeneteknek \u00e9s a m\u00e1rkajellemz\u0151knek a r\u00f6vid \u00e1ttekint\u00e9s\u00e9t. Emellett felv\u00e1zolja az alkalmazand\u00f3 kreat\u00edv megk\u00f6zel\u00edt\u00e9st, p\u00e9ld\u00e1ul a kamp\u00e1ny hangnem\u00e9t \u00e9s st\u00edlus\u00e1t. A nyilatkozat kritikus fontoss\u00e1g\u00fa dokumentum, amely biztos\u00edtja, hogy a kreat\u00edv csapat minden tagja egy oldalon \u00e1lljon, \u00e9s k\u00f6z\u00f6s c\u00e9l \u00e9rdek\u00e9ben dolgozzon. <\/p>\n<div class=\"newlinediv\"><\/div>\n<p> A kreat\u00edv strat\u00e9giai nyilatkozat egyik legfontosabb el\u0151nye, hogy hat\u00e9konyabb egy\u00fcttm\u0171k\u00f6d\u00e9st tesz lehet\u0151v\u00e9 a kreat\u00edv csapat \u00e9s az \u00fcgyf\u00e9l k\u00f6z\u00f6tt. A kreat\u00edv megk\u00f6zel\u00edt\u00e9s \u00e9s a c\u00e9lok el\u0151zetes felv\u00e1zol\u00e1s\u00e1val az \u00fcgyfelek visszajelz\u00e9st adhatnak \u00e9s kiigaz\u00edt\u00e1sokat v\u00e9gezhetnek a kamp\u00e1ny elind\u00edt\u00e1sa el\u0151tt. Ez seg\u00edt biztos\u00edtani, hogy a v\u00e9gterm\u00e9k \u00f6sszhangban legyen az \u00fcgyf\u00e9l elk\u00e9pzel\u00e9seivel \u00e9s c\u00e9lkit\u0171z\u00e9seivel. <\/p>\n<div class=\"newlinediv\"><\/div>\n<p> A kreat\u00edv strat\u00e9giai nyilatkozat m\u00e1sik el\u0151nye, hogy lehet\u0151v\u00e9 teszi az er\u0151forr\u00e1sok hat\u00e9konyabb felhaszn\u00e1l\u00e1s\u00e1t. A vil\u00e1gos ir\u00e1nyvonal birtok\u00e1ban a kreat\u00edv csapat a kamp\u00e1ny c\u00e9lkit\u0171z\u00e9seihez igazod\u00f3 tartalom kidolgoz\u00e1s\u00e1ra \u00f6sszpontos\u00edthatja er\u0151fesz\u00edt\u00e9seit. Ez seg\u00edthet elker\u00fclni az olyan tartalmakra pazarolt id\u0151t \u00e9s er\u0151forr\u00e1sokat, amelyek nem felelnek meg az \u00fcgyf\u00e9l ig\u00e9nyeinek vagy c\u00e9ljainak. <\/p>\n<div class=\"newlinediv\"><\/div>\n<p> \u00d6sszefoglalva, a kreat\u00edv strat\u00e9giai nyilatkozat l\u00e9tfontoss\u00e1g\u00fa eszk\u00f6z minden marketing- vagy rekl\u00e1mkamp\u00e1ny sz\u00e1m\u00e1ra. Egy\u00e9rtelm\u0171 ir\u00e1nyt ad a kreat\u00edv csapat sz\u00e1m\u00e1ra, \u00e9s biztos\u00edtja, hogy minden tag egy k\u00f6z\u00f6s c\u00e9l\u00e9rt dolgozzon. A kamp\u00e1ny c\u00e9ljainak, a c\u00e9lk\u00f6z\u00f6ns\u00e9gnek, a legfontosabb \u00fczeneteknek \u00e9s a kreat\u00edv megk\u00f6zel\u00edt\u00e9snek a felv\u00e1zol\u00e1s\u00e1val a nyilatkozat seg\u00edt biztos\u00edtani, hogy a v\u00e9gterm\u00e9k \u00f6sszhangban legyen az \u00fcgyf\u00e9l elk\u00e9pzel\u00e9seivel \u00e9s c\u00e9lkit\u0171z\u00e9seivel. V\u00e9gs\u0151 soron a kreat\u00edv strat\u00e9giai nyilatkozat meg\u00e9rt\u00e9se \u00e9s felhaszn\u00e1l\u00e1sa seg\u00edthet a kreat\u00edv lehet\u0151s\u00e9gek vil\u00e1g\u00e1nak felt\u00e1r\u00e1s\u00e1ban.<\/p><\/div>\n<div class=\"questions\">\n<div class=\"questionstitle\">FAQ<\/div>\n<div class=\"question\">\n<div class=\"qtitle\"> Hogyan kell strat\u00e9giai nyilatkozatot \u00edrni?<\/div>\n<p> A strat\u00e9giai nyilatkozat egy t\u00f6m\u00f6r dokumentum, amely felv\u00e1zolja a v\u00e1llalat c\u00e9ljait, c\u00e9lkit\u0171z\u00e9seit \u00e9s az ezek el\u00e9r\u00e9s\u00e9re vonatkoz\u00f3 terveket. \u00cdme a strat\u00e9giai nyilatkozat meg\u00edr\u00e1s\u00e1nak l\u00e9p\u00e9sei: <\/p>\n<div class=\"newlinediv\"><\/div>\n<p> 1. Hat\u00e1rozza meg a k\u00fcldet\u00e9s\u00e9t: Kezdje a v\u00e1llalat k\u00fcldet\u00e9snyilatkozat\u00e1nak meghat\u00e1roz\u00e1s\u00e1val. Ennek a nyilatkozatnak t\u00fckr\u00f6znie kell a v\u00e1llalat c\u00e9lj\u00e1t \u00e9s \u00e9rt\u00e9keit. <\/p>\n<div class=\"newlinediv\"><\/div>\n<p> 2. V\u00e9gezzen SWOT-elemz\u00e9st: V\u00e9gezzen SWOT-elemz\u00e9st v\u00e1llalata er\u0151ss\u00e9geinek, gyenges\u00e9geinek, lehet\u0151s\u00e9geinek \u00e9s vesz\u00e9lyeinek azonos\u00edt\u00e1s\u00e1ra. Ez az elemz\u00e9s seg\u00edt azonos\u00edtani azokat a ter\u00fcleteket, ahol v\u00e1llalat\u00e1nak fejl\u0151dnie kell, \u00e9s azokat a ter\u00fcleteket, ahol kihaszn\u00e1lhatja a lehet\u0151s\u00e9geket. <\/p>\n<div class=\"newlinediv\"><\/div>\n<p> 3. T\u0171zz\u00f6n ki c\u00e9lokat: T\u0171zz\u00f6n ki konkr\u00e9t \u00e9s m\u00e9rhet\u0151 c\u00e9lokat, amelyek \u00f6sszhangban vannak a v\u00e1llalat k\u00fcldet\u00e9s\u00e9vel \u00e9s \u00e9rt\u00e9keivel. Ezeknek a c\u00e9loknak re\u00e1lisnak \u00e9s el\u00e9rhet\u0151nek kell lenni\u00fck. <\/p>\n<div class=\"newlinediv\"><\/div>\n<p> 4. Fejlesszen ki egy tervet: Dolgozzon ki egy tervet a c\u00e9ljai el\u00e9r\u00e9s\u00e9re. Ennek a tervnek tartalmaznia kell megval\u00f3s\u00edthat\u00f3 l\u00e9p\u00e9seket \u00e9s hat\u00e1rid\u0151ket. <\/p>\n<div class=\"newlinediv\"><\/div>\n<p> 5. Kommunik\u00e1lja a strat\u00e9gi\u00e1t: Kommunik\u00e1lja a strat\u00e9gi\u00e1t az \u00f6sszes alkalmazottal \u00e9s \u00e9rdekelt f\u00e9llel. Ez biztos\u00edtja, hogy mindenki ugyanazon az oldalon \u00e1lljon, \u00e9s ugyanazok\u00e9rt a c\u00e9lok\u00e9rt dolgozzon. <\/p>\n<div class=\"newlinediv\"><\/div>\n<p> 6. Ellen\u0151rizze az el\u0151rehalad\u00e1st: Ellen\u0151rizze a c\u00e9lok fel\u00e9 tett el\u0151rehalad\u00e1st, \u00e9s sz\u00fcks\u00e9g szerint m\u00f3dos\u00edtsa a strat\u00e9gi\u00e1t. A strat\u00e9gia rendszeres fel\u00fclvizsg\u00e1lata seg\u00edt abban, hogy a helyes \u00faton maradjon, \u00e9s elv\u00e9gezze a sz\u00fcks\u00e9ges v\u00e1ltoztat\u00e1sokat. <\/p>\n<div class=\"newlinediv\"><\/div>\n<p> \u00d6sszefoglalva, a strat\u00e9giai nyilatkozat meg\u00edr\u00e1sa mag\u00e1ban foglalja a v\u00e1llalat k\u00fcldet\u00e9s\u00e9nek meghat\u00e1roz\u00e1s\u00e1t, a SWOT-elemz\u00e9s elv\u00e9gz\u00e9s\u00e9t, a c\u00e9lok kit\u0171z\u00e9s\u00e9t, a terv kidolgoz\u00e1s\u00e1t, a strat\u00e9gia kommunik\u00e1l\u00e1s\u00e1t \u00e9s a halad\u00e1s nyomon k\u00f6vet\u00e9s\u00e9t. <\/p>\n<\/div>\n<div class=\"question\">\n<div class=\"qtitle\"> Mi a kreat\u00edv strat\u00e9gia a rekl\u00e1mszakm\u00e1ban?<\/div>\n<p> A kreat\u00edv strat\u00e9gia a rekl\u00e1mban egy olyan terv vagy megk\u00f6zel\u00edt\u00e9s, amelyet egy rekl\u00e1m\u00fcgyn\u00f6ks\u00e9g vagy marketingcsapat dolgoz ki, hogy seg\u00edtsen nekik el\u00e9rni a c\u00e9lk\u00f6z\u00f6ns\u00e9get, mik\u00f6zben egyedi \u00e9s meggy\u0151z\u0151 m\u00f3don kommunik\u00e1lja a term\u00e9k vagy szolg\u00e1ltat\u00e1s el\u0151nyeit. Ennek a strat\u00e9gi\u00e1nak a k\u00f6z\u00e9ppontj\u00e1ban az az elk\u00e9pzel\u00e9s \u00e1ll, hogy hogyan lehet a m\u00e1rka \u00fczenet\u00e9t \u00fagy bemutatni, hogy az eml\u00e9kezetes \u00e9s hat\u00e1sos legyen. <\/p>\n<div class=\"newlinediv\"><\/div>\n<p> A kreat\u00edv strat\u00e9gia a c\u00e9lk\u00f6z\u00f6ns\u00e9g azonos\u00edt\u00e1s\u00e1val \u00e9s ig\u00e9nyeinek, \u00e9rdekl\u0151d\u00e9si k\u00f6r\u00e9nek \u00e9s viselked\u00e9s\u00e9nek meg\u00e9rt\u00e9s\u00e9vel kezd\u0151dik. Ezt az inform\u00e1ci\u00f3t ezut\u00e1n arra haszn\u00e1lj\u00e1k fel, hogy a m\u00e1rka sz\u00e1m\u00e1ra olyan egyedi \u00fczenetet vagy szeml\u00e9letm\u00f3dot dolgozzanak ki, amely a c\u00e9lk\u00f6z\u00f6ns\u00e9g sz\u00e1m\u00e1ra rezonanci\u00e1t v\u00e1lt ki. A strat\u00e9gia jellemz\u0151en olyan vizu\u00e1lis \u00e9s \u00fczenetk\u00f6zvet\u00edt\u0151 elemek kever\u00e9k\u00e9t tartalmazza, amelyek c\u00e9lja a figyelem felkelt\u00e9se \u00e9s a m\u00e1rka \u00fczenet\u00e9nek hat\u00e9kony kommunik\u00e1l\u00e1sa. <\/p>\n<div class=\"newlinediv\"><\/div>\n<p> A kreat\u00edv strat\u00e9gia n\u00e9h\u00e1ny gyakori eleme a rekl\u00e1moz\u00e1sban: <\/p>\n<div class=\"newlinediv\"><\/div>\n<p> 1. A m\u00e1rka pozicion\u00e1l\u00e1sa &#8211; Ez mag\u00e1ban foglalja a m\u00e1rka egyedi \u00e9rt\u00e9kes\u00edt\u00e9si aj\u00e1nlat\u00e1nak meghat\u00e1roz\u00e1s\u00e1t \u00e9s azt, hogy miben k\u00fcl\u00f6nb\u00f6zik a versenyt\u00e1rsakt\u00f3l. <\/p>\n<div class=\"newlinediv\"><\/div>\n<p> 2. Kreat\u00edv koncepci\u00f3 &#8211; Az az \u00f6tlet vagy koncepci\u00f3, amellyel a m\u00e1rka \u00fczenet\u00e9t eml\u00e9kezetes \u00e9s hat\u00e1sos m\u00f3don kommunik\u00e1lj\u00e1k. <\/p>\n<div class=\"newlinediv\"><\/div>\n<p> 3. \u00dczenetek &#8211; A konkr\u00e9t szavak \u00e9s kifejez\u00e9sek, amelyekkel a m\u00e1rka \u00fczenet\u00e9t a c\u00e9lk\u00f6z\u00f6ns\u00e9gnek k\u00f6zvet\u00edtik. <\/p>\n<div class=\"newlinediv\"><\/div>\n<p> 4. Vizu\u00e1lis design &#8211; A vizu\u00e1lis elemek, p\u00e9ld\u00e1ul k\u00e9pek, sz\u00ednek \u00e9s tipogr\u00e1fia, amelyeket az eml\u00e9kezetes \u00e9s hat\u00e1sos hirdet\u00e9s l\u00e9trehoz\u00e1s\u00e1hoz haszn\u00e1lnak. <\/p>\n<div class=\"newlinediv\"><\/div>\n<p> 5. M\u00e9diacsatorn\u00e1k &#8211; A konkr\u00e9t csatorn\u00e1k vagy platformok, ahol a hirdet\u00e9s megjelenik, p\u00e9ld\u00e1ul a TV, a k\u00f6z\u00f6ss\u00e9gi m\u00e9dia vagy a nyomtatott sajt\u00f3. <\/p>\n<div class=\"newlinediv\"><\/div>\n<p> \u00d6sszess\u00e9g\u00e9ben a kreat\u00edv rekl\u00e1mstrat\u00e9gia minden sikeres marketingkamp\u00e1ny alapvet\u0151 eleme. Seg\u00edt a m\u00e1rk\u00e1nak kit\u0171nni a versenyt\u00e1rsak k\u00f6z\u00fcl, \u00e9s megragadni a c\u00e9lk\u00f6z\u00f6ns\u00e9g figyelm\u00e9t, ami v\u00e9gs\u0151 soron az \u00e9rt\u00e9kes\u00edt\u00e9s \u00e9s a bev\u00e9tel n\u00f6veked\u00e9s\u00e9t eredm\u00e9nyezi.<\/p>\n<\/div>\n<\/div>\n","protected":false},"excerpt":{"rendered":"<p>A marketing \u00e9s a rekl\u00e1m mai rohan\u00f3 \u00e9s folyamatosan fejl\u0151d\u0151 vil\u00e1g\u00e1ban elengedhetetlen, hogy alaposan meg\u00e9rts\u00fck a kreat\u00edv strat\u00e9giai nyilatkozatot. A kreat\u00edv strat\u00e9giai nyilatkozat l\u00e9nyeg\u00e9ben egy olyan dokumentum, amely felv\u00e1zolja egy marketing- vagy rekl\u00e1mkamp\u00e1ny kreat\u00edv ir\u00e1nyvonal\u00e1t. Olyan \u00fatitervk\u00e9nt szolg\u00e1l, amely a kreat\u00edv csapatot a m\u00e1rka \u00e1ltal\u00e1nos \u00fczeneteivel \u00e9s c\u00e9lkit\u0171z\u00e9seivel \u00f6sszhangban l\u00e9v\u0151 tartalom kidolgoz\u00e1s\u00e1hoz ir\u00e1ny\u00edtja. A kreat\u00edv &#8230; <a title=\"Kreat\u00edv lehet\u0151s\u00e9gek felszabad\u00edt\u00e1sa: A kreat\u00edv strat\u00e9giai nyilatkozat meg\u00e9rt\u00e9se\" class=\"read-more\" href=\"https:\/\/megnyitasa.com\/tudas\/kreativ-lehetosegek-felszabaditasa-a-kreativ-strategiai-nyilatkozat-megertese\/\" aria-label=\"Read more about Kreat\u00edv lehet\u0151s\u00e9gek felszabad\u00edt\u00e1sa: A kreat\u00edv strat\u00e9giai nyilatkozat meg\u00e9rt\u00e9se\">Read more<\/a><\/p>\n","protected":false},"author":3287,"featured_media":0,"comment_status":"closed","ping_status":"closed","sticky":false,"template":"","format":"standard","meta":{"footnotes":""},"categories":[7],"tags":[],"class_list":["post-8318","post","type-post","status-publish","format-standard","hentry","category-uzleti-technologia-es-ugyfelszolgalat"],"_links":{"self":[{"href":"https:\/\/megnyitasa.com\/tudas\/wp-json\/wp\/v2\/posts\/8318","targetHints":{"allow":["GET"]}}],"collection":[{"href":"https:\/\/megnyitasa.com\/tudas\/wp-json\/wp\/v2\/posts"}],"about":[{"href":"https:\/\/megnyitasa.com\/tudas\/wp-json\/wp\/v2\/types\/post"}],"author":[{"embeddable":true,"href":"https:\/\/megnyitasa.com\/tudas\/wp-json\/wp\/v2\/users\/3287"}],"replies":[{"embeddable":true,"href":"https:\/\/megnyitasa.com\/tudas\/wp-json\/wp\/v2\/comments?post=8318"}],"version-history":[{"count":0,"href":"https:\/\/megnyitasa.com\/tudas\/wp-json\/wp\/v2\/posts\/8318\/revisions"}],"wp:attachment":[{"href":"https:\/\/megnyitasa.com\/tudas\/wp-json\/wp\/v2\/media?parent=8318"}],"wp:term":[{"taxonomy":"category","embeddable":true,"href":"https:\/\/megnyitasa.com\/tudas\/wp-json\/wp\/v2\/categories?post=8318"},{"taxonomy":"post_tag","embeddable":true,"href":"https:\/\/megnyitasa.com\/tudas\/wp-json\/wp\/v2\/tags?post=8318"}],"curies":[{"name":"wp","href":"https:\/\/api.w.org\/{rel}","templated":true}]}}