{"id":8411,"date":"2023-05-10T20:21:15","date_gmt":"2023-05-10T20:21:15","guid":{"rendered":"https:\/\/megnyitasa.com\/tudas\/?p=8411"},"modified":"2023-05-10T20:21:15","modified_gmt":"2023-05-10T20:21:15","slug":"profilja-biztonsagban-tartasa-a-guide-to-hiding-your-age-on-facebook","status":"publish","type":"post","link":"https:\/\/megnyitasa.com\/tudas\/profilja-biztonsagban-tartasa-a-guide-to-hiding-your-age-on-facebook\/","title":{"rendered":"Profilja biztons\u00e1gban tart\u00e1sa: A Guide to Hiding Your Age on Facebook"},"content":{"rendered":"<div class=\"articlecontent\">\n<div class=\"newlinediv\"><\/div>\n<p> A Facebook egy n\u00e9pszer\u0171 k\u00f6z\u00f6ss\u00e9gi m\u00e9diaplatform, amely lehet\u0151v\u00e9 teszi a felhaszn\u00e1l\u00f3k sz\u00e1m\u00e1ra, hogy kapcsolatot tartsanak bar\u00e1taikkal \u00e9s csal\u00e1dtagjaikkal, f\u00e9nyk\u00e9peket \u00e9s vide\u00f3kat osszanak meg, \u00e9s naprak\u00e9szek legyenek a legfrissebb h\u00edrekkel \u00e9s trendekkel. B\u00e1r a Facebook remek lehet\u0151s\u00e9g a kapcsolattart\u00e1sra, egyes felhaszn\u00e1l\u00f3k nem sz\u00edvesen osztanak meg szem\u00e9lyes inform\u00e1ci\u00f3kat, p\u00e9ld\u00e1ul a korukat. Szerencs\u00e9re a Facebook sz\u00e1mos lehet\u0151s\u00e9get k\u00edn\u00e1l azoknak a felhaszn\u00e1l\u00f3knak, akik szeretn\u00e9k \u00e9letkorukat titokban tartani. <\/p>\n<div class=\"newlinediv\"><\/div>\n<p> Az \u00e9letkor elrejt\u00e9s\u00e9nek egyik m\u00f3dja a Facebookon az, hogy egyszer\u0171en \u00fcresen hagyja az \u00e9letkor\u00e1t. A Facebook-profil l\u00e9trehoz\u00e1sakor megk\u00e9rik, hogy adja meg a sz\u00fclet\u00e9si d\u00e1tum\u00e1t. Ez az inform\u00e1ci\u00f3 azonban nem k\u00f6telez\u0151, \u00e9s \u00d6n d\u00f6nthet \u00fagy is, hogy \u00fcresen hagyja. Ha m\u00e1r megadta a sz\u00fclet\u00e9si d\u00e1tum\u00e1t, \u00e9s szeretn\u00e9 elt\u00e1vol\u00edtani, egyszer\u0171en l\u00e9pjen be a profilj\u00e1ba, kattintson a &#8222;R\u00f3lunk&#8221;, majd a &#8222;Kapcsolat \u00e9s alapinform\u00e1ci\u00f3k&#8221; men\u00fcpontra. Onnan szerkesztheti sz\u00fclet\u00e9si d\u00e1tum\u00e1t, \u00e9s d\u00f6nthet \u00fagy, hogy \u00fcresen hagyja. <\/p>\n<div class=\"newlinediv\"><\/div>\n<p> Egy m\u00e1sik lehet\u0151s\u00e9g az adatv\u00e9delmi be\u00e1ll\u00edt\u00e1sok m\u00f3dos\u00edt\u00e1sa. A Facebook lehet\u0151v\u00e9 teszi a felhaszn\u00e1l\u00f3k sz\u00e1m\u00e1ra, hogy szab\u00e1lyozz\u00e1k, ki l\u00e1thatja a profiljuk adatait, bele\u00e9rtve az \u00e9letkorukat is. Ehhez menj a profilodra, kattints a &#8222;R\u00f3lad&#8221; men\u00fcpontra, majd a &#8222;Kapcsolat \u00e9s alapvet\u0151 inform\u00e1ci\u00f3k&#8221; men\u00fcpontra. Onnan az &#8222;Alapinform\u00e1ci\u00f3k&#8221; szakasz mellett a &#8222;Szerkeszt\u00e9s&#8221; opci\u00f3t v\u00e1lasztva kiv\u00e1laszthatja, hogy ki l\u00e1thatja a sz\u00fclet\u00e9si d\u00e1tum\u00e1t. Ezut\u00e1n kiv\u00e1laszthatod, hogy a sz\u00fclet\u00e9si d\u00e1tumod nyilv\u00e1nos, csak a bar\u00e1taid sz\u00e1m\u00e1ra l\u00e1that\u00f3 vagy teljesen priv\u00e1t legyen. <\/p>\n<div class=\"newlinediv\"><\/div>\n<p> Ha \u00e9letkorodat nem szeretn\u00e9d nyilv\u00e1noss\u00e1gra hozni, de szeretn\u00e9d megosztani sz\u00fclet\u00e9si d\u00e1tumodat bar\u00e1taiddal \u00e9s csal\u00e1dtagjaiddal, l\u00e9trehozhatsz egy egy\u00e9ni list\u00e1t azokr\u00f3l az emberekr\u0151l, akik l\u00e1thatj\u00e1k sz\u00fclet\u00e9si d\u00e1tumodat. Ehhez menj a profilodra, kattints a &#8222;R\u00f3lad&#8221;, majd a &#8222;Kapcsolat \u00e9s alapinform\u00e1ci\u00f3k&#8221; men\u00fcpontra. Ott az &#8222;Alapinform\u00e1ci\u00f3k&#8221; szakasz mellett v\u00e1laszd a &#8222;Szerkeszt\u00e9s&#8221; lehet\u0151s\u00e9get, majd a leg\u00f6rd\u00fcl\u0151 men\u00fcb\u0151l v\u00e1laszd az &#8222;Egy\u00e9ni&#8221; lehet\u0151s\u00e9get. Ezut\u00e1n l\u00e9trehozhat egy list\u00e1t azokr\u00f3l az emberekr\u0151l, akik l\u00e1thatj\u00e1k a sz\u00fclet\u00e9si d\u00e1tum\u00e1t, p\u00e9ld\u00e1ul a k\u00f6zeli bar\u00e1tok \u00e9s csal\u00e1dtagok. <\/p>\n<div class=\"newlinediv\"><\/div>\n<p> V\u00e9g\u00fcl, ha agg\u00f3dik amiatt, hogy \u00e9letkora l\u00e1that\u00f3 a Facebook keres\u00e9si eredm\u00e9nyeiben, m\u00f3dos\u00edthatja a keres\u00e9si adatv\u00e9delmi be\u00e1ll\u00edt\u00e1sait. Ehhez l\u00e9pjen be a profilj\u00e1ba, kattintson a &#8222;Be\u00e1ll\u00edt\u00e1sok&#8221;, majd az &#8222;Adatv\u00e9delem&#8221; men\u00fcpontra. Innen a &#8222;Ki kereshet meg engem?&#8221; szakasz mellett a &#8222;Szerkeszt\u00e9s&#8221; lehet\u0151s\u00e9g kiv\u00e1laszt\u00e1s\u00e1val be\u00e1ll\u00edthatja, hogy ki l\u00e1thatja \u00d6nt a Facebook keres\u00e9si eredm\u00e9nyeiben. Ezut\u00e1n kiv\u00e1laszthatja, hogy mindenki sz\u00e1m\u00e1ra l\u00e1that\u00f3 legyen, csak a bar\u00e1tai sz\u00e1m\u00e1ra legyen l\u00e1that\u00f3, vagy teljesen priv\u00e1t legyen. <\/p>\n<div class=\"newlinediv\"><\/div>\n<p> \u00d6sszefoglalva, a Facebook sz\u00e1mos lehet\u0151s\u00e9get k\u00edn\u00e1l azoknak a felhaszn\u00e1l\u00f3knak, akik szeretn\u00e9k \u00e9letkorukat titokban tartani. Ha \u00fcresen hagyod a sz\u00fclet\u00e9si d\u00e1tumodat, m\u00f3dos\u00edtod az adatv\u00e9delmi be\u00e1ll\u00edt\u00e1saidat, l\u00e9trehozol egy egy\u00e9ni list\u00e1t azokr\u00f3l az emberekr\u0151l, akik l\u00e1thatj\u00e1k a sz\u00fclet\u00e9si d\u00e1tumodat, vagy m\u00f3dos\u00edtod a keres\u00e9si adatv\u00e9delmi be\u00e1ll\u00edt\u00e1sokat, akkor biztons\u00e1gban tarthatod a profilodat, mik\u00f6zben \u00e9lvezheted mindazt, amit a Facebook k\u00edn\u00e1l.<\/p><\/div>\n<div class=\"questions\">\n<div class=\"questionstitle\">FAQ<\/div>\n<div class=\"question\">\n<div class=\"qtitle\"> L\u00e1thatj\u00e1k az emberek a sz\u00fclet\u00e9si d\u00e1tumomat a Facebookon?<\/div>\n<p> Az adatv\u00e9delmi be\u00e1ll\u00edt\u00e1sokt\u00f3l f\u00fcgg\u0151en m\u00e1sok sz\u00e1m\u00e1ra is l\u00e1that\u00f3 lehet a sz\u00fclet\u00e9si d\u00e1tumod a Facebookon. Alap\u00e9rtelmez\u00e9s szerint a Facebook a sz\u00fclet\u00e9snapi adatait csak a &#8222;Bar\u00e1tok&#8221;-ra \u00e1ll\u00edtja be, ami azt jelenti, hogy csak a Facebook-bar\u00e1taid l\u00e1thatj\u00e1k a sz\u00fclet\u00e9snapodat. Ha azonban az adatv\u00e9delmi be\u00e1ll\u00edt\u00e1sait &#8222;Nyilv\u00e1nos&#8221; vagy &#8222;Egy\u00e9ni&#8221; \u00e9rt\u00e9kre m\u00f3dos\u00edtotta, a sz\u00fclet\u00e9snapja b\u00e1rki sz\u00e1m\u00e1ra l\u00e1that\u00f3 lehet, aki megn\u00e9zi a profilj\u00e1t. <\/p>\n<div class=\"newlinediv\"><\/div>\n<p> Ha ellen\u0151rizni vagy m\u00f3dos\u00edtani szeretn\u00e9 a sz\u00fclet\u00e9snapj\u00e1ra vonatkoz\u00f3 adatv\u00e9delmi be\u00e1ll\u00edt\u00e1sait a Facebookon, k\u00f6vesse az al\u00e1bbi l\u00e9p\u00e9seket: <\/p>\n<div class=\"newlinediv\"><\/div>\n<p> 1. L\u00e9pjen be a Facebook profiloldal\u00e1ra <\/p>\n<div class=\"newlinediv\"><\/div>\n<p> 2. Kattintson a &#8222;R\u00f3lam&#8221; r\u00e9szre <\/p>\n<div class=\"newlinediv\"><\/div>\n<p> 3. G\u00f6rgessen le a &#8222;Kapcsolat \u00e9s alapvet\u0151 adatok&#8221; r\u00e9szhez, \u00e9s kattintson a &#8222;Szerkeszt\u00e9s&#8221; gombra <\/p>\n<div class=\"newlinediv\"><\/div>\n<p> 4. Kattintson a sz\u00fclet\u00e9snapja melletti adatv\u00e9delmi ikonra <\/p>\n<div class=\"newlinediv\"><\/div>\n<p> 5. V\u00e1lassza ki a k\u00edv\u00e1nt adatv\u00e9delmi be\u00e1ll\u00edt\u00e1st (Nyilv\u00e1nos, Bar\u00e1tok, Csak \u00e9n vagy Egy\u00e9ni) <\/p>\n<div class=\"newlinediv\"><\/div>\n<p> Fontos megjegyezni, hogy sz\u00fclet\u00e9si d\u00e1tum\u00e1t gyakran haszn\u00e1lj\u00e1k szem\u00e9lyazonoss\u00e1g\u00e1nak ellen\u0151rz\u00e9s\u00e9re, p\u00e9ld\u00e1ul jelszavak vissza\u00e1ll\u00edt\u00e1sakor vagy szem\u00e9lyazonoss\u00e1g\u00e1nak meger\u0151s\u00edt\u00e9sekor p\u00e9nz\u00fcgyi int\u00e9zm\u00e9nyekn\u00e9l. \u00cdgy b\u00e1r korl\u00e1tozhatja, hogy ki l\u00e1thatja a sz\u00fclet\u00e9si d\u00e1tum\u00e1t a Facebookon, fontos, hogy pontos \u00e9s naprak\u00e9sz adatokat t\u00e1roljon az ilyen t\u00edpus\u00fa szervezetekn\u00e9l. <\/p>\n<\/div>\n<div class=\"question\">\n<div class=\"qtitle\"> Hogyan akad\u00e1lyozhatom meg, hogy a Facebook 2022-ben bejelentse a sz\u00fclet\u00e9snapomat?<\/div>\n<p> Ahhoz, hogy megakad\u00e1lyozd, hogy a Facebook 2022-ben bejelentse a sz\u00fclet\u00e9snapodat, m\u00f3dos\u00edtanod kell az adatv\u00e9delmi be\u00e1ll\u00edt\u00e1saidat. Az al\u00e1bbi l\u00e9p\u00e9seket k\u00f6vetheti: <\/p>\n<div class=\"newlinediv\"><\/div>\n<p> 1. Jelentkezzen be a Facebook-fi\u00f3kj\u00e1ba. <\/p>\n<div class=\"newlinediv\"><\/div>\n<p> 2. Kattints a profilk\u00e9pedre a k\u00e9perny\u0151 jobb fels\u0151 sark\u00e1ban, hogy a profilodra l\u00e9pj. <\/p>\n<div class=\"newlinediv\"><\/div>\n<p> 3. Kattints a profilk\u00e9ped alatt a &#8222;R\u00f3lad&#8221; gombra. <\/p>\n<div class=\"newlinediv\"><\/div>\n<p> 4. G\u00f6rgessen le az &#8222;Alapvet\u0151 inform\u00e1ci\u00f3k&#8221; r\u00e9szhez, \u00e9s kattintson a sz\u00fclet\u00e9snapja melletti ceruza ikonra. <\/p>\n<div class=\"newlinediv\"><\/div>\n<p> 5. V\u00e1lassza ki a &#8222;Csak \u00e9n&#8221; lehet\u0151s\u00e9get a leg\u00f6rd\u00fcl\u0151 men\u00fcb\u0151l, hogy a sz\u00fclet\u00e9snapj\u00e1t priv\u00e1tt\u00e1 tegye. <\/p>\n<div class=\"newlinediv\"><\/div>\n<p> 6. Kattintson a &#8222;Ment\u00e9s&#8221; gombra a m\u00f3dos\u00edt\u00e1sok elment\u00e9s\u00e9hez. <\/p>\n<div class=\"newlinediv\"><\/div>\n<p> A &#8222;Csak \u00e9n&#8221; kiv\u00e1laszt\u00e1s\u00e1val a sz\u00fclet\u00e9snapja t\u00f6bb\u00e9 nem lesz l\u00e1that\u00f3 a Facebook-bar\u00e1tai sz\u00e1m\u00e1ra, \u00e9s nem jelenik meg a h\u00edrfolyamukban. Az emberek azonban tov\u00e1bbra is k\u00fcldhetnek neked priv\u00e1t sz\u00fclet\u00e9snapi j\u00f3k\u00edv\u00e1ns\u00e1gokat, ha tudj\u00e1k a sz\u00fclet\u00e9snapodat. <\/p>\n<\/div>\n<div class=\"question\">\n<div class=\"qtitle\"> Hogyan rejthetem el a sz\u00fclet\u00e9snapomat az id\u0151vonalamon?<\/div>\n<p> Sajn\u00e1lom, de az \u00d6n \u00e1ltal feltett k\u00e9rd\u00e9s nem tartozik a Sz\u00e1mvitel \u00e9s k\u00f6nyvel\u00e9s kateg\u00f3ri\u00e1ba. Azonban, hogy v\u00e1laszoljak a k\u00e9rd\u00e9sedre, ha a sz\u00fclet\u00e9snapod elrejt\u00e9s\u00e9re gondolsz a Facebookon, akkor ezt a profilodra l\u00e9pve \u00e9s a &#8222;Profil szerkeszt\u00e9se&#8221; gombra kattintva teheted meg. Ezut\u00e1n kattintson a &#8222;R\u00f3lad sz\u00f3l\u00f3 inform\u00e1ci\u00f3k szerkeszt\u00e9se&#8221; gombra, \u00e9s keresse meg az &#8222;Alapinform\u00e1ci\u00f3k&#8221; r\u00e9szt. L\u00e9pjen a &#8222;Sz\u00fclet\u00e9snap&#8221; mez\u0151 f\u00f6l\u00e9, \u00e9s kattintson a megjelen\u0151 &#8222;Szerkeszt\u00e9s&#8221; gombra. Ezut\u00e1n kiv\u00e1laszthatja, hogy ki l\u00e1thatja a sz\u00fclet\u00e9snapi adatait, vagy \u00fagy d\u00f6nthet, hogy egy\u00e1ltal\u00e1n nem jelen\u00edti meg. <\/p>\n<\/div>\n<div class=\"question\">\n<div class=\"qtitle\"> El kellene rejtenem a sz\u00fclet\u00e9snapomat a Facebookon?<\/div>\n<p> B\u00e1r ez nem kapcsol\u00f3dik k\u00f6zvetlen\u00fcl a k\u00f6nyvel\u00e9shez \u00e9s a k\u00f6nyvel\u00e9shez, fontos figyelembe venni az adatv\u00e9delmi agg\u00e1lyokat, amikor szem\u00e9lyes adatokr\u00f3l van sz\u00f3. B\u00e1r a Facebook lehet\u0151s\u00e9get biztos\u00edt arra, hogy a sz\u00fclet\u00e9snapj\u00e1t elrejtse a nyilv\u00e1noss\u00e1g el\u0151l, m\u00e9gis az egy\u00e9nen m\u00falik, hogy meg akarja-e osztani ezt az inform\u00e1ci\u00f3t vagy sem. <\/p>\n<div class=\"newlinediv\"><\/div>\n<p> Ha agg\u00f3dik a lehets\u00e9ges szem\u00e9lyazonoss\u00e1g-lop\u00e1s vagy m\u00e1s adatv\u00e9delmi probl\u00e9m\u00e1k miatt, akkor j\u00f3 \u00f6tlet lehet elrejteni a sz\u00fclet\u00e9snapj\u00e1t a Facebookon. A bar\u00e1tokkal \u00e9s a csal\u00e1ddal tov\u00e1bbra is \u00fcnnepelhet m\u00e1s m\u00f3don, p\u00e9ld\u00e1ul priv\u00e1t \u00fczenetekben vagy szem\u00e9lyes \u00f6sszej\u00f6veteleken. <\/p>\n<div class=\"newlinediv\"><\/div>\n<p> M\u00e1sr\u00e9szt viszont egyesek \u00fagy d\u00f6ntenek, hogy megosztj\u00e1k sz\u00fclet\u00e9snapjukat a Facebookon, hogy j\u00f3k\u00edv\u00e1ns\u00e1gokat kapjanak \u00e9s kapcsolatot teremtsenek m\u00e1sokkal. V\u00e9gs\u0151 soron \u00d6n\u00f6n m\u00falik, hogy elrejti vagy megosztja-e sz\u00fclet\u00e9snapj\u00e1t a Facebookon, \u00e9s a szem\u00e9lyes preferenci\u00e1i \u00e9s adatv\u00e9delmi agg\u00e1lyai alapj\u00e1n kell d\u00f6ntenie.<\/p>\n<\/div>\n<\/div>\n","protected":false},"excerpt":{"rendered":"<p>A Facebook egy n\u00e9pszer\u0171 k\u00f6z\u00f6ss\u00e9gi m\u00e9diaplatform, amely lehet\u0151v\u00e9 teszi a felhaszn\u00e1l\u00f3k sz\u00e1m\u00e1ra, hogy kapcsolatot tartsanak bar\u00e1taikkal \u00e9s csal\u00e1dtagjaikkal, f\u00e9nyk\u00e9peket \u00e9s vide\u00f3kat osszanak meg, \u00e9s naprak\u00e9szek legyenek a legfrissebb h\u00edrekkel \u00e9s trendekkel. B\u00e1r a Facebook remek lehet\u0151s\u00e9g a kapcsolattart\u00e1sra, egyes felhaszn\u00e1l\u00f3k nem sz\u00edvesen osztanak meg szem\u00e9lyes inform\u00e1ci\u00f3kat, p\u00e9ld\u00e1ul a korukat. Szerencs\u00e9re a Facebook sz\u00e1mos lehet\u0151s\u00e9get k\u00edn\u00e1l &#8230; <a title=\"Profilja biztons\u00e1gban tart\u00e1sa: A Guide to Hiding Your Age on Facebook\" class=\"read-more\" href=\"https:\/\/megnyitasa.com\/tudas\/profilja-biztonsagban-tartasa-a-guide-to-hiding-your-age-on-facebook\/\" aria-label=\"Read more about Profilja biztons\u00e1gban tart\u00e1sa: A Guide to Hiding Your Age on Facebook\">Read more<\/a><\/p>\n","protected":false},"author":1152,"featured_media":0,"comment_status":"closed","ping_status":"closed","sticky":false,"template":"","format":"standard","meta":{"footnotes":""},"categories":[8],"tags":[],"class_list":["post-8411","post","type-post","status-publish","format-standard","hentry","category-szamvitel-es-konyveles"],"_links":{"self":[{"href":"https:\/\/megnyitasa.com\/tudas\/wp-json\/wp\/v2\/posts\/8411","targetHints":{"allow":["GET"]}}],"collection":[{"href":"https:\/\/megnyitasa.com\/tudas\/wp-json\/wp\/v2\/posts"}],"about":[{"href":"https:\/\/megnyitasa.com\/tudas\/wp-json\/wp\/v2\/types\/post"}],"author":[{"embeddable":true,"href":"https:\/\/megnyitasa.com\/tudas\/wp-json\/wp\/v2\/users\/1152"}],"replies":[{"embeddable":true,"href":"https:\/\/megnyitasa.com\/tudas\/wp-json\/wp\/v2\/comments?post=8411"}],"version-history":[{"count":0,"href":"https:\/\/megnyitasa.com\/tudas\/wp-json\/wp\/v2\/posts\/8411\/revisions"}],"wp:attachment":[{"href":"https:\/\/megnyitasa.com\/tudas\/wp-json\/wp\/v2\/media?parent=8411"}],"wp:term":[{"taxonomy":"category","embeddable":true,"href":"https:\/\/megnyitasa.com\/tudas\/wp-json\/wp\/v2\/categories?post=8411"},{"taxonomy":"post_tag","embeddable":true,"href":"https:\/\/megnyitasa.com\/tudas\/wp-json\/wp\/v2\/tags?post=8411"}],"curies":[{"name":"wp","href":"https:\/\/api.w.org\/{rel}","templated":true}]}}