{"id":8642,"date":"2023-04-24T00:00:00","date_gmt":"2023-04-24T00:00:00","guid":{"rendered":"https:\/\/megnyitasa.com\/tudas\/a-vallalatiranyitas-jelentosege-a-modern-uzleti-vilagban\/"},"modified":"2023-04-24T00:00:00","modified_gmt":"2023-04-24T00:00:00","slug":"a-vallalatiranyitas-jelentosege-a-modern-uzleti-vilagban","status":"publish","type":"post","link":"https:\/\/megnyitasa.com\/tudas\/a-vallalatiranyitas-jelentosege-a-modern-uzleti-vilagban\/","title":{"rendered":"A v\u00e1llalatir\u00e1ny\u00edt\u00e1s jelent\u0151s\u00e9ge a modern \u00fczleti vil\u00e1gban"},"content":{"rendered":"<div class=\"articlecontent\">\n<div class=\"newlinediv\"><\/div>\n<p> A v\u00e1llalatir\u00e1ny\u00edt\u00e1s azon szab\u00e1lyok, elvek \u00e9s gyakorlatok \u00f6sszess\u00e9g\u00e9t jelenti, amelyek egy v\u00e1llalat vezet\u00e9s\u00e9t \u00e9s ir\u00e1ny\u00edt\u00e1s\u00e1t szab\u00e1lyozz\u00e1k. A v\u00e1llalat m\u0171k\u00f6d\u00e9s\u00e9nek minden aspektus\u00e1t mag\u00e1ban foglalja, a p\u00e9nz\u00fcgyi besz\u00e1mol\u00e1st\u00f3l \u00e9s a megfelel\u0151s\u00e9gt\u0151l kezdve a kock\u00e1zatkezel\u00e9sen \u00e1t az etikus viselked\u00e9sig. A mai \u00fczleti vil\u00e1gban a j\u00f3 v\u00e1llalatir\u00e1ny\u00edt\u00e1s fontosabb, mint valaha, mivel a befektet\u0151k, az \u00e9rdekelt felek \u00e9s a nyilv\u00e1noss\u00e1g nagyobb \u00e1tl\u00e1that\u00f3s\u00e1got, elsz\u00e1moltathat\u00f3s\u00e1got \u00e9s felel\u0151ss\u00e9get k\u00f6vetel a v\u00e1llalatokt\u00f3l. <\/p>\n<div class=\"newlinediv\"><\/div>\n<p> A v\u00e1llalatir\u00e1ny\u00edt\u00e1s egyik gyakorlati p\u00e9ld\u00e1ja az igazgat\u00f3tan\u00e1cs l\u00e9trehoz\u00e1sa. Az igazgat\u00f3tan\u00e1cs feladata, hogy fel\u00fcgyelje a v\u00e1llalat vezet\u00e9s\u00e9t, \u00e9s biztos\u00edtsa, hogy a v\u00e1llalatot felel\u0151ss\u00e9gteljesen \u00e9s etikusan vezess\u00e9k. Ez mag\u00e1ban foglalja a strat\u00e9giai c\u00e9lok meghat\u00e1roz\u00e1s\u00e1t, a teljes\u00edtm\u00e9ny nyomon k\u00f6vet\u00e9s\u00e9t, a fels\u0151vezet\u0151k kinevez\u00e9s\u00e9t, valamint annak biztos\u00edt\u00e1s\u00e1t, hogy a v\u00e1llalat megfeleljen minden vonatkoz\u00f3 t\u00f6rv\u00e9nynek \u00e9s el\u0151\u00edr\u00e1snak. <\/p>\n<div class=\"newlinediv\"><\/div>\n<p> A v\u00e1llalatir\u00e1ny\u00edt\u00e1s m\u00e1sik p\u00e9ld\u00e1ja az etikai k\u00f3dex bevezet\u00e9se. Ez felv\u00e1zolja a v\u00e1llalat \u00e9rt\u00e9keit, elveit \u00e9s viselked\u00e9si norm\u00e1it, \u00e9s \u00fatmutat\u00e1st ad arra vonatkoz\u00f3an, hogy az alkalmazottaknak hogyan kell viselkedni\u00fck k\u00fcl\u00f6nb\u00f6z\u0151 helyzetekben. Egy er\u0151s etikai k\u00f3dex seg\u00edthet a bizalom \u00e9s a hiteless\u00e9g ki\u00e9p\u00edt\u00e9s\u00e9ben az \u00e9rdekeltek k\u00f6r\u00e9ben, \u00e9s seg\u00edthet az etik\u00e1tlan vagy illeg\u00e1lis viselked\u00e9s megel\u0151z\u00e9s\u00e9ben is. <\/p>\n<div class=\"newlinediv\"><\/div>\n<p> Emellett sz\u00e1mos v\u00e1llalat ma m\u00e1r a v\u00e1llalatir\u00e1ny\u00edt\u00e1si keretrendszer r\u00e9szek\u00e9nt fenntarthat\u00f3s\u00e1gi politik\u00e1kat vezet be. Ez mag\u00e1ban foglalja a k\u00f6rnyezeti hat\u00e1sok cs\u00f6kkent\u00e9s\u00e9re, a t\u00e1rsadalmi felel\u0151ss\u00e9gv\u00e1llal\u00e1s el\u0151mozd\u00edt\u00e1s\u00e1ra \u00e9s az etikus ell\u00e1t\u00e1si l\u00e1ncok biztos\u00edt\u00e1s\u00e1ra ir\u00e1nyul\u00f3 kezdem\u00e9nyez\u00e9seket. A fenntarthat\u00f3s\u00e1g felkarol\u00e1s\u00e1val a v\u00e1llalatok nemcsak a h\u00edrnev\u00fcket jav\u00edthatj\u00e1k, hanem cs\u00f6kkenthetik a k\u00f6lts\u00e9geket \u00e9s n\u00f6velhetik a hat\u00e9konys\u00e1got is. <\/p>\n<div class=\"newlinediv\"><\/div>\n<p> \u00d6sszess\u00e9g\u00e9ben a j\u00f3 v\u00e1llalatir\u00e1ny\u00edt\u00e1s alapvet\u0151 fontoss\u00e1g\u00fa minden olyan modern v\u00e1llalkoz\u00e1s sz\u00e1m\u00e1ra, amely sikeres akar lenni a mai versenyk\u00e9pes \u00e9s gyorsan v\u00e1ltoz\u00f3 \u00fczleti k\u00f6rnyezetben. Az er\u0151s v\u00e1llalatir\u00e1ny\u00edt\u00e1si gyakorlatok bevezet\u00e9s\u00e9vel a v\u00e1llalatok bizalmat \u00e9s hiteless\u00e9get \u00e9p\u00edthetnek az \u00e9rdekeltek k\u00f6r\u00e9ben, jav\u00edthatj\u00e1k h\u00edrnev\u00fcket \u00e9s cs\u00f6kkenthetik a kock\u00e1zatokat. Legyen sz\u00f3 igazgat\u00f3tan\u00e1cs, etikai k\u00f3dex vagy fenntarthat\u00f3s\u00e1gi politik\u00e1k bevezet\u00e9s\u00e9r\u0151l, minden v\u00e1llalatnak t\u00f6rekednie kell arra, hogy a v\u00e1llalatir\u00e1ny\u00edt\u00e1s legmagasabb sz\u00ednvonal\u00e1t \u00e9rje el.<\/p><\/div>\n<div class=\"questions\">\n<div class=\"questionstitle\">FAQ<\/div>\n<div class=\"question\">\n<div class=\"qtitle\"> Milyen p\u00e9ld\u00e1k vannak a v\u00e1llalatir\u00e1ny\u00edt\u00e1sra?<\/div>\n<p> Az ir\u00e1ny\u00edt\u00e1s egy szervezet \u00e1ltal\u00e1nos ir\u00e1ny\u00edt\u00e1si \u00e9s d\u00f6nt\u00e9shozatali folyamatait jelenti, bele\u00e9rtve a szervezet hat\u00e9kony \u00e9s eredm\u00e9nyes m\u0171k\u00f6d\u00e9s\u00e9t biztos\u00edt\u00f3 ir\u00e1nyelveket, elj\u00e1r\u00e1sokat \u00e9s rendszereket. Az ir\u00e1ny\u00edt\u00e1sra a k\u00f6vetkez\u0151k lehetnek p\u00e9ld\u00e1k: <\/p>\n<div class=\"newlinediv\"><\/div>\n<p> 1. V\u00e1llalati ir\u00e1ny\u00edt\u00e1s: Ez azon szab\u00e1lyok, gyakorlatok \u00e9s folyamatok \u00f6sszess\u00e9g\u00e9re utal, amelyekkel egy v\u00e1llalatot ir\u00e1ny\u00edtanak \u00e9s ellen\u0151riznek. A v\u00e1llalatir\u00e1ny\u00edt\u00e1s jellemz\u0151en mag\u00e1ban foglalja az igazgat\u00f3tan\u00e1cs, a vezet\u0151s\u00e9g \u00e9s m\u00e1s \u00e9rdekelt felek szerep\u00e9t \u00e9s felel\u0151ss\u00e9g\u00e9t, valamint az elsz\u00e1moltathat\u00f3s\u00e1got \u00e9s \u00e1tl\u00e1that\u00f3s\u00e1got biztos\u00edt\u00f3 rendszereket \u00e9s folyamatokat. <\/p>\n<div class=\"newlinediv\"><\/div>\n<p> 2. Nonprofit ir\u00e1ny\u00edt\u00e1s: A v\u00e1llalati ir\u00e1ny\u00edt\u00e1shoz hasonl\u00f3an a nonprofit ir\u00e1ny\u00edt\u00e1s a nonprofit szervezet ir\u00e1ny\u00edt\u00e1s\u00e1t \u00e9s fel\u00fcgyelet\u00e9t foglalja mag\u00e1ban. Ez mag\u00e1ban foglalhatja az igazgat\u00f3tan\u00e1cs, a szem\u00e9lyzet \u00e9s az \u00f6nk\u00e9ntesek szerep\u00e9t \u00e9s felel\u0151ss\u00e9g\u00e9t, valamint a jogi \u00e9s etikai norm\u00e1k betart\u00e1s\u00e1t biztos\u00edt\u00f3 ir\u00e1nyelveket \u00e9s elj\u00e1r\u00e1sokat. <\/p>\n<div class=\"newlinediv\"><\/div>\n<p> 3. A k\u00f6zszf\u00e9ra ir\u00e1ny\u00edt\u00e1sa: Ez a korm\u00e1nyzati \u00fcgyn\u00f6ks\u00e9gek \u00e9s m\u00e1s k\u00f6zszektorbeli szervezetek ir\u00e1ny\u00edt\u00e1si \u00e9s d\u00f6nt\u00e9shozatali folyamataira vonatkozik. A k\u00f6zszf\u00e9ra ir\u00e1ny\u00edt\u00e1sa jellemz\u0151en mag\u00e1ban foglalja a v\u00e1lasztott tiszts\u00e9gvisel\u0151k, k\u00f6ztisztvisel\u0151k \u00e9s m\u00e1s \u00e9rdekelt felek szerep\u00e9t \u00e9s felel\u0151ss\u00e9g\u00e9t, valamint az elsz\u00e1moltathat\u00f3s\u00e1g \u00e9s \u00e1tl\u00e1that\u00f3s\u00e1g biztos\u00edt\u00e1sa \u00e9rdek\u00e9ben alkalmazott politik\u00e1kat \u00e9s elj\u00e1r\u00e1sokat. <\/p>\n<div class=\"newlinediv\"><\/div>\n<p> 4. Informatikai ir\u00e1ny\u00edt\u00e1s: Ez mag\u00e1ban foglalja a szervezet informatikai rendszereinek \u00e9s infrastrukt\u00far\u00e1j\u00e1nak ir\u00e1ny\u00edt\u00e1s\u00e1t \u00e9s fel\u00fcgyelet\u00e9t. Az informatikai ir\u00e1ny\u00edt\u00e1s jellemz\u0151en mag\u00e1ban foglalja az informatikai strat\u00e9gia \u00f6sszehangol\u00e1s\u00e1t az \u00e1ltal\u00e1nos \u00fczleti c\u00e9lokkal, valamint a biztons\u00e1got, a megfelel\u0151s\u00e9get \u00e9s a kock\u00e1zatkezel\u00e9st biztos\u00edt\u00f3 ir\u00e1nyelveket \u00e9s elj\u00e1r\u00e1sokat. <\/p>\n<div class=\"newlinediv\"><\/div>\n<p> \u00d6sszess\u00e9g\u00e9ben az ir\u00e1ny\u00edt\u00e1s kritikus szerepet j\u00e1tszik b\u00e1rmely szervezet siker\u00e9ben, mivel seg\u00edt biztos\u00edtani, hogy a szervezet hat\u00e9konyan \u00e9s eredm\u00e9nyesen, valamint a jogi \u00e9s etikai norm\u00e1knak megfelel\u0151en m\u0171k\u00f6dj\u00f6n. <\/p>\n<\/div>\n<div class=\"question\">\n<div class=\"qtitle\"> Hogyan magyar\u00e1zza a v\u00e1llalatir\u00e1ny\u00edt\u00e1st?<\/div>\n<p> A v\u00e1llalatir\u00e1ny\u00edt\u00e1s olyan folyamatok, ir\u00e1nyelvek \u00e9s szab\u00e1lyoz\u00e1sok \u00f6sszess\u00e9g\u00e9t jelenti, amelyek c\u00e9lja, hogy biztos\u00edts\u00e1k a v\u00e1llalat hat\u00e9kony, \u00e1tl\u00e1that\u00f3 \u00e9s elsz\u00e1moltathat\u00f3 ir\u00e1ny\u00edt\u00e1s\u00e1t. Olyan tev\u00e9kenys\u00e9gek sz\u00e9les k\u00f6r\u00e9t foglalja mag\u00e1ban, amelyek c\u00e9lja a d\u00f6nt\u00e9shozatal keret\u00e9nek megteremt\u00e9se \u00e9s annak biztos\u00edt\u00e1sa, hogy valamennyi \u00e9rdekelt f\u00e9l \u00e9rdekeit figyelembe vegy\u00e9k. <\/p>\n<div class=\"newlinediv\"><\/div>\n<p> A v\u00e1llalatir\u00e1ny\u00edt\u00e1s l\u00e9nyege, hogy olyan f\u00e9kek \u00e9s ellens\u00falyok rendszer\u00e9t hozza l\u00e9tre, amelyek biztos\u00edtj\u00e1k, hogy a v\u00e1llalatot felel\u0151ss\u00e9gteljes \u00e9s etikus m\u00f3don ir\u00e1ny\u00edts\u00e1k. Ez mag\u00e1ban foglalja az igazgat\u00f3tan\u00e1cs, a fels\u0151 vezet\u00e9s \u00e9s m\u00e1s kulcsfontoss\u00e1g\u00fa \u00e9rdekelt felek szerep\u00e9nek \u00e9s felel\u0151ss\u00e9gi k\u00f6r\u00e9nek meghat\u00e1roz\u00e1s\u00e1t, valamint a v\u00e1llalat teljes\u00edtm\u00e9ny\u00e9nek nyomon k\u00f6vet\u00e9s\u00e9re \u00e9s az arr\u00f3l val\u00f3 jelent\u00e9st\u00e9telre szolg\u00e1l\u00f3 mechanizmusok l\u00e9trehoz\u00e1s\u00e1t. <\/p>\n<div class=\"newlinediv\"><\/div>\n<p> A v\u00e1llalatir\u00e1ny\u00edt\u00e1s egyik legfontosabb c\u00e9lja annak biztos\u00edt\u00e1sa, hogy a v\u00e1llalatot a r\u00e9szv\u00e9nyesek \u00e9rdekeinek megfelel\u0151en vezess\u00e9k. Ez azt jelenti, hogy az igazgat\u00f3tan\u00e1cs felel\u0151s a v\u00e1llalat vezet\u00e9s\u00e9nek fel\u00fcgyelet\u00e9\u00e9rt \u00e9s annak biztos\u00edt\u00e1s\u00e1\u00e9rt, hogy d\u00f6nt\u00e9sei \u00f6sszhangban legyenek a v\u00e1llalat hossz\u00fa t\u00e1v\u00fa strat\u00e9giai c\u00e9ljaival. <\/p>\n<div class=\"newlinediv\"><\/div>\n<p> A v\u00e1llalatir\u00e1ny\u00edt\u00e1s mag\u00e1ban foglalja a kock\u00e1zatkezel\u00e9sre, a bels\u0151 ellen\u0151rz\u00e9sre \u00e9s a p\u00e9nz\u00fcgyi besz\u00e1mol\u00e1sra vonatkoz\u00f3 ir\u00e1nyelvek \u00e9s elj\u00e1r\u00e1sok kialak\u00edt\u00e1s\u00e1t is. Ez seg\u00edt biztos\u00edtani, hogy a v\u00e1llalat p\u00e9nz\u00fcgyi kimutat\u00e1sai pontosak \u00e9s megb\u00edzhat\u00f3ak legyenek, \u00e9s hogy a v\u00e1llalat k\u00e9pes legyen a kock\u00e1zatok hat\u00e9kony azonos\u00edt\u00e1s\u00e1ra \u00e9s kezel\u00e9s\u00e9re. <\/p>\n<div class=\"newlinediv\"><\/div>\n<p> \u00d6sszefoglalva, a v\u00e1llalatir\u00e1ny\u00edt\u00e1s a hat\u00e9kony v\u00e1llalatir\u00e1ny\u00edt\u00e1s kritikus eleme. A d\u00f6nt\u00e9shozatal keret\u00e9nek kialak\u00edt\u00e1s\u00e1val, az \u00e1tl\u00e1that\u00f3s\u00e1g \u00e9s az elsz\u00e1moltathat\u00f3s\u00e1g el\u0151mozd\u00edt\u00e1s\u00e1val, valamint annak biztos\u00edt\u00e1s\u00e1val, hogy valamennyi \u00e9rdekelt f\u00e9l \u00e9rdekeit figyelembe vegy\u00e9k, hozz\u00e1j\u00e1rul a v\u00e1llalatba \u00e9s annak vezet\u00e9s\u00e9be vetett bizalom kialak\u00edt\u00e1s\u00e1hoz.<\/p>\n<\/div>\n<\/div>\n","protected":false},"excerpt":{"rendered":"<p>A v\u00e1llalatir\u00e1ny\u00edt\u00e1s azon szab\u00e1lyok, elvek \u00e9s gyakorlatok \u00f6sszess\u00e9g\u00e9t jelenti, amelyek egy v\u00e1llalat vezet\u00e9s\u00e9t \u00e9s ir\u00e1ny\u00edt\u00e1s\u00e1t szab\u00e1lyozz\u00e1k. A v\u00e1llalat m\u0171k\u00f6d\u00e9s\u00e9nek minden aspektus\u00e1t mag\u00e1ban foglalja, a p\u00e9nz\u00fcgyi besz\u00e1mol\u00e1st\u00f3l \u00e9s a megfelel\u0151s\u00e9gt\u0151l kezdve a kock\u00e1zatkezel\u00e9sen \u00e1t az etikus viselked\u00e9sig. A mai \u00fczleti vil\u00e1gban a j\u00f3 v\u00e1llalatir\u00e1ny\u00edt\u00e1s fontosabb, mint valaha, mivel a befektet\u0151k, az \u00e9rdekelt felek \u00e9s a nyilv\u00e1noss\u00e1g &#8230; <a title=\"A v\u00e1llalatir\u00e1ny\u00edt\u00e1s jelent\u0151s\u00e9ge a modern \u00fczleti vil\u00e1gban\" class=\"read-more\" href=\"https:\/\/megnyitasa.com\/tudas\/a-vallalatiranyitas-jelentosege-a-modern-uzleti-vilagban\/\" aria-label=\"Read more about A v\u00e1llalatir\u00e1ny\u00edt\u00e1s jelent\u0151s\u00e9ge a modern \u00fczleti vil\u00e1gban\">Read more<\/a><\/p>\n","protected":false},"author":2658,"featured_media":0,"comment_status":"closed","ping_status":"closed","sticky":false,"template":"","format":"standard","meta":{"footnotes":""},"categories":[9],"tags":[],"class_list":["post-8642","post","type-post","status-publish","format-standard","hentry","category-uzleti-modellek-es-szervezeti-struktura"],"_links":{"self":[{"href":"https:\/\/megnyitasa.com\/tudas\/wp-json\/wp\/v2\/posts\/8642","targetHints":{"allow":["GET"]}}],"collection":[{"href":"https:\/\/megnyitasa.com\/tudas\/wp-json\/wp\/v2\/posts"}],"about":[{"href":"https:\/\/megnyitasa.com\/tudas\/wp-json\/wp\/v2\/types\/post"}],"author":[{"embeddable":true,"href":"https:\/\/megnyitasa.com\/tudas\/wp-json\/wp\/v2\/users\/2658"}],"replies":[{"embeddable":true,"href":"https:\/\/megnyitasa.com\/tudas\/wp-json\/wp\/v2\/comments?post=8642"}],"version-history":[{"count":0,"href":"https:\/\/megnyitasa.com\/tudas\/wp-json\/wp\/v2\/posts\/8642\/revisions"}],"wp:attachment":[{"href":"https:\/\/megnyitasa.com\/tudas\/wp-json\/wp\/v2\/media?parent=8642"}],"wp:term":[{"taxonomy":"category","embeddable":true,"href":"https:\/\/megnyitasa.com\/tudas\/wp-json\/wp\/v2\/categories?post=8642"},{"taxonomy":"post_tag","embeddable":true,"href":"https:\/\/megnyitasa.com\/tudas\/wp-json\/wp\/v2\/tags?post=8642"}],"curies":[{"name":"wp","href":"https:\/\/api.w.org\/{rel}","templated":true}]}}