{"id":8719,"date":"2023-04-24T00:00:00","date_gmt":"2023-04-24T00:00:00","guid":{"rendered":"https:\/\/megnyitasa.com\/tudas\/lenyugozo-video-keszitese-a-macbook-pron-tippek-es-technikak\/"},"modified":"2023-04-24T00:00:00","modified_gmt":"2023-04-24T00:00:00","slug":"lenyugozo-video-keszitese-a-macbook-pron-tippek-es-technikak","status":"publish","type":"post","link":"https:\/\/megnyitasa.com\/tudas\/lenyugozo-video-keszitese-a-macbook-pron-tippek-es-technikak\/","title":{"rendered":"Leny\u0171g\u00f6z\u0151 vide\u00f3 k\u00e9sz\u00edt\u00e9se a MacBook Pr\u00f3n: Tippek \u00e9s technik\u00e1k"},"content":{"rendered":"<div class=\"articlecontent\">\n<div class=\"newlinediv\"><\/div>\n<p> Ha van egy MacBook Pr\u00f3ja, m\u00e1ris egy hat\u00e9kony eszk\u00f6zzel rendelkezik a kiv\u00e1l\u00f3 min\u0151s\u00e9g\u0171 vide\u00f3k k\u00e9sz\u00edt\u00e9s\u00e9hez. A megfelel\u0151 technik\u00e1k \u00e9s szoftverek seg\u00edts\u00e9g\u00e9vel \u00f6tleteidet mag\u00e1val ragad\u00f3 t\u00f6rt\u00e9netekk\u00e9 alak\u00edthatod, amelyek lek\u00f6tik a k\u00f6z\u00f6ns\u00e9get, \u00e9s bemutatj\u00e1k k\u00e9pess\u00e9geidet. \u00cdme n\u00e9h\u00e1ny tipp, amelyek seg\u00edts\u00e9g\u00e9vel min\u0151s\u00e9gi vide\u00f3kat k\u00e9sz\u00edthetsz MacBook Pro g\u00e9peddel. <\/p>\n<div class=\"title\"> 1. Tervezze meg a vide\u00f3t <\/div>\n<p> Miel\u0151tt elkezden\u00e9 a filmez\u00e9st, sz\u00e1njon egy kis id\u0151t a vide\u00f3 megtervez\u00e9s\u00e9re. Hat\u00e1rozza meg c\u00e9ljait, c\u00e9lk\u00f6z\u00f6ns\u00e9g\u00e9t \u00e9s \u00fczenet\u00e9t. Fontolja meg a c\u00e9lj\u00e1nak legink\u00e1bb megfelel\u0151 hangnemet, st\u00edlust \u00e9s form\u00e1tumot. K\u00e9sz\u00edtsen storyboardot vagy forgat\u00f3k\u00f6nyvet, amely felv\u00e1zolja a jeleneteket, felv\u00e9teleket \u00e9s p\u00e1rbesz\u00e9deket. Gondolja \u00e1t a helysz\u00ednt, a vil\u00e1g\u00edt\u00e1st, a hangot \u00e9s a felszerel\u00e9st, amelyekre az elk\u00e9pzel\u00e9s megval\u00f3s\u00edt\u00e1s\u00e1hoz sz\u00fcks\u00e9ge van. Min\u00e9l t\u00f6bbet tervez, ann\u00e1l g\u00f6rd\u00fcl\u00e9kenyebb lesz a gy\u00e1rt\u00e1si folyamat. <\/p>\n<div class=\"title\"> 2. V\u00e1lassza ki a megfelel\u0151 szoftvert <\/div>\n<p> A MacBook Pro k\u00e9sz\u00fcl\u00e9khez tartozik az iMovie, egy nagy teljes\u00edtm\u00e9ny\u0171 videoszerkeszt\u0151 szoftver, amellyel k\u00f6nnyed\u00e9n k\u00e9sz\u00edthet, szerkeszthet \u00e9s megoszthat vide\u00f3kat. Az iMovie felhaszn\u00e1l\u00f3bar\u00e1t fel\u00fclettel rendelkezik, amellyel import\u00e1lhatja, rendszerezheti \u00e9s v\u00e1ghatja a felv\u00e9teleket, zen\u00e9t, hangeffekteket \u00e9s c\u00edmeket adhat hozz\u00e1, valamint sz\u0171r\u0151ket, \u00e1tmeneteket \u00e9s effekteket alkalmazhat. Ha azonban fejlettebb funkci\u00f3kra, p\u00e9ld\u00e1ul 3D anim\u00e1ci\u00f3ra, z\u00f6ld k\u00e9perny\u0151s kompozit\u00e1l\u00e1sra vagy sz\u00ednmin\u0151s\u00edt\u00e9sre van sz\u00fcks\u00e9ge, m\u00e1s professzion\u00e1lis eszk\u00f6z\u00f6ket, p\u00e9ld\u00e1ul a Final Cut Pro X-et vagy az Adobe Premiere Pro-t haszn\u00e1lhatja. <\/p>\n<div class=\"title\"> 3. K\u00f6r\u00fcltekint\u0151en forgasson <\/div>\n<p> Amikor vide\u00f3t k\u00e9sz\u00edt, figyeljen a r\u00e9szletekre. Haszn\u00e1ljon \u00e1llv\u00e1nyt vagy stabiliz\u00e1tort, hogy a kamer\u00e1t stabilan tartsa, \u00e9s elker\u00fclje a remeg\u0151 felv\u00e9teleket. \u00c1ll\u00edtsa be a f\u00f3kuszt, az expoz\u00edci\u00f3t \u00e9s a feh\u00e9regyens\u00falyt, hogy tiszta \u00e9s kiegyens\u00falyozott k\u00e9pet kapjon. Haszn\u00e1ljon term\u00e9szetes vagy mesters\u00e9ges megvil\u00e1g\u00edt\u00e1st a t\u00e9ma kiemel\u00e9s\u00e9hez \u00e9s a hangulat megteremt\u00e9s\u00e9hez. Vegyen fel tiszta hangot mikrofonnal vagy diktafonnal a hang vagy a hangeffektek r\u00f6gz\u00edt\u00e9s\u00e9hez. Vegyen fel t\u00f6bb felv\u00e9telt \u00e9s sz\u00f6gb\u0151l, hogy t\u00f6bb lehet\u0151s\u00e9ge legyen a szerkeszt\u00e9si f\u00e1zisban. <\/p>\n<div class=\"title\"> 4. Szerkessze prec\u00edzen <\/div>\n<p> A vide\u00f3 szerkeszt\u00e9sekor t\u00f6rekedjen a pontoss\u00e1gra \u00e9s a koherenci\u00e1ra. V\u00e1gja meg a felv\u00e9teleit, hogy elt\u00e1vol\u00edtsa a felesleges r\u00e9szeket, \u00e9s meg\u0151rizze az \u00e1raml\u00e1st. Haszn\u00e1ljon \u00e1tmeneteket \u00e9s effekteket a z\u00f6kken\u0151mentes \u00e9s dinamikus ritmus megteremt\u00e9s\u00e9hez. Adjon hozz\u00e1 zen\u00e9t \u00e9s hangeffekteket a hangulat fokoz\u00e1s\u00e1hoz \u00e9s az \u00e9rzelmek k\u00f6zvet\u00edt\u00e9s\u00e9hez. Alkalmazzon sz\u00ednkorrekci\u00f3t \u00e9s gradinget, hogy egys\u00e9ges\u00edtse a vide\u00f3 megjelen\u00e9s\u00e9t \u00e9s hangulat\u00e1t. Haszn\u00e1ljon c\u00edmeket \u00e9s feliratokat az \u00fczenet \u00e9s a kontextus k\u00f6zvet\u00edt\u00e9s\u00e9hez. Tesztelje vide\u00f3j\u00e1t k\u00fcl\u00f6nb\u00f6z\u0151 eszk\u00f6z\u00f6k\u00f6n \u00e9s platformokon, hogy biztos\u00edtsa annak kompatibilit\u00e1s\u00e1t \u00e9s min\u0151s\u00e9g\u00e9t. <\/p>\n<div class=\"newlinediv\"><\/div>\n<p> \u00d6sszefoglalva, egy min\u0151s\u00e9gi vide\u00f3 elk\u00e9sz\u00edt\u00e9s\u00e9hez a MacBook Pro sz\u00e1m\u00edt\u00f3g\u00e9pen tervez\u00e9sre, szoftveres ismeretekre, felv\u00e9teli technik\u00e1kra \u00e9s szerkeszt\u00e9si pontoss\u00e1gra van sz\u00fcks\u00e9g. Ha k\u00f6veti ezeket a tippeket, olyan vide\u00f3t k\u00e9sz\u00edthet, amely kiemelkedik a t\u00f6megb\u0151l, \u00e9s k\u00e9pviseli elk\u00e9pzel\u00e9seit \u00e9s kreativit\u00e1s\u00e1t. Fogd teh\u00e1t a MacBook Pro-t, engedd szabadj\u00e1ra a fant\u00e1zi\u00e1dat, \u00e9s kezdd el megalkotni a mesterm\u0171vedet.<\/p><\/div>\n<div class=\"questions\">\n<div class=\"questionstitle\">FAQ<\/div>\n<div class=\"question\">\n<div class=\"qtitle\"> J\u00f3-e a MacBook Pro videoszerkeszt\u00e9sre?<\/div>\n<p> Igen, a MacBook Pro nagy teljes\u00edtm\u00e9ny\u0171 hardveres \u00e9s szoftveres k\u00e9pess\u00e9geinek k\u00f6sz\u00f6nhet\u0151en remek v\u00e1laszt\u00e1snak sz\u00e1m\u00edt videoszerkeszt\u00e9sre. <\/p>\n<div class=\"newlinediv\"><\/div>\n<p> A MacBook Pro nagy teljes\u00edtm\u00e9ny\u0171 processzorral, cs\u00facskateg\u00f3ri\u00e1s grafikus k\u00e1rty\u00e1val \u00e9s b\u0151s\u00e9ges RAM-mal rendelkezik, amelyek mind elengedhetetlenek a z\u00f6kken\u0151mentes \u00e9s hat\u00e9kony videoszerkeszt\u00e9shez. A leg\u00fajabb MacBook Pro modellek a Touch Bar funkci\u00f3val is rendelkeznek, amely testre szabhat\u00f3, hogy a gyakran haszn\u00e1lt videoszerkeszt\u00e9si funkci\u00f3kat k\u00f6nnyen el\u00e9rhet\u0151v\u00e9 tegye. <\/p>\n<div class=\"newlinediv\"><\/div>\n<p> A MacBook Pro emellett egy el\u0151re telep\u00edtett iMovie nev\u0171 videoszerkeszt\u0151 szoftvert is tartalmaz, amely hat\u00e9kony eszk\u00f6z az alapvet\u0151 videoszerkeszt\u00e9si feladatokhoz. A fejlettebb videoszerkeszt\u00e9shez olyan professzion\u00e1lis videoszerkeszt\u0151 szoftverek, mint a Final Cut Pro \u00e9s az Adobe Premiere Pro telep\u00edthet\u0151k \u00e9s haszn\u00e1lhat\u00f3k z\u00f6kken\u0151mentesen a MacBook Pro-ra. <\/p>\n<div class=\"newlinediv\"><\/div>\n<p> \u00d6sszess\u00e9g\u00e9ben a MacBook Pro megb\u00edzhat\u00f3 \u00e9s hat\u00e9kony v\u00e1laszt\u00e1s a videoszerkeszt\u00e9shez, ez\u00e9rt n\u00e9pszer\u0171 v\u00e1laszt\u00e1s a videoszerkeszt\u00e9ssel foglalkoz\u00f3 szakemberek k\u00f6r\u00e9ben. <\/p>\n<\/div>\n<div class=\"question\">\n<div class=\"qtitle\"> A MacBook Pro kamera 1080p-s?<\/div>\n<p> Igen, a MacBook Pro be\u00e9p\u00edtett kamer\u00e1ja k\u00e9pes 1080p felbont\u00e1s\u00fa vide\u00f3k r\u00f6gz\u00edt\u00e9s\u00e9re. A leg\u00fajabb MacBook Pro modellek 720p FaceTime HD kamer\u00e1val rendelkeznek, ami el\u0151rel\u00e9p\u00e9s a kor\u00e1bbi, alacsonyabb felbont\u00e1s\u00fa kamer\u00e1val rendelkez\u0151 modellekhez k\u00e9pest. Emellett a kamera olyan funkci\u00f3kkal is rendelkezik, mint az automatikus expoz\u00edci\u00f3 \u00e9s az arcfelismer\u00e9s, amelyek jav\u00edtj\u00e1k a r\u00f6gz\u00edtett vide\u00f3 min\u0151s\u00e9g\u00e9t. Fontos megjegyezni, hogy a r\u00f6gz\u00edtett vide\u00f3 min\u0151s\u00e9ge a f\u00e9nyviszonyokt\u00f3l \u00e9s egy\u00e9b t\u00e9nyez\u0151kt\u0151l is f\u00fcgg, de \u00f6sszess\u00e9g\u00e9ben a MacBook Pro kamer\u00e1ja kiv\u00e1l\u00f3 min\u0151s\u00e9g\u0171nek tekinthet\u0151 videokonferenci\u00e1khoz \u00e9s egy\u00e9b felhaszn\u00e1l\u00e1si c\u00e9lokra. <\/p>\n<\/div>\n<div class=\"question\">\n<div class=\"qtitle\"> Hogyan konvert\u00e1lhatok vide\u00f3t 4K-ra Macen?<\/div>\n<p> A vide\u00f3k 4K-ra t\u00f6rt\u00e9n\u0151 konvert\u00e1l\u00e1s\u00e1hoz Macen olyan videokonvert\u00e1l\u00f3 szoftvereket haszn\u00e1lhat, mint a Handbrake, a VLC, a Movavi Video Converter vagy az Adobe Premiere Pro. <\/p>\n<div class=\"newlinediv\"><\/div>\n<p> \u00cdme a vide\u00f3k 4K-ra t\u00f6rt\u00e9n\u0151 konvert\u00e1l\u00e1s\u00e1nak l\u00e9p\u00e9sei a Handbrake seg\u00edts\u00e9g\u00e9vel: <\/p>\n<div class=\"newlinediv\"><\/div>\n<p> 1. T\u00f6ltse le \u00e9s telep\u00edtse a Handbrake-et a Mac sz\u00e1m\u00edt\u00f3g\u00e9p\u00e9re. <\/p>\n<div class=\"newlinediv\"><\/div>\n<p> 2. Nyissa meg a Handbrake-et, \u00e9s kattintson a &#8222;Forr\u00e1s megnyit\u00e1sa&#8221; gombra, majd v\u00e1lassza ki a 4K-ra konvert\u00e1lni k\u00edv\u00e1nt vide\u00f3t. <\/p>\n<div class=\"newlinediv\"><\/div>\n<p> 3. Miut\u00e1n a vide\u00f3 bet\u00f6lt\u0151d\u00f6tt, kattintson a Handbrake ablakban a &#8222;K\u00e9p&#8221; f\u00fclre. <\/p>\n<div class=\"newlinediv\"><\/div>\n<p> 4. A &#8222;K\u00e9p&#8221; f\u00fcl alatt v\u00e1lassza ki a leg\u00f6rd\u00fcl\u0151 men\u00fcb\u0151l a &#8222;4K&#8221; felbont\u00e1st a vide\u00f3 felbont\u00e1sak\u00e9nt. <\/p>\n<div class=\"newlinediv\"><\/div>\n<p> 5. Kattintson a &#8222;Start Encode&#8221; gombra a vide\u00f3 4K-ra t\u00f6rt\u00e9n\u0151 konvert\u00e1l\u00e1s\u00e1nak megkezd\u00e9s\u00e9hez. <\/p>\n<div class=\"newlinediv\"><\/div>\n<p> 6. Az \u00e1talak\u00edt\u00e1si folyamat befejez\u00e9se ut\u00e1n a 4K vide\u00f3t a megadott kimeneti mapp\u00e1ban tal\u00e1lja. <\/p>\n<div class=\"newlinediv\"><\/div>\n<p> Ha m\u00e1s videokonvert\u00e1l\u00f3 szoftvert szeretne haszn\u00e1lni, a l\u00e9p\u00e9sek hasonl\u00f3ak lesznek. Csak gy\u0151z\u0151dj\u00f6n meg r\u00f3la, hogy a kimeneti felbont\u00e1sk\u00e9nt a &#8222;4K&#8221;-t v\u00e1lasztja ki, \u00e9s k\u00f6vesse a szoftver utas\u00edt\u00e1sait az \u00e1talak\u00edt\u00e1si folyamat befejez\u00e9s\u00e9hez. <\/p>\n<\/div>\n<div class=\"question\">\n<div class=\"qtitle\"> Hogyan \u00e1ll\u00edthatom be a Mac sz\u00e1m\u00edt\u00f3g\u00e9pemet 4K felbont\u00e1sra?<\/div>\n<p> Ha 4K felbont\u00e1sra szeretn\u00e9 \u00e1ll\u00edtani a Mac sz\u00e1m\u00edt\u00f3g\u00e9p\u00e9t, k\u00f6vesse az al\u00e1bbi l\u00e9p\u00e9seket: <\/p>\n<div class=\"newlinediv\"><\/div>\n<p> 1. Kattintson a k\u00e9perny\u0151 bal fels\u0151 sark\u00e1ban tal\u00e1lhat\u00f3 Apple men\u00fcre. <\/p>\n<div class=\"newlinediv\"><\/div>\n<p> 2. V\u00e1lassza ki a &#8222;Rendszerbe\u00e1ll\u00edt\u00e1sok&#8221; lehet\u0151s\u00e9get a leg\u00f6rd\u00fcl\u0151 men\u00fcb\u0151l. <\/p>\n<div class=\"newlinediv\"><\/div>\n<p> 3. Kattintson a &#8222;Kijelz\u0151k&#8221; ikonra. <\/p>\n<div class=\"newlinediv\"><\/div>\n<p> 4. A Megjelen\u00edt\u00e9sek ablakban kattintson a &#8222;M\u00e9retez\u00e9s&#8221; lehet\u0151s\u00e9gre. <\/p>\n<div class=\"newlinediv\"><\/div>\n<p> 5. V\u00e1lassza ki a 3840 x 2160 (vagy egy m\u00e1sik &#8222;4K&#8221; felirat\u00fa opci\u00f3t) a rendelkez\u00e9sre \u00e1ll\u00f3 felbont\u00e1sok list\u00e1j\u00e1b\u00f3l. <\/p>\n<div class=\"newlinediv\"><\/div>\n<p> 6. A 4K felbont\u00e1s kiv\u00e1laszt\u00e1sa ut\u00e1n z\u00e1rja be a Megjelen\u00edt\u00e9sek ablakot. <\/p>\n<div class=\"newlinediv\"><\/div>\n<p> 7. A Mac sz\u00e1m\u00edt\u00f3g\u00e9p\u00e9nek most m\u00e1r 4K felbont\u00e1s\u00fa megjelen\u00edt\u00e9sre kell be\u00e1ll\u00edtania. <\/p>\n<div class=\"newlinediv\"><\/div>\n<p> Fontos megjegyezni, hogy nem minden Mac modell t\u00e1mogatja a 4K felbont\u00e1st, ez\u00e9rt gy\u0151z\u0151dj\u00f6n meg arr\u00f3l, hogy a sz\u00e1m\u00edt\u00f3g\u00e9pe kompatibilis, miel\u0151tt megpr\u00f3b\u00e1ln\u00e1 4K-ra \u00e1ll\u00edtani a kijelz\u0151j\u00e9t. Ezenk\u00edv\u00fcl gy\u0151z\u0151dj\u00f6n meg arr\u00f3l, hogy a monitor vagy a TV k\u00e9pes a 4K felbont\u00e1s megjelen\u00edt\u00e9s\u00e9re, \u00e9s hogy megfelel\u0151 k\u00e1bellel (p\u00e9ld\u00e1ul HDMI 2.0 k\u00e1bellel) csatlakoztatja a Mac-et a kijelz\u0151h\u00f6z.<\/p>\n<\/div>\n<\/div>\n","protected":false},"excerpt":{"rendered":"<p>Ha van egy MacBook Pr\u00f3ja, m\u00e1ris egy hat\u00e9kony eszk\u00f6zzel rendelkezik a kiv\u00e1l\u00f3 min\u0151s\u00e9g\u0171 vide\u00f3k k\u00e9sz\u00edt\u00e9s\u00e9hez. A megfelel\u0151 technik\u00e1k \u00e9s szoftverek seg\u00edts\u00e9g\u00e9vel \u00f6tleteidet mag\u00e1val ragad\u00f3 t\u00f6rt\u00e9netekk\u00e9 alak\u00edthatod, amelyek lek\u00f6tik a k\u00f6z\u00f6ns\u00e9get, \u00e9s bemutatj\u00e1k k\u00e9pess\u00e9geidet. \u00cdme n\u00e9h\u00e1ny tipp, amelyek seg\u00edts\u00e9g\u00e9vel min\u0151s\u00e9gi vide\u00f3kat k\u00e9sz\u00edthetsz MacBook Pro g\u00e9peddel. 1. Tervezze meg a vide\u00f3t Miel\u0151tt elkezden\u00e9 a filmez\u00e9st, sz\u00e1njon egy &#8230; <a title=\"Leny\u0171g\u00f6z\u0151 vide\u00f3 k\u00e9sz\u00edt\u00e9se a MacBook Pr\u00f3n: Tippek \u00e9s technik\u00e1k\" class=\"read-more\" href=\"https:\/\/megnyitasa.com\/tudas\/lenyugozo-video-keszitese-a-macbook-pron-tippek-es-technikak\/\" aria-label=\"Read more about Leny\u0171g\u00f6z\u0151 vide\u00f3 k\u00e9sz\u00edt\u00e9se a MacBook Pr\u00f3n: Tippek \u00e9s technik\u00e1k\">Read more<\/a><\/p>\n","protected":false},"author":326,"featured_media":0,"comment_status":"closed","ping_status":"closed","sticky":false,"template":"","format":"standard","meta":{"footnotes":""},"categories":[6],"tags":[],"class_list":["post-8719","post","type-post","status-publish","format-standard","hentry","category-reklam-es-marketing"],"_links":{"self":[{"href":"https:\/\/megnyitasa.com\/tudas\/wp-json\/wp\/v2\/posts\/8719","targetHints":{"allow":["GET"]}}],"collection":[{"href":"https:\/\/megnyitasa.com\/tudas\/wp-json\/wp\/v2\/posts"}],"about":[{"href":"https:\/\/megnyitasa.com\/tudas\/wp-json\/wp\/v2\/types\/post"}],"author":[{"embeddable":true,"href":"https:\/\/megnyitasa.com\/tudas\/wp-json\/wp\/v2\/users\/326"}],"replies":[{"embeddable":true,"href":"https:\/\/megnyitasa.com\/tudas\/wp-json\/wp\/v2\/comments?post=8719"}],"version-history":[{"count":0,"href":"https:\/\/megnyitasa.com\/tudas\/wp-json\/wp\/v2\/posts\/8719\/revisions"}],"wp:attachment":[{"href":"https:\/\/megnyitasa.com\/tudas\/wp-json\/wp\/v2\/media?parent=8719"}],"wp:term":[{"taxonomy":"category","embeddable":true,"href":"https:\/\/megnyitasa.com\/tudas\/wp-json\/wp\/v2\/categories?post=8719"},{"taxonomy":"post_tag","embeddable":true,"href":"https:\/\/megnyitasa.com\/tudas\/wp-json\/wp\/v2\/tags?post=8719"}],"curies":[{"name":"wp","href":"https:\/\/api.w.org\/{rel}","templated":true}]}}