{"id":8727,"date":"2023-04-24T00:00:00","date_gmt":"2023-04-24T00:00:00","guid":{"rendered":"https:\/\/megnyitasa.com\/tudas\/a-potencial-felszabaditasa\/"},"modified":"2023-04-24T00:00:00","modified_gmt":"2023-04-24T00:00:00","slug":"a-potencial-felszabaditasa","status":"publish","type":"post","link":"https:\/\/megnyitasa.com\/tudas\/a-potencial-felszabaditasa\/","title":{"rendered":"A potenci\u00e1l felszabad\u00edt\u00e1sa:"},"content":{"rendered":"<div class=\"articlecontent\">\n<div class=\"newlinediv\"><\/div>\n<p> Az \u00fczemeltet\u00e9si vezet\u0151k felel\u0151sek az\u00e9rt, hogy a v\u00e1llalat napi m\u0171k\u00f6d\u00e9se z\u00f6kken\u0151mentesen \u00e9s hat\u00e9konyan m\u0171k\u00f6dj\u00f6n. Felel\u0151sek a v\u00e1llalat strat\u00e9gi\u00e1j\u00e1nak v\u00e9grehajt\u00e1s\u00e1\u00e9rt, a min\u0151s\u00e9gellen\u0151rz\u00e9s fenntart\u00e1s\u00e1\u00e9rt \u00e9s az er\u0151forr\u00e1sokkal val\u00f3 gazd\u00e1lkod\u00e1s\u00e9rt az optim\u00e1lis eredm\u00e9nyek el\u00e9r\u00e9se \u00e9rdek\u00e9ben. E c\u00e9lok el\u00e9r\u00e9s\u00e9hez az \u00fczemeltet\u00e9si vezet\u0151knek vil\u00e1gos teljes\u00edtm\u00e9nyc\u00e9lokkal kell rendelkezni\u00fck, amelyek \u00f6sszhangban vannak a v\u00e1llalat \u00e1ltal\u00e1nos c\u00e9lkit\u0171z\u00e9seivel. <\/p>\n<div class=\"newlinediv\"><\/div>\n<p> Az \u00fczemeltet\u00e9si menedzser els\u0151dleges c\u00e9lja az \u00fczleti teljes\u00edtm\u00e9ny n\u00f6vel\u00e9se. Ezt m\u00e9rhet\u0151, el\u00e9rhet\u0151 \u00e9s re\u00e1lis c\u00e9lok kit\u0171z\u00e9s\u00e9vel lehet el\u00e9rni. Ha p\u00e9ld\u00e1ul a v\u00e1llalat c\u00e9lja a bev\u00e9tel 10%-os n\u00f6vel\u00e9se, az oper\u00e1ci\u00f3s menedzsernek olyan c\u00e9lokat kell kit\u0171znie, amelyek lehet\u0151v\u00e9 teszik e c\u00e9l el\u00e9r\u00e9s\u00e9t. E c\u00e9lok k\u00f6z\u00e9 tartozhat a termel\u00e9si teljes\u00edtm\u00e9ny 15%-os n\u00f6vel\u00e9se, a m\u0171k\u00f6d\u00e9si k\u00f6lts\u00e9gek 5%-os cs\u00f6kkent\u00e9se, az \u00e1tfut\u00e1si id\u0151 10%-os jav\u00edt\u00e1sa vagy a vev\u0151i el\u00e9gedetts\u00e9g 15%-os n\u00f6vel\u00e9se. <\/p>\n<div class=\"newlinediv\"><\/div>\n<p> Az \u00fczemeltet\u00e9si vezet\u0151k m\u00e1sik fontos c\u00e9lja az er\u0151forr\u00e1sok kihaszn\u00e1l\u00e1s\u00e1nak optimaliz\u00e1l\u00e1sa. Ez azt jelenti, hogy a v\u00e1llalat er\u0151forr\u00e1sait, bele\u00e9rtve a berendez\u00e9seket, a szem\u00e9lyzetet \u00e9s a technol\u00f3gi\u00e1t, hat\u00e9konyan haszn\u00e1lj\u00e1k fel a k\u00edv\u00e1nt eredm\u00e9nyek el\u00e9r\u00e9se \u00e9rdek\u00e9ben. E c\u00e9l el\u00e9r\u00e9se \u00e9rdek\u00e9ben az \u00fczemeltet\u00e9si vezet\u0151knek olyan c\u00e9lokat kell kit\u0171zni\u00fck, amelyek a termel\u00e9kenys\u00e9g jav\u00edt\u00e1s\u00e1ra, a pazarl\u00e1s cs\u00f6kkent\u00e9s\u00e9re \u00e9s a hat\u00e9konys\u00e1g n\u00f6vel\u00e9s\u00e9re \u00f6sszpontos\u00edtanak. Az \u00fczemeltet\u00e9si vezet\u0151 p\u00e9ld\u00e1ul olyan c\u00e9lokat t\u0171zhet ki, mint a berendez\u00e9sek le\u00e1ll\u00e1si idej\u00e9nek 20%-kal val\u00f3 cs\u00f6kkent\u00e9se, a szem\u00e9lyzeti szint optimaliz\u00e1l\u00e1sa a munkaer\u0151k\u00f6lts\u00e9gek 10%-os cs\u00f6kkent\u00e9se \u00e9rdek\u00e9ben, vagy a lean gy\u00e1rt\u00e1si folyamatok bevezet\u00e9se a hullad\u00e9k 15%-os cs\u00f6kkent\u00e9se \u00e9rdek\u00e9ben. <\/p>\n<div class=\"newlinediv\"><\/div>\n<p> Ezenk\u00edv\u00fcl az \u00fczemeltet\u00e9si menedzsereknek a min\u0151s\u00e9gellen\u0151rz\u00e9st is priorit\u00e1sk\u00e9nt kell kezelni\u00fck a c\u00e9ljaikban. A term\u00e9kek vagy szolg\u00e1ltat\u00e1sok min\u0151s\u00e9ge k\u00f6zvetlen\u00fcl befoly\u00e1solja az \u00fcgyfelek el\u00e9gedetts\u00e9g\u00e9t, a v\u00e1llalat h\u00edrnev\u00e9t \u00e9s a bev\u00e9teleket. Ez\u00e9rt az \u00fczemeltet\u00e9si vezet\u0151knek olyan c\u00e9lokat kell kit\u0171zni\u00fck, amelyek biztos\u00edtj\u00e1k a k\u00f6vetkezetes min\u0151s\u00e9gellen\u0151rz\u00e9st a teljes gy\u00e1rt\u00e1si folyamat sor\u00e1n. Ezek k\u00f6z\u00e9 tartozhatnak olyan c\u00e9lok, mint a gy\u00e1rt\u00e1si hib\u00e1k 20%-os cs\u00f6kkent\u00e9se, a term\u00e9kek sz\u00e1ll\u00edt\u00e1si idej\u00e9nek 15%-os jav\u00edt\u00e1sa, vagy a vev\u0151i el\u00e9gedetts\u00e9gi \u00e9rt\u00e9kel\u00e9sek 10%-os n\u00f6vel\u00e9se. <\/p>\n<div class=\"newlinediv\"><\/div>\n<p> V\u00e9g\u00fcl az \u00fczemeltet\u00e9si vezet\u0151knek olyan c\u00e9lokat kell kit\u0171zni\u00fck, amelyek el\u0151seg\u00edtik az innov\u00e1ci\u00f3t \u00e9s a folyamatos fejleszt\u00e9st. Az innov\u00e1ci\u00f3 elengedhetetlen ahhoz, hogy a versenyt\u00e1rsak el\u0151tt maradjunk, jav\u00edtsuk a term\u00e9keket \u00e9s szolg\u00e1ltat\u00e1sokat, \u00e9s n\u00f6velj\u00fck a bev\u00e9telt. Az innov\u00e1ci\u00f3t el\u0151seg\u00edt\u0151 c\u00e9lok k\u00f6z\u00e9 tartozhat a term\u00e9ktervez\u00e9s 15%-os jav\u00edt\u00e1sa, \u00faj technol\u00f3gi\u00e1k bevezet\u00e9se a gy\u00e1rt\u00e1si k\u00f6lts\u00e9gek 10%-os cs\u00f6kkent\u00e9se \u00e9rdek\u00e9ben, vagy \u00faj term\u00e9kek kifejleszt\u00e9se a v\u00e1llalat piaci r\u00e9szesed\u00e9s\u00e9nek n\u00f6vel\u00e9se \u00e9rdek\u00e9ben. <\/p>\n<div class=\"newlinediv\"><\/div>\n<p> \u00d6sszefoglalva, a teljes\u00edtm\u00e9nyc\u00e9lok kit\u0171z\u00e9se az operat\u00edv vezet\u0151k sz\u00e1m\u00e1ra kritikus fontoss\u00e1g\u00fa az \u00fczleti siker el\u00e9r\u00e9s\u00e9hez. Ezeknek a c\u00e9loknak konkr\u00e9tnak, m\u00e9rhet\u0151nek, el\u00e9rhet\u0151nek \u00e9s a v\u00e1llalat \u00e1ltal\u00e1nos c\u00e9lkit\u0171z\u00e9sei szempontj\u00e1b\u00f3l relev\u00e1nsnak kell lenni\u00fck. Az \u00fczleti teljes\u00edtm\u00e9nyt fokoz\u00f3, az er\u0151forr\u00e1s-felhaszn\u00e1l\u00e1st optimaliz\u00e1l\u00f3, a min\u0151s\u00e9gellen\u0151rz\u00e9st el\u0151t\u00e9rbe helyez\u0151 \u00e9s az innov\u00e1ci\u00f3t el\u0151seg\u00edt\u0151 c\u00e9lok kit\u0171z\u00e9s\u00e9vel az \u00fczemeltet\u00e9si vezet\u0151k felszabad\u00edthatj\u00e1k a benn\u00fck rejl\u0151 lehet\u0151s\u00e9geket, \u00e9s a v\u00e1llalatot a siker fel\u00e9 terelhetik.<\/p><\/div>\n<div class=\"questions\">\n<div class=\"questionstitle\">FAQ<\/div>\n<div class=\"question\">\n<div class=\"qtitle\"> Milyen p\u00e9ld\u00e1k vannak a m\u0171k\u00f6d\u00e9si c\u00e9lokra?<\/div>\n<p> Az operat\u00edv c\u00e9lok olyan konkr\u00e9t c\u00e9lkit\u0171z\u00e9sek, amelyeket egy szervezet az alkalmazottai sz\u00e1m\u00e1ra a napi m\u0171k\u00f6d\u00e9s jav\u00edt\u00e1sa \u00e9rdek\u00e9ben hat\u00e1roz meg. Ezek a c\u00e9lok \u00e1ltal\u00e1ban a hat\u00e9konys\u00e1g, a termel\u00e9kenys\u00e9g \u00e9s a nyeres\u00e9gess\u00e9g jav\u00edt\u00e1s\u00e1ra \u00f6sszpontos\u00edtanak. P\u00e9ld\u00e1k a m\u0171k\u00f6d\u00e9si c\u00e9lokra: <\/p>\n<div class=\"newlinediv\"><\/div>\n<p> 1. Az \u00fcgyf\u00e9lszolg\u00e1lat jav\u00edt\u00e1sa: Ez a c\u00e9l mag\u00e1ban foglalhatja a v\u00e1rakoz\u00e1si id\u0151 cs\u00f6kkent\u00e9s\u00e9t, az \u00fcgyf\u00e9lszolg\u00e1lati munkat\u00e1rsak sz\u00e1m\u00e1nak n\u00f6vel\u00e9s\u00e9t, vagy tov\u00e1bbi k\u00e9pz\u00e9st biztos\u00edt az alkalmazottak sz\u00e1m\u00e1ra az \u00fcgyf\u00e9lk\u00e9rd\u00e9sek jobb kezel\u00e9se \u00e9rdek\u00e9ben. <\/p>\n<div class=\"newlinediv\"><\/div>\n<p> 2. A termel\u00e9si teljes\u00edtm\u00e9ny n\u00f6vel\u00e9se: Ez a c\u00e9l mag\u00e1ban foglalhatja a folyamatok racionaliz\u00e1l\u00e1s\u00e1t, a gy\u00e1rt\u00f3sorok optimaliz\u00e1l\u00e1s\u00e1t vagy \u00faj technol\u00f3gi\u00e1ba val\u00f3 beruh\u00e1z\u00e1st a hat\u00e9konys\u00e1g \u00e9s a teljes\u00edtm\u00e9ny n\u00f6vel\u00e9se \u00e9rdek\u00e9ben. <\/p>\n<div class=\"newlinediv\"><\/div>\n<p> 3. A k\u00f6lts\u00e9gek cs\u00f6kkent\u00e9se: Ez a c\u00e9l mag\u00e1ban foglalhatja azon ter\u00fcletek azonos\u00edt\u00e1s\u00e1t, ahol a k\u00f6lts\u00e9gek cs\u00f6kkenthet\u0151k, mint p\u00e9ld\u00e1ul a hullad\u00e9k cs\u00f6kkent\u00e9se vagy az ell\u00e1t\u00e1si l\u00e1nc ir\u00e1ny\u00edt\u00e1s\u00e1nak optimaliz\u00e1l\u00e1sa. <\/p>\n<div class=\"newlinediv\"><\/div>\n<p> 4. A min\u0151s\u00e9g jav\u00edt\u00e1sa: Ez a c\u00e9l mag\u00e1ban foglalhatja a term\u00e9k- vagy szolg\u00e1ltat\u00e1smin\u0151s\u00e9g jav\u00edt\u00e1s\u00e1t, min\u0151s\u00e9gellen\u0151rz\u00e9si int\u00e9zked\u00e9sek bevezet\u00e9s\u00e9t, vagy a munkav\u00e1llal\u00f3k sz\u00e1m\u00e1ra kieg\u00e9sz\u00edt\u0151 k\u00e9pz\u00e9sek ny\u00fajt\u00e1s\u00e1t k\u00e9szs\u00e9geik jav\u00edt\u00e1sa \u00e9rdek\u00e9ben. <\/p>\n<div class=\"newlinediv\"><\/div>\n<p> 5. A bev\u00e9tel n\u00f6vel\u00e9se: Ez a c\u00e9l mag\u00e1ban foglalhatja \u00faj bev\u00e9teli forr\u00e1sok azonos\u00edt\u00e1s\u00e1t, \u00faj piacokon val\u00f3 terjeszked\u00e9st vagy \u00faj term\u00e9kek vagy szolg\u00e1ltat\u00e1sok kifejleszt\u00e9s\u00e9t. <\/p>\n<div class=\"newlinediv\"><\/div>\n<p> \u00d6sszess\u00e9g\u00e9ben a m\u0171k\u00f6d\u00e9si c\u00e9lok c\u00e9lja, hogy seg\u00edts\u00e9k a szervezeteket a napi m\u0171k\u00f6d\u00e9s\u00fck jav\u00edt\u00e1s\u00e1ban \u00e9s a hossz\u00fa t\u00e1v\u00fa siker el\u00e9r\u00e9s\u00e9ben. Vil\u00e1gos \u00e9s m\u00e9rhet\u0151 c\u00e9lok kit\u0171z\u00e9s\u00e9vel a vezet\u0151k motiv\u00e1lhatj\u00e1k a munkav\u00e1llal\u00f3kat, hogy e c\u00e9lok\u00e9rt dolgozzanak, \u00e9s seg\u00edthetik a szervezetet az \u00e1ltal\u00e1nos k\u00fcldet\u00e9s \u00e9s j\u00f6v\u0151k\u00e9p el\u00e9r\u00e9s\u00e9ben. <\/p>\n<\/div>\n<div class=\"question\">\n<div class=\"qtitle\"> Mi a m\u0171veleti menedzser 4 f\u0151 felel\u0151ss\u00e9gi ter\u00fclete?<\/div>\n<p> Az \u00fczemeltet\u00e9si menedzser feladata a v\u00e1llalkoz\u00e1s \u00e1ltal\u00e1nos folyamatainak \u00e9s funkci\u00f3inak fel\u00fcgyelete a m\u0171k\u00f6d\u00e9si hat\u00e9konys\u00e1g \u00e9s j\u00f6vedelmez\u0151s\u00e9g biztos\u00edt\u00e1sa \u00e9rdek\u00e9ben. Az \u00fczemeltet\u00e9si menedzser jellemz\u0151en n\u00e9gy alapvet\u0151 feladatk\u00f6r\u00e9rt felel\u0151s: <\/p>\n<div class=\"newlinediv\"><\/div>\n<p> 1. Tervez\u00e9s: Az \u00fczemeltet\u00e9si vezet\u0151 felel\u0151s a strat\u00e9giai tervek kidolgoz\u00e1s\u00e1\u00e9rt \u00e9s v\u00e9grehajt\u00e1s\u00e1\u00e9rt a v\u00e1llalkoz\u00e1s c\u00e9ljainak \u00e9s c\u00e9lkit\u0171z\u00e9seinek el\u00e9r\u00e9se \u00e9rdek\u00e9ben. Ez mag\u00e1ban foglalja a k\u00f6lts\u00e9gvet\u00e9sek elk\u00e9sz\u00edt\u00e9s\u00e9t, az el\u0151rejelz\u00e9st \u00e9s a teljes\u00edtm\u00e9nyc\u00e9lok meghat\u00e1roz\u00e1s\u00e1t. <\/p>\n<div class=\"newlinediv\"><\/div>\n<p> 2. Szervez\u00e9s: Az \u00fczemeltet\u00e9si vezet\u0151 felel\u0151s az \u00fczleti c\u00e9lok el\u00e9r\u00e9s\u00e9hez sz\u00fcks\u00e9ges er\u0151forr\u00e1sok megszervez\u00e9s\u00e9\u00e9rt. Ez mag\u00e1ban foglalja a k\u00f6lts\u00e9gvet\u00e9sek eloszt\u00e1s\u00e1t, a feladatok \u00e9s felel\u0151ss\u00e9gi k\u00f6r\u00f6k kijel\u00f6l\u00e9s\u00e9t, valamint annak biztos\u00edt\u00e1s\u00e1t, hogy a sz\u00fcks\u00e9ges er\u0151forr\u00e1sok rendelkez\u00e9sre \u00e1lljanak. <\/p>\n<div class=\"newlinediv\"><\/div>\n<p> 3. Vezet\u00e9s: Az \u00fczemeltet\u00e9si vezet\u0151 felel\u0151s csapata vezet\u00e9s\u00e9\u00e9rt \u00e9s motiv\u00e1l\u00e1s\u00e1\u00e9rt az \u00fczleti c\u00e9lok el\u00e9r\u00e9se \u00e9rdek\u00e9ben. Ez mag\u00e1ban foglalja az ir\u00e1ny\u00edt\u00e1st, a coachingot \u00e9s a visszajelz\u00e9st az alkalmazottaknak, valamint annak biztos\u00edt\u00e1s\u00e1t, hogy a csapat minden tagja hat\u00e9konyan m\u0171k\u00f6dj\u00f6n egy\u00fctt. <\/p>\n<div class=\"newlinediv\"><\/div>\n<p> 4. Ellen\u0151rz\u00e9s: Az \u00fczemeltet\u00e9si vezet\u0151 felel\u0151s a v\u00e1llalkoz\u00e1s m\u0171k\u00f6d\u00e9s\u00e9nek nyomon k\u00f6vet\u00e9s\u00e9\u00e9rt \u00e9s ellen\u0151rz\u00e9s\u00e9\u00e9rt annak biztos\u00edt\u00e1sa \u00e9rdek\u00e9ben, hogy az hat\u00e9konyan \u00e9s eredm\u00e9nyesen m\u0171k\u00f6dj\u00f6n. Ez mag\u00e1ban foglalja a teljes\u00edtm\u00e9nymutat\u00f3k nyomon k\u00f6vet\u00e9s\u00e9t, a fejlesztend\u0151 ter\u00fcletek azonos\u00edt\u00e1s\u00e1t \u00e9s sz\u00fcks\u00e9g eset\u00e9n a korrekci\u00f3s int\u00e9zked\u00e9sek v\u00e9grehajt\u00e1s\u00e1t. <\/p>\n<div class=\"newlinediv\"><\/div>\n<p> \u00d6sszess\u00e9g\u00e9ben az \u00fczemeltet\u00e9si vezet\u0151 kritikus szerepet j\u00e1tszik annak biztos\u00edt\u00e1s\u00e1ban, hogy a v\u00e1llalkoz\u00e1s z\u00f6kken\u0151mentesen \u00e9s hat\u00e9konyan m\u0171k\u00f6dj\u00f6n, \u00e9s hogy a c\u00e9lok \u00e9s c\u00e9lkit\u0171z\u00e9sek teljes\u00fcljenek. E n\u00e9gy alapvet\u0151 felel\u0151ss\u00e9gi ter\u00fcletre \u00f6sszpontos\u00edtva az \u00fczemeltet\u00e9si vezet\u0151 hozz\u00e1j\u00e1rulhat a v\u00e1llalkoz\u00e1s hossz\u00fa t\u00e1v\u00fa siker\u00e9nek biztos\u00edt\u00e1s\u00e1hoz.<\/p>\n<\/div>\n<\/div>\n","protected":false},"excerpt":{"rendered":"<p>Az \u00fczemeltet\u00e9si vezet\u0151k felel\u0151sek az\u00e9rt, hogy a v\u00e1llalat napi m\u0171k\u00f6d\u00e9se z\u00f6kken\u0151mentesen \u00e9s hat\u00e9konyan m\u0171k\u00f6dj\u00f6n. Felel\u0151sek a v\u00e1llalat strat\u00e9gi\u00e1j\u00e1nak v\u00e9grehajt\u00e1s\u00e1\u00e9rt, a min\u0151s\u00e9gellen\u0151rz\u00e9s fenntart\u00e1s\u00e1\u00e9rt \u00e9s az er\u0151forr\u00e1sokkal val\u00f3 gazd\u00e1lkod\u00e1s\u00e9rt az optim\u00e1lis eredm\u00e9nyek el\u00e9r\u00e9se \u00e9rdek\u00e9ben. E c\u00e9lok el\u00e9r\u00e9s\u00e9hez az \u00fczemeltet\u00e9si vezet\u0151knek vil\u00e1gos teljes\u00edtm\u00e9nyc\u00e9lokkal kell rendelkezni\u00fck, amelyek \u00f6sszhangban vannak a v\u00e1llalat \u00e1ltal\u00e1nos c\u00e9lkit\u0171z\u00e9seivel. Az \u00fczemeltet\u00e9si menedzser els\u0151dleges c\u00e9lja az &#8230; <a title=\"A potenci\u00e1l felszabad\u00edt\u00e1sa:\" class=\"read-more\" href=\"https:\/\/megnyitasa.com\/tudas\/a-potencial-felszabaditasa\/\" aria-label=\"Read more about A potenci\u00e1l felszabad\u00edt\u00e1sa:\">Read more<\/a><\/p>\n","protected":false},"author":422,"featured_media":0,"comment_status":"closed","ping_status":"closed","sticky":false,"template":"","format":"standard","meta":{"footnotes":""},"categories":[37],"tags":[],"class_list":["post-8727","post","type-post","status-publish","format-standard","hentry","category-a-munkavallalok-iranyitasa"],"_links":{"self":[{"href":"https:\/\/megnyitasa.com\/tudas\/wp-json\/wp\/v2\/posts\/8727","targetHints":{"allow":["GET"]}}],"collection":[{"href":"https:\/\/megnyitasa.com\/tudas\/wp-json\/wp\/v2\/posts"}],"about":[{"href":"https:\/\/megnyitasa.com\/tudas\/wp-json\/wp\/v2\/types\/post"}],"author":[{"embeddable":true,"href":"https:\/\/megnyitasa.com\/tudas\/wp-json\/wp\/v2\/users\/422"}],"replies":[{"embeddable":true,"href":"https:\/\/megnyitasa.com\/tudas\/wp-json\/wp\/v2\/comments?post=8727"}],"version-history":[{"count":0,"href":"https:\/\/megnyitasa.com\/tudas\/wp-json\/wp\/v2\/posts\/8727\/revisions"}],"wp:attachment":[{"href":"https:\/\/megnyitasa.com\/tudas\/wp-json\/wp\/v2\/media?parent=8727"}],"wp:term":[{"taxonomy":"category","embeddable":true,"href":"https:\/\/megnyitasa.com\/tudas\/wp-json\/wp\/v2\/categories?post=8727"},{"taxonomy":"post_tag","embeddable":true,"href":"https:\/\/megnyitasa.com\/tudas\/wp-json\/wp\/v2\/tags?post=8727"}],"curies":[{"name":"wp","href":"https:\/\/api.w.org\/{rel}","templated":true}]}}