{"id":8987,"date":"2023-04-24T00:00:00","date_gmt":"2023-04-24T00:00:00","guid":{"rendered":"https:\/\/megnyitasa.com\/tudas\/a-hatekony-belso-kommunikacio-fontossaga-a-marketingben\/"},"modified":"2023-04-24T00:00:00","modified_gmt":"2023-04-24T00:00:00","slug":"a-hatekony-belso-kommunikacio-fontossaga-a-marketingben","status":"publish","type":"post","link":"https:\/\/megnyitasa.com\/tudas\/a-hatekony-belso-kommunikacio-fontossaga-a-marketingben\/","title":{"rendered":"A hat\u00e9kony bels\u0151 kommunik\u00e1ci\u00f3 fontoss\u00e1ga a marketingben"},"content":{"rendered":"<div class=\"articlecontent\">\n<div class=\"newlinediv\"><\/div>\n<p> A hat\u00e9kony kommunik\u00e1ci\u00f3 minden v\u00e1llalkoz\u00e1sban kulcsfontoss\u00e1g\u00fa, \u00e9s k\u00fcl\u00f6n\u00f6sen fontos a marketingben. Sok v\u00e1llalat azonban kiz\u00e1r\u00f3lag a k\u00fcls\u0151 kommunik\u00e1ci\u00f3ra \u00f6sszpontos\u00edt, \u00e9s elhanyagolja a bels\u0151 kommunik\u00e1ci\u00f3 fontoss\u00e1g\u00e1t. A bels\u0151 kommunik\u00e1ci\u00f3 a szervezeten bel\u00fcli inform\u00e1ci\u00f3- \u00e9s eszmecsere, \u00e9s d\u00f6nt\u0151 szerepet j\u00e1tszik abban, hogy az alkalmazottak \u00f6sszhangban legyenek a v\u00e1llalat c\u00e9ljaival \u00e9s c\u00e9lkit\u0171z\u00e9seivel. Ebben a cikkben a bels\u0151 marketingkommunik\u00e1ci\u00f3 fontoss\u00e1g\u00e1t vizsg\u00e1ljuk meg, \u00e9s azt, hogy milyen el\u0151ny\u00f6kkel j\u00e1rhat a szervezet sz\u00e1m\u00e1ra. <\/p>\n<div class=\"newlinediv\"><\/div>\n<p> El\u0151sz\u00f6r is, a bels\u0151 marketingkommunik\u00e1ci\u00f3 biztos\u00edtja, hogy mindenki ugyanazon az oldalon \u00e1lljon. Ha minden alkalmazott meg\u00e9rti a v\u00e1llalat k\u00fcldet\u00e9s\u00e9t, j\u00f6v\u0151k\u00e9p\u00e9t \u00e9s \u00e9rt\u00e9keit, akkor jobban tudj\u00e1k k\u00e9pviselni a v\u00e1llalatot a k\u00fcls\u0151 \u00e9rdekeltek fel\u00e9. A k\u00f6vetkezetes \u00fczenetk\u00fcld\u00e9s elengedhetetlen egy er\u0151s m\u00e1rka fel\u00e9p\u00edt\u00e9s\u00e9hez, \u00e9s ez csak akkor \u00e9rhet\u0151 el, ha a szervezetben mindenki ugyanabb\u00f3l az \u00e9nekesk\u00f6nyvb\u0151l \u00e9nekel. A bels\u0151 kommunik\u00e1ci\u00f3 seg\u00edthet a sil\u00f3k lebont\u00e1s\u00e1ban \u00e9s az oszt\u00e1lyok k\u00f6z\u00f6tti egy\u00fcttm\u0171k\u00f6d\u00e9s \u00f6szt\u00f6nz\u00e9s\u00e9ben is, ami jobb eredm\u00e9nyekhez vezethet a v\u00e1llalat sz\u00e1m\u00e1ra. <\/p>\n<div class=\"newlinediv\"><\/div>\n<p> A hat\u00e9kony bels\u0151 marketingkommunik\u00e1ci\u00f3 jav\u00edthatja a munkav\u00e1llal\u00f3k elk\u00f6telezetts\u00e9g\u00e9t is. Ha a munkav\u00e1llal\u00f3k \u00fagy \u00e9rzik, hogy valami \u00f6nmagukn\u00e1l nagyobb dolog r\u00e9szesei, nagyobb val\u00f3sz\u00edn\u0171s\u00e9ggel lesznek motiv\u00e1ltak \u00e9s elk\u00f6telezettek a munk\u00e1juk ir\u00e1nt. A bels\u0151 kommunik\u00e1ci\u00f3 seg\u00edthet a szervezeten bel\u00fcli k\u00f6z\u00f6ss\u00e9gi \u00e9rz\u00e9s kialak\u00edt\u00e1s\u00e1ban, \u00e9s el\u0151seg\u00edtheti a k\u00f6z\u00f6s c\u00e9ltudatoss\u00e1got. Ez a termel\u00e9kenys\u00e9g \u00e9s a munk\u00e1val val\u00f3 el\u00e9gedetts\u00e9g n\u00f6veked\u00e9s\u00e9hez vezethet, ami v\u00e9gs\u0151 soron a v\u00e1llalat eredm\u00e9ny\u00e9nek jav\u00e1ra v\u00e1lhat. <\/p>\n<div class=\"newlinediv\"><\/div>\n<p> A bels\u0151 marketingkommunik\u00e1ci\u00f3 m\u00e1sik el\u0151nye, hogy seg\u00edthet a potenci\u00e1lis probl\u00e9m\u00e1k azonos\u00edt\u00e1s\u00e1ban, miel\u0151tt azok nagyobb probl\u00e9m\u00e1v\u00e1 v\u00e1ln\u00e1nak. Ha az alkalmazottak \u00fagy \u00e9rzik, hogy ny\u00edltan \u00e9s \u0151szint\u00e9n besz\u00e9lhetnek koll\u00e9g\u00e1ikkal \u00e9s vezet\u0151ikkel, nagyobb val\u00f3sz\u00edn\u0171s\u00e9ggel vetik fel agg\u00e1lyaikat \u00e9s javasolnak jav\u00edt\u00e1sokat. Ez seg\u00edthet cs\u00edr\u00e1j\u00e1ban elfojtani a potenci\u00e1lis probl\u00e9m\u00e1kat, \u00e9s megakad\u00e1lyozni, hogy azok nagyobb probl\u00e9m\u00e1v\u00e1 v\u00e1ljanak, amelyek \u00e1rthatnak a v\u00e1llalat h\u00edrnev\u00e9nek. <\/p>\n<div class=\"newlinediv\"><\/div>\n<p> V\u00e9g\u00fcl a bels\u0151 marketingkommunik\u00e1ci\u00f3 seg\u00edthet az er\u0151s v\u00e1llalati kult\u00fara kialak\u00edt\u00e1s\u00e1ban. Ha az alkalmazottak \u00fagy \u00e9rzik, hogy hozz\u00e1j\u00e1rul\u00e1sukat \u00e9rt\u00e9kelik, \u00e9s hogy egy csapat tagjai, nagyobb val\u00f3sz\u00edn\u0171s\u00e9ggel lesznek loj\u00e1lisak a v\u00e1llalathoz. Ez seg\u00edthet cs\u00f6kkenteni a fluktu\u00e1ci\u00f3t, \u00e9s a szervezet sz\u00e1m\u00e1ra vonz\u00f3v\u00e1 teheti a legjobb tehets\u00e9geket. Az er\u0151s v\u00e1llalati kult\u00fara seg\u00edthet abban is, hogy a v\u00e1llalat megk\u00fcl\u00f6nb\u00f6ztesse mag\u00e1t a versenyt\u00e1rsakt\u00f3l, \u00e9s h\u0171s\u00e9ges \u00fcgyf\u00e9lk\u00f6rt \u00e9p\u00edtsen ki. <\/p>\n<div class=\"newlinediv\"><\/div>\n<p> \u00d6sszefoglalva, a hat\u00e9kony bels\u0151 kommunik\u00e1ci\u00f3 d\u00f6nt\u0151 fontoss\u00e1g\u00fa annak biztos\u00edt\u00e1s\u00e1ban, hogy az alkalmazottak \u00f6sszhangban legyenek a v\u00e1llalat c\u00e9ljaival \u00e9s c\u00e9lkit\u0171z\u00e9seivel. A bels\u0151 marketingkommunik\u00e1ci\u00f3 seg\u00edthet a k\u00f6vetkezetes \u00fczenetk\u00f6zvet\u00edt\u00e9s biztos\u00edt\u00e1s\u00e1ban, a munkav\u00e1llal\u00f3k elk\u00f6telezetts\u00e9g\u00e9nek jav\u00edt\u00e1s\u00e1ban, a lehets\u00e9ges probl\u00e9m\u00e1k azonos\u00edt\u00e1s\u00e1ban \u00e9s az er\u0151s v\u00e1llalati kult\u00fara kialak\u00edt\u00e1s\u00e1ban. A bels\u0151 kommunik\u00e1ci\u00f3ba val\u00f3 befektet\u00e9ssel a v\u00e1llalatok \u00f6sszetart\u00f3bb \u00e9s produkt\u00edvabb munkaer\u0151t hozhatnak l\u00e9tre, ami v\u00e9gs\u0151 soron az eredm\u00e9nyess\u00e9g jav\u00e1ra v\u00e1lhat.<\/p><\/div>\n","protected":false},"excerpt":{"rendered":"<p>A hat\u00e9kony kommunik\u00e1ci\u00f3 minden v\u00e1llalkoz\u00e1sban kulcsfontoss\u00e1g\u00fa, \u00e9s k\u00fcl\u00f6n\u00f6sen fontos a marketingben. Sok v\u00e1llalat azonban kiz\u00e1r\u00f3lag a k\u00fcls\u0151 kommunik\u00e1ci\u00f3ra \u00f6sszpontos\u00edt, \u00e9s elhanyagolja a bels\u0151 kommunik\u00e1ci\u00f3 fontoss\u00e1g\u00e1t. A bels\u0151 kommunik\u00e1ci\u00f3 a szervezeten bel\u00fcli inform\u00e1ci\u00f3- \u00e9s eszmecsere, \u00e9s d\u00f6nt\u0151 szerepet j\u00e1tszik abban, hogy az alkalmazottak \u00f6sszhangban legyenek a v\u00e1llalat c\u00e9ljaival \u00e9s c\u00e9lkit\u0171z\u00e9seivel. Ebben a cikkben a bels\u0151 marketingkommunik\u00e1ci\u00f3 &#8230; <a title=\"A hat\u00e9kony bels\u0151 kommunik\u00e1ci\u00f3 fontoss\u00e1ga a marketingben\" class=\"read-more\" href=\"https:\/\/megnyitasa.com\/tudas\/a-hatekony-belso-kommunikacio-fontossaga-a-marketingben\/\" aria-label=\"Read more about A hat\u00e9kony bels\u0151 kommunik\u00e1ci\u00f3 fontoss\u00e1ga a marketingben\">Read more<\/a><\/p>\n","protected":false},"author":3114,"featured_media":0,"comment_status":"closed","ping_status":"closed","sticky":false,"template":"","format":"standard","meta":{"footnotes":""},"categories":[6],"tags":[],"class_list":["post-8987","post","type-post","status-publish","format-standard","hentry","category-reklam-es-marketing"],"_links":{"self":[{"href":"https:\/\/megnyitasa.com\/tudas\/wp-json\/wp\/v2\/posts\/8987","targetHints":{"allow":["GET"]}}],"collection":[{"href":"https:\/\/megnyitasa.com\/tudas\/wp-json\/wp\/v2\/posts"}],"about":[{"href":"https:\/\/megnyitasa.com\/tudas\/wp-json\/wp\/v2\/types\/post"}],"author":[{"embeddable":true,"href":"https:\/\/megnyitasa.com\/tudas\/wp-json\/wp\/v2\/users\/3114"}],"replies":[{"embeddable":true,"href":"https:\/\/megnyitasa.com\/tudas\/wp-json\/wp\/v2\/comments?post=8987"}],"version-history":[{"count":0,"href":"https:\/\/megnyitasa.com\/tudas\/wp-json\/wp\/v2\/posts\/8987\/revisions"}],"wp:attachment":[{"href":"https:\/\/megnyitasa.com\/tudas\/wp-json\/wp\/v2\/media?parent=8987"}],"wp:term":[{"taxonomy":"category","embeddable":true,"href":"https:\/\/megnyitasa.com\/tudas\/wp-json\/wp\/v2\/categories?post=8987"},{"taxonomy":"post_tag","embeddable":true,"href":"https:\/\/megnyitasa.com\/tudas\/wp-json\/wp\/v2\/tags?post=8987"}],"curies":[{"name":"wp","href":"https:\/\/api.w.org\/{rel}","templated":true}]}}