{"id":9023,"date":"2023-04-24T00:00:00","date_gmt":"2023-04-24T00:00:00","guid":{"rendered":"https:\/\/megnyitasa.com\/tudas\/valaki-aim-kepernyonevenek-felfedesenek-titka-a-facebookon\/"},"modified":"2023-04-24T00:00:00","modified_gmt":"2023-04-24T00:00:00","slug":"valaki-aim-kepernyonevenek-felfedesenek-titka-a-facebookon","status":"publish","type":"post","link":"https:\/\/megnyitasa.com\/tudas\/valaki-aim-kepernyonevenek-felfedesenek-titka-a-facebookon\/","title":{"rendered":"Valaki AIM-k\u00e9perny\u0151nev\u00e9nek felfed\u00e9s\u00e9nek titka a Facebookon"},"content":{"rendered":"<div class=\"articlecontent\">\n<div class=\"newlinediv\"><\/div>\n<p> Pr\u00f3b\u00e1lsz kapcsolatba l\u00e9pni valakivel az AIM-en, de nem tal\u00e1lod a k\u00e9perny\u0151nev\u00e9t? Szerencs\u00e9re van r\u00e1 m\u00f3d, hogy felfedd az AIM SN-j\u00e9t a Facebook-profilj\u00e1n kereszt\u00fcl. K\u00f6vesse az al\u00e1bbi egyszer\u0171 l\u00e9p\u00e9seket, hogy megtudja valakinek az AIM k\u00e9perny\u0151nev\u00e9t a Facebookon: <\/p>\n<div class=\"title\"> 1. l\u00e9p\u00e9s: Ellen\u0151rizze a profiladatokat <\/div>\n<p> Az els\u0151 l\u00e9p\u00e9s az, hogy ellen\u0151rizze a szem\u00e9ly Facebook-profilj\u00e1nak adatait. Keressen b\u00e1rmilyen linket vagy tov\u00e1bbi k\u00f6z\u00f6ss\u00e9gi m\u00e9diakezel\u0151ket, amelyeket esetleg felt\u00fcntetett. Ha van AIM-fi\u00f3kjuk, akkor az a profiljukon az el\u00e9rhet\u0151s\u00e9gi adatok k\u00f6z\u00f6tt szerepelhet. <\/p>\n<div class=\"title\"> 2. l\u00e9p\u00e9s: Keresse meg a Facebook-id\u0151vonal\u00e1t <\/div>\n<p> Ha az AIM SN nem szerepel a profilj\u00e1n, pr\u00f3b\u00e1lja meg megkeresni a Facebook-id\u0151vonal\u00e1t. Keressen olyan bejegyz\u00e9seket vagy hozz\u00e1sz\u00f3l\u00e1sokat, amelyekben esetleg megosztott\u00e1k a felhaszn\u00e1l\u00f3nev\u00fcket. Megpr\u00f3b\u00e1lhat AIM-hez vagy azonnali \u00fczenetk\u00fcld\u00e9shez kapcsol\u00f3d\u00f3 kulcsszavakra is r\u00e1keresni, hogy megn\u00e9zze, megeml\u00edtett\u00e9k-e a k\u00e9perny\u0151nev\u00fcket a m\u00faltban. <\/p>\n<div class=\"title\"> 3. l\u00e9p\u00e9s: K\u00e9rdezze meg \u0151ket k\u00f6zvetlen\u00fcl <\/div>\n<p> Ha van egy k\u00f6z\u00f6s bar\u00e1tja, vagy k\u00e9nyelmesen el tudja \u00e9rni az illet\u0151t k\u00f6zvetlen\u00fcl, akkor b\u00e1rmikor megk\u00e9rdezheti t\u0151le az AIM-k\u00e9perny\u0151nev\u00e9t. Ez lehet a leggyorsabb \u00e9s legegyszer\u0171bb m\u00f3dja annak, hogy hozz\u00e1jusson a keresett inform\u00e1ci\u00f3hoz. <\/p>\n<div class=\"title\"> 4. l\u00e9p\u00e9s: Haszn\u00e1ljon egy harmadik f\u00e9lt\u0151l sz\u00e1rmaz\u00f3 eszk\u00f6zt <\/div>\n<p> Ha minden m\u00e1s nem siker\u00fcl, l\u00e9teznek olyan harmadik f\u00e9lt\u0151l sz\u00e1rmaz\u00f3 eszk\u00f6z\u00f6k, amelyek seg\u00edthetnek felfedni valakinek az AIM SN-j\u00e9t a Facebook-profilja alapj\u00e1n. Ezek az eszk\u00f6z\u00f6k a szem\u00e9ly profilj\u00e1hoz kapcsol\u00f3d\u00f3 minden nyilv\u00e1nos inform\u00e1ci\u00f3ra r\u00e1keresnek, \u00e9s gyakran tov\u00e1bbi el\u00e9rhet\u0151s\u00e9gi adatokat is felfedhetnek, bele\u00e9rtve az AIM k\u00e9perny\u0151nevet is. <\/p>\n<div class=\"newlinediv\"><\/div>\n<p> \u00d6sszefoglalva, a Facebookon valakinek az AIM k\u00e9perny\u0151nev\u00e9nek kider\u00edt\u00e9se egy kis kutakod\u00e1st ig\u00e9nyelhet, de lehets\u00e9ges. A profilinform\u00e1ci\u00f3k ellen\u0151rz\u00e9s\u00e9t\u0151l kezdve az id\u0151vonaluk \u00e1tkutat\u00e1s\u00e1n \u00e1t a k\u00f6zvetlen kapcsolatfelv\u00e9telig sz\u00e1mos m\u00f3dszerrel megszerezheti a keresett inform\u00e1ci\u00f3t. Ne feledje, hogy mindig tartsa tiszteletben az illet\u0151 szem\u00e9ly mag\u00e1n\u00e9let\u00e9t, \u00e9s az inform\u00e1ci\u00f3kat csak a rendeltet\u00e9sszer\u0171 haszn\u00e1latra haszn\u00e1lja fel.<\/p><\/div>\n","protected":false},"excerpt":{"rendered":"<p>Pr\u00f3b\u00e1lsz kapcsolatba l\u00e9pni valakivel az AIM-en, de nem tal\u00e1lod a k\u00e9perny\u0151nev\u00e9t? Szerencs\u00e9re van r\u00e1 m\u00f3d, hogy felfedd az AIM SN-j\u00e9t a Facebook-profilj\u00e1n kereszt\u00fcl. K\u00f6vesse az al\u00e1bbi egyszer\u0171 l\u00e9p\u00e9seket, hogy megtudja valakinek az AIM k\u00e9perny\u0151nev\u00e9t a Facebookon: 1. l\u00e9p\u00e9s: Ellen\u0151rizze a profiladatokat Az els\u0151 l\u00e9p\u00e9s az, hogy ellen\u0151rizze a szem\u00e9ly Facebook-profilj\u00e1nak adatait. Keressen b\u00e1rmilyen linket vagy &#8230; <a title=\"Valaki AIM-k\u00e9perny\u0151nev\u00e9nek felfed\u00e9s\u00e9nek titka a Facebookon\" class=\"read-more\" href=\"https:\/\/megnyitasa.com\/tudas\/valaki-aim-kepernyonevenek-felfedesenek-titka-a-facebookon\/\" aria-label=\"Read more about Valaki AIM-k\u00e9perny\u0151nev\u00e9nek felfed\u00e9s\u00e9nek titka a Facebookon\">Read more<\/a><\/p>\n","protected":false},"author":1025,"featured_media":0,"comment_status":"closed","ping_status":"closed","sticky":false,"template":"","format":"standard","meta":{"footnotes":""},"categories":[5],"tags":[],"class_list":["post-9023","post","type-post","status-publish","format-standard","hentry","category-uj-vallalkozas-letrehozasa"],"_links":{"self":[{"href":"https:\/\/megnyitasa.com\/tudas\/wp-json\/wp\/v2\/posts\/9023","targetHints":{"allow":["GET"]}}],"collection":[{"href":"https:\/\/megnyitasa.com\/tudas\/wp-json\/wp\/v2\/posts"}],"about":[{"href":"https:\/\/megnyitasa.com\/tudas\/wp-json\/wp\/v2\/types\/post"}],"author":[{"embeddable":true,"href":"https:\/\/megnyitasa.com\/tudas\/wp-json\/wp\/v2\/users\/1025"}],"replies":[{"embeddable":true,"href":"https:\/\/megnyitasa.com\/tudas\/wp-json\/wp\/v2\/comments?post=9023"}],"version-history":[{"count":0,"href":"https:\/\/megnyitasa.com\/tudas\/wp-json\/wp\/v2\/posts\/9023\/revisions"}],"wp:attachment":[{"href":"https:\/\/megnyitasa.com\/tudas\/wp-json\/wp\/v2\/media?parent=9023"}],"wp:term":[{"taxonomy":"category","embeddable":true,"href":"https:\/\/megnyitasa.com\/tudas\/wp-json\/wp\/v2\/categories?post=9023"},{"taxonomy":"post_tag","embeddable":true,"href":"https:\/\/megnyitasa.com\/tudas\/wp-json\/wp\/v2\/tags?post=9023"}],"curies":[{"name":"wp","href":"https:\/\/api.w.org\/{rel}","templated":true}]}}