{"id":9135,"date":"2023-12-22T20:21:55","date_gmt":"2023-12-22T20:21:55","guid":{"rendered":"https:\/\/megnyitasa.com\/tudas\/?p=9135"},"modified":"2023-12-22T20:21:55","modified_gmt":"2023-12-22T20:21:55","slug":"szervezze-meg-az-outlookot-kezdo-utmutato-az-e-mailek-archivalasahoz-az-outlook-2007-ben","status":"publish","type":"post","link":"https:\/\/megnyitasa.com\/tudas\/szervezze-meg-az-outlookot-kezdo-utmutato-az-e-mailek-archivalasahoz-az-outlook-2007-ben\/","title":{"rendered":"Szervezze meg az Outlookot: Kezd\u0151 \u00fatmutat\u00f3 az e-mailek archiv\u00e1l\u00e1s\u00e1hoz az Outlook 2007-ben"},"content":{"rendered":"<div class=\"articlecontent\">\n<div class=\"newlinediv\"><\/div>\n<p> Az Outlook 2007 egy hat\u00e9kony eszk\u00f6z, amely nemcsak az e-mailek k\u00fcld\u00e9s\u00e9t \u00e9s fogad\u00e1s\u00e1t teszi lehet\u0151v\u00e9, hanem seg\u00edt a be\u00e9rkez\u0151 \u00fczenetek kezel\u00e9s\u00e9ben \u00e9s rendszerez\u00e9s\u00e9ben is. Ennek egyik m\u00f3dja az e-mailek archiv\u00e1l\u00e1sa. Ez k\u00fcl\u00f6n\u00f6sen fontos azok sz\u00e1m\u00e1ra, akik sok e-mailt kapnak, \u00e9s szeretn\u00e9k, hogy postal\u00e1d\u00e1jukban ne legyen rendetlens\u00e9g. Ebben a cikkben arr\u00f3l lesz sz\u00f3, hogyan archiv\u00e1lhatja az e-maileket az Outlook 2007-ben. <\/p>\n<div class=\"newlinediv\"><\/div>\n<div class=\"newlinediv\"><\/div>\n<p> 1. l\u00e9p\u00e9s: Archiv\u00e1l\u00e1si mappa l\u00e9trehoz\u00e1sa <\/p>\n<div class=\"newlinediv\"><\/div>\n<p> Az Outlook 2007-ben az e-mailek archiv\u00e1l\u00e1s\u00e1nak els\u0151 l\u00e9p\u00e9se egy archiv\u00e1l\u00e1si mappa l\u00e9trehoz\u00e1sa. Ez a mappa fogja tartalmazni az \u00f6sszes olyan e-mailt, amelyet archiv\u00e1lni szeretne. Ehhez l\u00e9pjen a F\u00e1jl men\u00fcbe, \u00e9s v\u00e1lassza az \u00daj &gt; Outlook adatf\u00e1jl parancsot. V\u00e1lassza ki a l\u00e9trehozand\u00f3 adatf\u00e1jl t\u00edpus\u00e1t, p\u00e9ld\u00e1ul a Szem\u00e9lyes mapp\u00e1k f\u00e1jlj\u00e1t (.pst), \u00e9s adjon neki nevet. Ezzel egy \u00faj mapp\u00e1t hoz l\u00e9tre a postafi\u00f3kf\u00e1ban. <\/p>\n<div class=\"newlinediv\"><\/div>\n<p> 2. l\u00e9p\u00e9s: E-mailek \u00e1thelyez\u00e9se az arch\u00edv mapp\u00e1ba <\/p>\n<div class=\"newlinediv\"><\/div>\n<p> Most, hogy l\u00e9trehozott egy arch\u00edv mapp\u00e1t, itt az ideje, hogy az e-maileket \u00e1thelyezze ebbe a mapp\u00e1ba. Ehhez egyszer\u0171en jel\u00f6lje ki az archiv\u00e1lni k\u00edv\u00e1nt e-maileket, \u00e9s h\u00fazza \u0151ket az arch\u00edv mapp\u00e1ba. Kattintson a jobb gombbal egy e-mailre, \u00e9s v\u00e1lassza az \u00c1thelyez\u00e9s &gt; M\u00e1sik mappa lehet\u0151s\u00e9get, majd v\u00e1lassza ki az archiv\u00e1l\u00e1si mapp\u00e1t a list\u00e1b\u00f3l. <\/p>\n<div class=\"newlinediv\"><\/div>\n<p> 3. l\u00e9p\u00e9s: Az automatikus archiv\u00e1l\u00e1s be\u00e1ll\u00edt\u00e1sa <\/p>\n<div class=\"newlinediv\"><\/div>\n<p> Ha automatiz\u00e1lni szeretn\u00e9 az archiv\u00e1l\u00e1si folyamatot, az Outlook 2007-ben be\u00e1ll\u00edthatja az automatikus archiv\u00e1l\u00e1st. Ezzel a funkci\u00f3val megadhatja, hogy az Outlook milyen gyakran \u00e9s hov\u00e1 archiv\u00e1lja az e-maileket. Az AutoArchive be\u00e1ll\u00edt\u00e1s\u00e1hoz l\u00e9pjen az Eszk\u00f6z\u00f6k men\u00fcbe, \u00e9s v\u00e1lassza a Be\u00e1ll\u00edt\u00e1sok men\u00fcpontot. Kattintson az Egy\u00e9b f\u00fclre, majd az AutoArchive-ra. Itt adhatja meg, hogy az Outlook milyen gyakran archiv\u00e1lja az e-maileket, \u00e9s hol szeretn\u00e9, ha azokat archiv\u00e1ln\u00e1. <\/p>\n<div class=\"newlinediv\"><\/div>\n<p> 4. l\u00e9p\u00e9s: Az archiv\u00e1lt e-mailek visszakeres\u00e9se <\/p>\n<div class=\"newlinediv\"><\/div>\n<p> Ha valaha is vissza kell h\u00edvnia egy archiv\u00e1lt e-mailt, egyszer\u0171en l\u00e9pjen a postafi\u00f3kf\u00e1ban az arch\u00edv mapp\u00e1ba, \u00e9s keresse meg az e-mailt. Az archiv\u00e1lt e-mailek keres\u00e9s\u00e9re az Outlook 2007 keres\u00e9si funkci\u00f3j\u00e1t is haszn\u00e1lhatja. <\/p>\n<div class=\"newlinediv\"><\/div>\n<p> Az e-mailek archiv\u00e1l\u00e1sa az Outlook 2007-ben egyszer\u0171 \u00e9s hat\u00e9kony m\u00f3dja annak, hogy postal\u00e1d\u00e1ja rendezett \u00e9s rendezetlen maradjon. A fent v\u00e1zolt l\u00e9p\u00e9seket k\u00f6vetve k\u00f6nnyed\u00e9n l\u00e9trehozhat egy archiv\u00e1l\u00f3 mapp\u00e1t, \u00e1thelyezheti az e-maileket ebbe a mapp\u00e1ba, be\u00e1ll\u00edthatja az automatikus archiv\u00e1l\u00e1st, \u00e9s sz\u00fcks\u00e9g eset\u00e9n el\u0151h\u00edvhatja az archiv\u00e1lt e-maileket.<\/p><\/div>\n","protected":false},"excerpt":{"rendered":"<p>Az Outlook 2007 egy hat\u00e9kony eszk\u00f6z, amely nemcsak az e-mailek k\u00fcld\u00e9s\u00e9t \u00e9s fogad\u00e1s\u00e1t teszi lehet\u0151v\u00e9, hanem seg\u00edt a be\u00e9rkez\u0151 \u00fczenetek kezel\u00e9s\u00e9ben \u00e9s rendszerez\u00e9s\u00e9ben is. Ennek egyik m\u00f3dja az e-mailek archiv\u00e1l\u00e1sa. Ez k\u00fcl\u00f6n\u00f6sen fontos azok sz\u00e1m\u00e1ra, akik sok e-mailt kapnak, \u00e9s szeretn\u00e9k, hogy postal\u00e1d\u00e1jukban ne legyen rendetlens\u00e9g. Ebben a cikkben arr\u00f3l lesz sz\u00f3, hogyan archiv\u00e1lhatja az &#8230; <a title=\"Szervezze meg az Outlookot: Kezd\u0151 \u00fatmutat\u00f3 az e-mailek archiv\u00e1l\u00e1s\u00e1hoz az Outlook 2007-ben\" class=\"read-more\" href=\"https:\/\/megnyitasa.com\/tudas\/szervezze-meg-az-outlookot-kezdo-utmutato-az-e-mailek-archivalasahoz-az-outlook-2007-ben\/\" aria-label=\"Read more about Szervezze meg az Outlookot: Kezd\u0151 \u00fatmutat\u00f3 az e-mailek archiv\u00e1l\u00e1s\u00e1hoz az Outlook 2007-ben\">Read more<\/a><\/p>\n","protected":false},"author":32,"featured_media":0,"comment_status":"closed","ping_status":"closed","sticky":false,"template":"","format":"standard","meta":{"footnotes":""},"categories":[5],"tags":[],"class_list":["post-9135","post","type-post","status-publish","format-standard","hentry","category-uj-vallalkozas-letrehozasa"],"_links":{"self":[{"href":"https:\/\/megnyitasa.com\/tudas\/wp-json\/wp\/v2\/posts\/9135","targetHints":{"allow":["GET"]}}],"collection":[{"href":"https:\/\/megnyitasa.com\/tudas\/wp-json\/wp\/v2\/posts"}],"about":[{"href":"https:\/\/megnyitasa.com\/tudas\/wp-json\/wp\/v2\/types\/post"}],"author":[{"embeddable":true,"href":"https:\/\/megnyitasa.com\/tudas\/wp-json\/wp\/v2\/users\/32"}],"replies":[{"embeddable":true,"href":"https:\/\/megnyitasa.com\/tudas\/wp-json\/wp\/v2\/comments?post=9135"}],"version-history":[{"count":1,"href":"https:\/\/megnyitasa.com\/tudas\/wp-json\/wp\/v2\/posts\/9135\/revisions"}],"predecessor-version":[{"id":22486,"href":"https:\/\/megnyitasa.com\/tudas\/wp-json\/wp\/v2\/posts\/9135\/revisions\/22486"}],"wp:attachment":[{"href":"https:\/\/megnyitasa.com\/tudas\/wp-json\/wp\/v2\/media?parent=9135"}],"wp:term":[{"taxonomy":"category","embeddable":true,"href":"https:\/\/megnyitasa.com\/tudas\/wp-json\/wp\/v2\/categories?post=9135"},{"taxonomy":"post_tag","embeddable":true,"href":"https:\/\/megnyitasa.com\/tudas\/wp-json\/wp\/v2\/tags?post=9135"}],"curies":[{"name":"wp","href":"https:\/\/api.w.org\/{rel}","templated":true}]}}