{"id":9187,"date":"2023-04-24T00:00:00","date_gmt":"2023-04-24T00:00:00","guid":{"rendered":"https:\/\/megnyitasa.com\/tudas\/a-titok-nyitja-hogyan-ferhet-hozza-egy-rejtett-dell-particiohoz\/"},"modified":"2023-04-24T00:00:00","modified_gmt":"2023-04-24T00:00:00","slug":"a-titok-nyitja-hogyan-ferhet-hozza-egy-rejtett-dell-particiohoz","status":"publish","type":"post","link":"https:\/\/megnyitasa.com\/tudas\/a-titok-nyitja-hogyan-ferhet-hozza-egy-rejtett-dell-particiohoz\/","title":{"rendered":"A titok nyitja: Hogyan f\u00e9rhet hozz\u00e1 egy rejtett Dell-part\u00edci\u00f3hoz"},"content":{"rendered":"<div class=\"articlecontent\">\n<div class=\"newlinediv\"><\/div>\n<p> Ha Dell sz\u00e1m\u00edt\u00f3g\u00e9pe van, tal\u00e1n m\u00e1r hallott a merevlemezen tal\u00e1lhat\u00f3 rejtett part\u00edci\u00f3r\u00f3l. Ezt a part\u00edci\u00f3t Dell helyre\u00e1ll\u00edt\u00e1si part\u00edci\u00f3nak h\u00edvj\u00e1k, \u00e9s olyan fontos f\u00e1jlokat \u00e9s programokat tartalmaz, amelyek seg\u00edts\u00e9g\u00e9vel rendszerhiba vagy v\u00edrust\u00e1mad\u00e1s eset\u00e9n vissza\u00e1ll\u00edthatja a sz\u00e1m\u00edt\u00f3g\u00e9p gy\u00e1ri be\u00e1ll\u00edt\u00e1sait. Ez a part\u00edci\u00f3 azonban nem l\u00e1that\u00f3 a szok\u00e1sos Windows Int\u00e9z\u0151 ablakban, \u00e9s tal\u00e1n elgondolkodik azon, hogyan f\u00e9rhet hozz\u00e1. Ebben a cikkben elmagyar\u00e1zzuk, hogyan \u00e9rheti el a rejtett Dell-part\u00edci\u00f3t, \u00e9s mit tehet vele. <\/p>\n<div class=\"newlinediv\"><\/div>\n<p> El\u0151sz\u00f6r is fontos megjegyezni, hogy nem minden Dell sz\u00e1m\u00edt\u00f3g\u00e9p rendelkezik ezzel a helyre\u00e1ll\u00edt\u00e1si part\u00edci\u00f3val. Ez a sz\u00e1m\u00edt\u00f3g\u00e9p modellj\u00e9t\u0151l \u00e9s konfigur\u00e1ci\u00f3j\u00e1t\u00f3l f\u00fcgg. Ha a sz\u00e1m\u00edt\u00f3g\u00e9pe rendelkezik helyre\u00e1ll\u00edt\u00e1si part\u00edci\u00f3val, akkor azt egy bizonyos billenty\u0171 megnyom\u00e1s\u00e1val \u00e9rheti el a rendszerind\u00edt\u00e1s sor\u00e1n. A billenty\u0171 modellt\u0151l f\u00fcgg\u0151en v\u00e1ltozhat, de \u00e1ltal\u00e1ban az F11, F12 vagy a Ctrl+F11 billenty\u0171kombin\u00e1ci\u00f3. A sz\u00e1m\u00edt\u00f3g\u00e9p k\u00e9zik\u00f6nyv\u00e9ben vagy a Dell \u00fcgyf\u00e9lszolg\u00e1lat\u00e1n megtudhatja, hogy melyik billenty\u0171t kell megnyomnia. <\/p>\n<div class=\"newlinediv\"><\/div>\n<p> A billenty\u0171 megnyom\u00e1sa ut\u00e1n a sz\u00e1m\u00edt\u00f3g\u00e9p a norm\u00e1l Windows oper\u00e1ci\u00f3s rendszer helyett a helyre\u00e1ll\u00edt\u00e1si part\u00edci\u00f3ba fog bootolni. Megjelenik egy men\u00fc k\u00fcl\u00f6nb\u00f6z\u0151 lehet\u0151s\u00e9gekkel, p\u00e9ld\u00e1ul a sz\u00e1m\u00edt\u00f3g\u00e9p gy\u00e1ri be\u00e1ll\u00edt\u00e1sainak vissza\u00e1ll\u00edt\u00e1sa, az oper\u00e1ci\u00f3s rendszer jav\u00edt\u00e1sa vagy a f\u00e1jlok biztons\u00e1gi ment\u00e9se. A ny\u00edlbillenty\u0171kkel navig\u00e1lhat a men\u00fcben, \u00e9s kiv\u00e1laszthatja a k\u00edv\u00e1nt opci\u00f3t. Ne feledje, hogy a sz\u00e1m\u00edt\u00f3g\u00e9p gy\u00e1ri be\u00e1ll\u00edt\u00e1sokba t\u00f6rt\u00e9n\u0151 vissza\u00e1ll\u00edt\u00e1sa t\u00f6rli az \u00f6sszes szem\u00e9lyes f\u00e1jlj\u00e1t \u00e9s programj\u00e1t, ez\u00e9rt el\u0151tte mindenk\u00e9ppen k\u00e9sz\u00edtsen biztons\u00e1gi m\u00e1solatot az adatair\u00f3l. <\/p>\n<div class=\"newlinediv\"><\/div>\n<p> A Dell helyre\u00e1ll\u00edt\u00e1si part\u00edci\u00f3j\u00e1nak el\u00e9r\u00e9s\u00e9nek m\u00e1sik m\u00f3dja a Windows Speci\u00e1lis ind\u00edt\u00e1si be\u00e1ll\u00edt\u00e1sok men\u00fcje. Ehhez \u00fajra kell ind\u00edtania a sz\u00e1m\u00edt\u00f3g\u00e9pet, \u00e9s t\u00f6bbsz\u00f6r meg kell nyomnia az F8 billenty\u0171t, am\u00edg meg nem jelenik a men\u00fc. Ezut\u00e1n v\u00e1lassza a Sz\u00e1m\u00edt\u00f3g\u00e9p jav\u00edt\u00e1sa lehet\u0151s\u00e9get, \u00e9s a sz\u00e1m\u00edt\u00f3g\u00e9p a helyre\u00e1ll\u00edt\u00e1si part\u00edci\u00f3ba fog bootolni. Ez a m\u00f3dszer akkor hasznos, ha a norm\u00e1l rendszerind\u00edt\u00e1si folyamaton kereszt\u00fcl nem tud hozz\u00e1f\u00e9rni a part\u00edci\u00f3hoz. <\/p>\n<div class=\"newlinediv\"><\/div>\n<p> A Dell helyre\u00e1ll\u00edt\u00e1si part\u00edci\u00f3 a sz\u00e1m\u00edt\u00f3g\u00e9p gy\u00e1ri be\u00e1ll\u00edt\u00e1sainak vissza\u00e1ll\u00edt\u00e1sa mellett olyan diagnosztikai eszk\u00f6z\u00f6ket \u00e9s illeszt\u0151programokat is tartalmaz, amelyek seg\u00edthetnek a hardver- vagy szoftverprobl\u00e9m\u00e1k elh\u00e1r\u00edt\u00e1s\u00e1ban. Ezekkel az eszk\u00f6z\u00f6kkel ellen\u0151rizheti a merevlemez, a mem\u00f3ria \u00e9s m\u00e1s alkatr\u00e9szek hib\u00e1it, vagy friss\u00edtheti az illeszt\u0151programokat a leg\u00fajabb verzi\u00f3ra. Ezzel id\u0151t \u00e9s p\u00e9nzt takar\u00edthat meg a sz\u00e1m\u00edt\u00f3g\u00e9p jav\u00edt\u00f3m\u0171helybe vitel\u00e9hez k\u00e9pest. <\/p>\n<div class=\"newlinediv\"><\/div>\n<p> \u00d6sszefoglalva, a Dell helyre\u00e1ll\u00edt\u00e1si part\u00edci\u00f3 hasznos funkci\u00f3, amely seg\u00edthet a sz\u00e1m\u00edt\u00f3g\u00e9p karbantart\u00e1s\u00e1ban \u00e9s jav\u00edt\u00e1s\u00e1ban. A fenti l\u00e9p\u00e9seket k\u00f6vetve hozz\u00e1f\u00e9rhet ehhez a rejtett part\u00edci\u00f3hoz, \u00e9s el\u0151ny\u00e9re haszn\u00e1lhatja funkci\u00f3it. Ne feledje azonban, hogy a sz\u00e1m\u00edt\u00f3g\u00e9p gy\u00e1ri be\u00e1ll\u00edt\u00e1sok vissza\u00e1ll\u00edt\u00e1sa minden szem\u00e9lyes adat\u00e1t t\u00f6rli, ez\u00e9rt el\u0151tte mindenk\u00e9ppen k\u00e9sz\u00edtsen biztons\u00e1gi m\u00e1solatot a f\u00e1jljair\u00f3l.<\/p><\/div>\n","protected":false},"excerpt":{"rendered":"<p>Ha Dell sz\u00e1m\u00edt\u00f3g\u00e9pe van, tal\u00e1n m\u00e1r hallott a merevlemezen tal\u00e1lhat\u00f3 rejtett part\u00edci\u00f3r\u00f3l. Ezt a part\u00edci\u00f3t Dell helyre\u00e1ll\u00edt\u00e1si part\u00edci\u00f3nak h\u00edvj\u00e1k, \u00e9s olyan fontos f\u00e1jlokat \u00e9s programokat tartalmaz, amelyek seg\u00edts\u00e9g\u00e9vel rendszerhiba vagy v\u00edrust\u00e1mad\u00e1s eset\u00e9n vissza\u00e1ll\u00edthatja a sz\u00e1m\u00edt\u00f3g\u00e9p gy\u00e1ri be\u00e1ll\u00edt\u00e1sait. Ez a part\u00edci\u00f3 azonban nem l\u00e1that\u00f3 a szok\u00e1sos Windows Int\u00e9z\u0151 ablakban, \u00e9s tal\u00e1n elgondolkodik azon, hogyan f\u00e9rhet hozz\u00e1. &#8230; <a title=\"A titok nyitja: Hogyan f\u00e9rhet hozz\u00e1 egy rejtett Dell-part\u00edci\u00f3hoz\" class=\"read-more\" href=\"https:\/\/megnyitasa.com\/tudas\/a-titok-nyitja-hogyan-ferhet-hozza-egy-rejtett-dell-particiohoz\/\" aria-label=\"Read more about A titok nyitja: Hogyan f\u00e9rhet hozz\u00e1 egy rejtett Dell-part\u00edci\u00f3hoz\">Read more<\/a><\/p>\n","protected":false},"author":1202,"featured_media":0,"comment_status":"closed","ping_status":"closed","sticky":false,"template":"","format":"standard","meta":{"footnotes":""},"categories":[26],"tags":[],"class_list":["post-9187","post","type-post","status-publish","format-standard","hentry","category-az-alkalmazottak-kezelese"],"_links":{"self":[{"href":"https:\/\/megnyitasa.com\/tudas\/wp-json\/wp\/v2\/posts\/9187","targetHints":{"allow":["GET"]}}],"collection":[{"href":"https:\/\/megnyitasa.com\/tudas\/wp-json\/wp\/v2\/posts"}],"about":[{"href":"https:\/\/megnyitasa.com\/tudas\/wp-json\/wp\/v2\/types\/post"}],"author":[{"embeddable":true,"href":"https:\/\/megnyitasa.com\/tudas\/wp-json\/wp\/v2\/users\/1202"}],"replies":[{"embeddable":true,"href":"https:\/\/megnyitasa.com\/tudas\/wp-json\/wp\/v2\/comments?post=9187"}],"version-history":[{"count":0,"href":"https:\/\/megnyitasa.com\/tudas\/wp-json\/wp\/v2\/posts\/9187\/revisions"}],"wp:attachment":[{"href":"https:\/\/megnyitasa.com\/tudas\/wp-json\/wp\/v2\/media?parent=9187"}],"wp:term":[{"taxonomy":"category","embeddable":true,"href":"https:\/\/megnyitasa.com\/tudas\/wp-json\/wp\/v2\/categories?post=9187"},{"taxonomy":"post_tag","embeddable":true,"href":"https:\/\/megnyitasa.com\/tudas\/wp-json\/wp\/v2\/tags?post=9187"}],"curies":[{"name":"wp","href":"https:\/\/api.w.org\/{rel}","templated":true}]}}