{"id":9488,"date":"2023-04-24T00:00:00","date_gmt":"2023-04-24T00:00:00","guid":{"rendered":"https:\/\/megnyitasa.com\/tudas\/a-lenovo-laptopok-webkamera-hozzaferesenek-fontossaga\/"},"modified":"2023-04-24T00:00:00","modified_gmt":"2023-04-24T00:00:00","slug":"a-lenovo-laptopok-webkamera-hozzaferesenek-fontossaga","status":"publish","type":"post","link":"https:\/\/megnyitasa.com\/tudas\/a-lenovo-laptopok-webkamera-hozzaferesenek-fontossaga\/","title":{"rendered":"A Lenovo laptopok webkamera-hozz\u00e1f\u00e9r\u00e9s\u00e9nek fontoss\u00e1ga"},"content":{"rendered":"<div class=\"articlecontent\">\n<div class=\"newlinediv\"><\/div>\n<p> A Lenovo laptopok egyre n\u00e9pszer\u0171bbek a fogyaszt\u00f3k k\u00f6r\u00e9ben eleg\u00e1ns kialak\u00edt\u00e1suknak \u00e9s nagy teljes\u00edtm\u00e9ny\u0171 specifik\u00e1ci\u00f3iknak k\u00f6sz\u00f6nhet\u0151en. A Lenovo laptopok egyik legfontosabb jellemz\u0151je a webkamera, amely lehet\u0151v\u00e9 teszi a felhaszn\u00e1l\u00f3k sz\u00e1m\u00e1ra a videokonferenci\u00e1k, f\u00e9nyk\u00e9pek \u00e9s vide\u00f3k r\u00f6gz\u00edt\u00e9s\u00e9t. Sok felhaszn\u00e1l\u00f3 azonban nem tudja, hogyan nyissa meg a webkamer\u00e1t a Lenovo laptopon, ami frusztr\u00e1l\u00f3 lehet. Ebben a cikkben v\u00e9gigvezetj\u00fck \u00d6nt a Lenovo laptop webkamer\u00e1j\u00e1nak megnyit\u00e1s\u00e1hoz sz\u00fcks\u00e9ges l\u00e9p\u00e9seken. <\/p>\n<div class=\"title\"> 1. l\u00e9p\u00e9s: A kamera alkalmaz\u00e1s ellen\u0151rz\u00e9se <\/div>\n<p> Az els\u0151 l\u00e9p\u00e9s a webkamera megnyit\u00e1s\u00e1hoz egy Lenovo laptopon az, hogy ellen\u0151rizze, telep\u00edtve van-e a kamera alkalmaz\u00e1s. Ha Windows 10-et haszn\u00e1l, a Kamera alkalmaz\u00e1snak el\u0151re telep\u00edtve kell lennie a laptopj\u00e1n. A Kamera alkalmaz\u00e1st megkeresheti a Start men\u00fcben vagy a keres\u0151s\u00e1vban. Ha a Windows r\u00e9gebbi verzi\u00f3j\u00e1t haszn\u00e1lja, el\u0151fordulhat, hogy le kell t\u00f6ltenie a Kamera alkalmaz\u00e1st a Microsoft Store-b\u00f3l. <\/p>\n<div class=\"title\"> 2. l\u00e9p\u00e9s: A Kamera alkalmaz\u00e1s megnyit\u00e1sa <\/div>\n<p> Miut\u00e1n megtal\u00e1lta a Kamera alkalmaz\u00e1st, az alkalmaz\u00e1s ikonj\u00e1ra kattintva megnyithatja azt. A Kamera alkalmaz\u00e1s megny\u00edlik, \u00e9s l\u00e1tnia kell, hogy a webkamera aktiv\u00e1lva van. Ha nem l\u00e1tja a webkamer\u00e1t, akkor a kamera be\u00e1ll\u00edt\u00e1sait kell m\u00f3dos\u00edtania. <\/p>\n<div class=\"title\"> 3. l\u00e9p\u00e9s: A kamera be\u00e1ll\u00edt\u00e1sainak m\u00f3dos\u00edt\u00e1sa <\/div>\n<p> A kamera be\u00e1ll\u00edt\u00e1sainak m\u00f3dos\u00edt\u00e1s\u00e1hoz kattintson a Kamera alkalmaz\u00e1sban a fogasker\u00e9k ikonra. Ez megnyitja a Kamera alkalmaz\u00e1s be\u00e1ll\u00edt\u00e1sait. Innen be\u00e1ll\u00edthatja a kamera be\u00e1ll\u00edt\u00e1sait, p\u00e9ld\u00e1ul a vide\u00f3 felbont\u00e1s\u00e1t \u00e9s min\u0151s\u00e9g\u00e9t, valamint enged\u00e9lyezheti vagy letilthatja az olyan funkci\u00f3kat, mint az automatikus f\u00f3kusz\u00e1l\u00e1s \u00e9s az arcfelismer\u00e9s. <\/p>\n<div class=\"title\"> 4. l\u00e9p\u00e9s: A webkamera tesztel\u00e9se <\/div>\n<p> A kamera be\u00e1ll\u00edt\u00e1sainak m\u00f3dos\u00edt\u00e1sa ut\u00e1n tesztelheti a webkamer\u00e1t egy k\u00e9p vagy egy vide\u00f3 r\u00f6gz\u00edt\u00e9s\u00e9vel. A f\u00e9nyk\u00e9p k\u00e9sz\u00edt\u00e9s\u00e9hez kattintson a kamera ikonra a Kamera alkalmaz\u00e1sban. Vide\u00f3 r\u00f6gz\u00edt\u00e9s\u00e9hez kattintson a vide\u00f3 ikonra. A Kamera alkalmaz\u00e1ssal videokonferenci\u00e1t is tarthat bar\u00e1taival \u00e9s koll\u00e9g\u00e1ival. <\/p>\n<div class=\"newlinediv\"><\/div>\n<p> \u00d6sszefoglalva, a webkamera megnyit\u00e1sa a Lenovo laptopon egy egyszer\u0171 folyamat, amely n\u00e9h\u00e1ny l\u00e9p\u00e9sben elv\u00e9gezhet\u0151. A cikkben ismertetett l\u00e9p\u00e9seket k\u00f6vetve k\u00f6nnyed\u00e9n hozz\u00e1f\u00e9rhet a webkamer\u00e1hoz, \u00e9s elkezdheti a videokonferenci\u00e1t, a f\u00e9nyk\u00e9pek k\u00e9sz\u00edt\u00e9s\u00e9t \u00e9s a vide\u00f3k r\u00f6gz\u00edt\u00e9s\u00e9t.<\/p><\/div>\n<div class=\"questions\">\n<div class=\"questionstitle\">FAQ<\/div>\n<div class=\"question\">\n<div class=\"qtitle\"> Hogyan kell bekapcsolni a webkamer\u00e1t?<\/div>\n<p> A webkamera bekapcsol\u00e1s\u00e1hoz el\u0151sz\u00f6r is meg kell gy\u0151z\u0151dnie arr\u00f3l, hogy az megfelel\u0151en csatlakozik a sz\u00e1m\u00edt\u00f3g\u00e9p\u00e9hez. Miut\u00e1n meggy\u0151z\u0151d\u00f6tt arr\u00f3l, hogy a webkamera csatlakoztatva van, k\u00f6vesse az al\u00e1bbi l\u00e9p\u00e9seket: <\/p>\n<div class=\"newlinediv\"><\/div>\n<p> 1. Nyissa meg azt a programot vagy alkalmaz\u00e1st, amellyel a webkamer\u00e1t haszn\u00e1lni szeretn\u00e9 (p\u00e9ld\u00e1ul Skype, Zoom vagy Google Meet). <\/p>\n<div class=\"newlinediv\"><\/div>\n<p> 2. Navig\u00e1ljon a programon bel\u00fcl a be\u00e1ll\u00edt\u00e1sok vagy a preferenci\u00e1k men\u00fcponthoz. <\/p>\n<div class=\"newlinediv\"><\/div>\n<p> 3. Keressen egy lehet\u0151s\u00e9get a webkamera vagy kamera enged\u00e9lyez\u00e9s\u00e9re. Ez a &#8222;Video&#8221; vagy &#8222;Audio\/Video&#8221; f\u00fcl alatt tal\u00e1lhat\u00f3. <\/p>\n<div class=\"newlinediv\"><\/div>\n<p> 4. Kattintson a webkamera enged\u00e9lyez\u00e9s\u00e9re szolg\u00e1l\u00f3 lehet\u0151s\u00e9gre. Egyes programok lehet\u0151v\u00e9 teszik a kamera be\u00e1ll\u00edt\u00e1sainak, p\u00e9ld\u00e1ul a f\u00e9nyer\u0151 \u00e9s a kontraszt be\u00e1ll\u00edt\u00e1s\u00e1t is. <\/p>\n<div class=\"newlinediv\"><\/div>\n<p> 5. Tesztelje a webkamer\u00e1t a programban a vide\u00f3tov\u00e1bb\u00edt\u00e1s el\u0151n\u00e9zet\u00e9vel. L\u00e1tnia kell mag\u00e1t a k\u00e9perny\u0151n. <\/p>\n<div class=\"newlinediv\"><\/div>\n<p> Ha probl\u00e9m\u00e1i vannak a webkamera bekapcsol\u00e1s\u00e1val, gy\u0151z\u0151dj\u00f6n meg arr\u00f3l, hogy a sz\u00e1m\u00edt\u00f3g\u00e9p oper\u00e1ci\u00f3s rendszere \u00e9s illeszt\u0151programjai naprak\u00e9szek. Lehet, hogy a sz\u00e1m\u00edt\u00f3g\u00e9p adatv\u00e9delmi be\u00e1ll\u00edt\u00e1sain bel\u00fcl is m\u00f3dos\u00edtania kell a be\u00e1ll\u00edt\u00e1sokat, hogy a program hozz\u00e1f\u00e9rhessen a kamer\u00e1hoz. <\/p>\n<\/div>\n<div class=\"question\">\n<div class=\"qtitle\"> Hogyan tudom bekapcsolni a Lenovo el\u00fcls\u0151 kamer\u00e1j\u00e1t?<\/div>\n<p> A Lenovo laptop vagy asztali sz\u00e1m\u00edt\u00f3g\u00e9p el\u00fcls\u0151 kamer\u00e1j\u00e1nak bekapcsol\u00e1s\u00e1hoz k\u00f6vesse az al\u00e1bbi l\u00e9p\u00e9seket: <\/p>\n<div class=\"newlinediv\"><\/div>\n<p> 1. Nyissa meg a Start men\u00fct, \u00e9s kattintson a &#8222;Kamera&#8221; alkalmaz\u00e1sra. Ha nem tal\u00e1lja a Start men\u00fcben, keresse meg a keres\u0151s\u00e1vban. <\/p>\n<div class=\"newlinediv\"><\/div>\n<p> 2. Miut\u00e1n a Kamera alkalmaz\u00e1s megny\u00edlt, kattintson a k\u00e9perny\u0151 jobb fels\u0151 sark\u00e1ban tal\u00e1lhat\u00f3 &#8222;Kamera v\u00e1lt\u00e1sa&#8221; ikonra. Ezzel a kamera a h\u00e1tlapi kamer\u00e1r\u00f3l \u00e1tv\u00e1lt az el\u0151lapi kamer\u00e1ra. <\/p>\n<div class=\"newlinediv\"><\/div>\n<p> 3. Ha be\u00e9p\u00edtett kamer\u00e1val rendelkez\u0151 laptopot haszn\u00e1l, gy\u0151z\u0151dj\u00f6n meg r\u00f3la, hogy a kamera nincs fizikailag letakarva vagy letiltva. Egyes Lenovo laptopok fizikai kapcsol\u00f3val vagy gombbal rendelkeznek, amellyel a kamera be- vagy kikapcsolhat\u00f3. Ha k\u00fcls\u0151 kamer\u00e1t haszn\u00e1l, gy\u0151z\u0151dj\u00f6n meg r\u00f3la, hogy az megfelel\u0151en csatlakoztatva van a sz\u00e1m\u00edt\u00f3g\u00e9phez \u00e9s be van kapcsolva. <\/p>\n<div class=\"newlinediv\"><\/div>\n<p> 4. Sz\u00fcks\u00e9g eset\u00e9n \u00e1ll\u00edtsa be a kamera be\u00e1ll\u00edt\u00e1sait. A k\u00e9perny\u0151 jobb fels\u0151 sark\u00e1ban tal\u00e1lhat\u00f3 &#8222;Be\u00e1ll\u00edt\u00e1sok&#8221; ikonra kattintva m\u00f3dos\u00edthatja a felbont\u00e1st, a f\u00e9nyer\u0151t \u00e9s egy\u00e9b be\u00e1ll\u00edt\u00e1sokat. <\/p>\n<div class=\"newlinediv\"><\/div>\n<p> 5. Miut\u00e1n a kamera be van kapcsolva \u00e9s a be\u00e1ll\u00edt\u00e1sokat elv\u00e9gezte, elkezdheti haszn\u00e1lni videoh\u00edv\u00e1sokra, f\u00e9nyk\u00e9pek k\u00e9sz\u00edt\u00e9s\u00e9re vagy vide\u00f3k r\u00f6gz\u00edt\u00e9s\u00e9re. <\/p>\n<div class=\"newlinediv\"><\/div>\n<p> Vegye figyelembe, hogy egyes Lenovo modellekn\u00e9l elt\u00e9r\u0151 l\u00e9p\u00e9sek vagy elt\u00e9r\u0151 kameraalkalmaz\u00e1s lehet. Ha tov\u00e1bbra is gondot okoz a kamera bekapcsol\u00e1sa, olvassa el a felhaszn\u00e1l\u00f3i k\u00e9zik\u00f6nyvet, vagy forduljon seg\u00edts\u00e9g\u00e9rt a Lenovo \u00fcgyf\u00e9lszolg\u00e1lat\u00e1hoz. <\/p>\n<\/div>\n<div class=\"question\">\n<div class=\"qtitle\"> Milyen funkci\u00f3billenty\u0171 kapcsolja be a webkamer\u00e1t?<\/div>\n<p> Nincs olyan speci\u00e1lis funkci\u00f3billenty\u0171, amely bekapcsolja a webkamer\u00e1t a sz\u00e1m\u00edt\u00f3g\u00e9pen. A webkamera bekapcsol\u00e1s\u00e1nak m\u00f3dja a sz\u00e1m\u00edt\u00f3g\u00e9p t\u00edpus\u00e1t\u00f3l \u00e9s a haszn\u00e1lt oper\u00e1ci\u00f3s rendszert\u0151l f\u00fcgg\u0151en v\u00e1ltozhat. <\/p>\n<div class=\"newlinediv\"><\/div>\n<p> A legt\u00f6bb esetben a webkamera a webkamer\u00e1t haszn\u00e1l\u00f3 alkalmaz\u00e1s, p\u00e9ld\u00e1ul a Skype, a Zoom vagy b\u00e1rmely m\u00e1s videokonferencia-szoftver megnyit\u00e1s\u00e1val kapcsolhat\u00f3 be. Az alkalmaz\u00e1s elind\u00edt\u00e1sakor az automatikusan felismeri \u00e9s bekapcsolja a webkamer\u00e1t. <\/p>\n<div class=\"newlinediv\"><\/div>\n<p> Egyes laptopokon van egy fizikai kapcsol\u00f3 vagy gomb, amellyel a webkamera be- vagy kikapcsolhat\u00f3. Ez a kapcsol\u00f3 vagy gomb \u00e1ltal\u00e1ban a webkamera k\u00f6zel\u00e9ben vagy a billenty\u0171zeten tal\u00e1lhat\u00f3. <\/p>\n<div class=\"newlinediv\"><\/div>\n<p> Egyes esetekben a webkamera az eszk\u00f6zkezel\u0151n kereszt\u00fcl is be- vagy kikapcsolhat\u00f3. Az eszk\u00f6zkezel\u0151 el\u00e9r\u00e9s\u00e9hez kattintson a jobb gombbal a Windows ikonra a t\u00e1lc\u00e1n, \u00e9s v\u00e1lassza az &#8222;Eszk\u00f6zkezel\u0151&#8221; lehet\u0151s\u00e9get. Ott bontsa ki a &#8222;K\u00e9palkot\u00f3 eszk\u00f6z\u00f6k&#8221; kateg\u00f3ri\u00e1t, \u00e9s kattintson a jobb gombbal a webkamera eszk\u00f6zre. V\u00e1lassza az &#8222;Enged\u00e9lyez\u00e9s&#8221; vagy a &#8222;Letilt\u00e1s&#8221; lehet\u0151s\u00e9get a webkamera be- vagy kikapcsol\u00e1s\u00e1hoz. <\/p>\n<div class=\"newlinediv\"><\/div>\n<p> Fontos megjegyezni, hogy egyes munk\u00e1ltat\u00f3knak speci\u00e1lis szab\u00e1lyzata lehet a webkamer\u00e1k munkahelyi haszn\u00e1lat\u00e1ra vonatkoz\u00f3an. A legjobb, ha mindig egyeztet a munk\u00e1ltat\u00f3val vagy az informatikai r\u00e9szleggel, hogy megbizonyosodjon arr\u00f3l, hogy betartja a v\u00e1llalat ir\u00e1nyelveit.<\/p>\n<\/div>\n<\/div>\n","protected":false},"excerpt":{"rendered":"<p>A Lenovo laptopok egyre n\u00e9pszer\u0171bbek a fogyaszt\u00f3k k\u00f6r\u00e9ben eleg\u00e1ns kialak\u00edt\u00e1suknak \u00e9s nagy teljes\u00edtm\u00e9ny\u0171 specifik\u00e1ci\u00f3iknak k\u00f6sz\u00f6nhet\u0151en. A Lenovo laptopok egyik legfontosabb jellemz\u0151je a webkamera, amely lehet\u0151v\u00e9 teszi a felhaszn\u00e1l\u00f3k sz\u00e1m\u00e1ra a videokonferenci\u00e1k, f\u00e9nyk\u00e9pek \u00e9s vide\u00f3k r\u00f6gz\u00edt\u00e9s\u00e9t. Sok felhaszn\u00e1l\u00f3 azonban nem tudja, hogyan nyissa meg a webkamer\u00e1t a Lenovo laptopon, ami frusztr\u00e1l\u00f3 lehet. Ebben a cikkben v\u00e9gigvezetj\u00fck &#8230; <a title=\"A Lenovo laptopok webkamera-hozz\u00e1f\u00e9r\u00e9s\u00e9nek fontoss\u00e1ga\" class=\"read-more\" href=\"https:\/\/megnyitasa.com\/tudas\/a-lenovo-laptopok-webkamera-hozzaferesenek-fontossaga\/\" aria-label=\"Read more about A Lenovo laptopok webkamera-hozz\u00e1f\u00e9r\u00e9s\u00e9nek fontoss\u00e1ga\">Read more<\/a><\/p>\n","protected":false},"author":4082,"featured_media":0,"comment_status":"closed","ping_status":"closed","sticky":false,"template":"","format":"standard","meta":{"footnotes":""},"categories":[31],"tags":[],"class_list":["post-9488","post","type-post","status-publish","format-standard","hentry","category-uzleti-es-munkahelyi-eloirasok"],"_links":{"self":[{"href":"https:\/\/megnyitasa.com\/tudas\/wp-json\/wp\/v2\/posts\/9488","targetHints":{"allow":["GET"]}}],"collection":[{"href":"https:\/\/megnyitasa.com\/tudas\/wp-json\/wp\/v2\/posts"}],"about":[{"href":"https:\/\/megnyitasa.com\/tudas\/wp-json\/wp\/v2\/types\/post"}],"author":[{"embeddable":true,"href":"https:\/\/megnyitasa.com\/tudas\/wp-json\/wp\/v2\/users\/4082"}],"replies":[{"embeddable":true,"href":"https:\/\/megnyitasa.com\/tudas\/wp-json\/wp\/v2\/comments?post=9488"}],"version-history":[{"count":0,"href":"https:\/\/megnyitasa.com\/tudas\/wp-json\/wp\/v2\/posts\/9488\/revisions"}],"wp:attachment":[{"href":"https:\/\/megnyitasa.com\/tudas\/wp-json\/wp\/v2\/media?parent=9488"}],"wp:term":[{"taxonomy":"category","embeddable":true,"href":"https:\/\/megnyitasa.com\/tudas\/wp-json\/wp\/v2\/categories?post=9488"},{"taxonomy":"post_tag","embeddable":true,"href":"https:\/\/megnyitasa.com\/tudas\/wp-json\/wp\/v2\/tags?post=9488"}],"curies":[{"name":"wp","href":"https:\/\/api.w.org\/{rel}","templated":true}]}}