{"id":9722,"date":"2023-04-24T00:00:00","date_gmt":"2023-04-24T00:00:00","guid":{"rendered":"https:\/\/megnyitasa.com\/tudas\/a-megfelelo-ertekelesi-modszerek-fontossaga-a-hr-ben\/"},"modified":"2023-04-24T00:00:00","modified_gmt":"2023-04-24T00:00:00","slug":"a-megfelelo-ertekelesi-modszerek-fontossaga-a-hr-ben","status":"publish","type":"post","link":"https:\/\/megnyitasa.com\/tudas\/a-megfelelo-ertekelesi-modszerek-fontossaga-a-hr-ben\/","title":{"rendered":"A megfelel\u0151 \u00e9rt\u00e9kel\u00e9si m\u00f3dszerek fontoss\u00e1ga a HR-ben"},"content":{"rendered":"<div class=\"articlecontent\">\n<div class=\"newlinediv\"><\/div>\n<p> Az emberi er\u0151forr\u00e1sok oszt\u00e1lyai kritikus szerepet j\u00e1tszanak minden szervezetben. \u0150k felel\u0151sek t\u00f6bbek k\u00f6z\u00f6tt az alkalmazottak felv\u00e9tel\u00e9\u00e9rt, k\u00e9pz\u00e9s\u00e9\u00e9rt \u00e9s ir\u00e1ny\u00edt\u00e1s\u00e1\u00e9rt. Az egyik legfontosabb feladatuk az alkalmazottak \u00e9s a munk\u00e1ra jelentkez\u0151k \u00e9rt\u00e9kel\u00e9se. Az \u00e9rt\u00e9kel\u00e9si folyamat az\u00e9rt kulcsfontoss\u00e1g\u00fa, mert seg\u00edt a HR-szakembereknek meghat\u00e1rozni, hogy egy adott szem\u00e9ly alkalmas-e egy adott munkak\u00f6r bet\u00f6lt\u00e9s\u00e9re, \u00e9s rendelkezik-e a munkak\u00f6r bet\u00f6lt\u00e9s\u00e9hez sz\u00fcks\u00e9ges k\u00e9szs\u00e9gekkel \u00e9s tapasztalattal. A hum\u00e1ner\u0151forr\u00e1s-oszt\u00e1lyok \u00e1ltal haszn\u00e1lt \u00e9rt\u00e9kel\u00e9seknek t\u00f6bb t\u00edpusa l\u00e9tezik, mindegyiknek megvannak a maga el\u0151nyei \u00e9s h\u00e1tr\u00e1nyai. <\/p>\n<div class=\"title\"> 1. Interj\u00fak <\/div>\n<p> A HR-oszt\u00e1lyok \u00e1ltal leggyakrabban alkalmazott \u00e9rt\u00e9kel\u00e9si t\u00edpus az interj\u00fa. Az interj\u00faknak sz\u00e1mos form\u00e1ja lehet, bele\u00e9rtve a struktur\u00e1lt, struktur\u00e1latlan, panel- \u00e9s csoportos interj\u00fakat. A struktur\u00e1lt interj\u00fa sor\u00e1n az interj\u00faztat\u00f3 el\u0151re meghat\u00e1rozott k\u00e9rd\u00e9ssorozatot k\u00f6vet, m\u00edg a struktur\u00e1latlan interj\u00fa sor\u00e1n az interj\u00faztat\u00f3 nyitott k\u00e9rd\u00e9seket tesz fel. A panel- \u00e9s csoportos interj\u00fak t\u00f6bb interj\u00faztat\u00f3 \u00e9s jel\u00f6lt r\u00e9szv\u00e9tel\u00e9vel zajlanak. <\/p>\n<div class=\"newlinediv\"><\/div>\n<p> Az interj\u00fak el\u0151nye, hogy lehet\u0151v\u00e9 teszik a HR-szakemberek sz\u00e1m\u00e1ra, hogy jobban megismerj\u00e9k a jel\u00f6lt szem\u00e9lyis\u00e9g\u00e9t, kommunik\u00e1ci\u00f3s k\u00e9szs\u00e9geit \u00e9s kultur\u00e1lis alkalmass\u00e1g\u00e1t. Az interj\u00fak azonban elfogults\u00e1gnak is ki vannak t\u00e9ve, \u00e9s olyan t\u00e9nyez\u0151k befoly\u00e1solhatj\u00e1k \u0151ket, mint az interj\u00faztat\u00f3 szem\u00e9lyes preferenci\u00e1i \u00e9s a jel\u00f6lt megjelen\u00e9se. <\/p>\n<div class=\"title\"> 2. Tesztek <\/div>\n<p> A HR-oszt\u00e1lyok teszteket is haszn\u00e1lhatnak a jel\u00f6ltek k\u00e9szs\u00e9geinek, ismereteinek \u00e9s k\u00e9pess\u00e9geinek felm\u00e9r\u00e9s\u00e9re. A tesztek sz\u00e1mos form\u00e1t \u00f6lthetnek, bele\u00e9rtve a kognit\u00edv teszteket, a szem\u00e9lyis\u00e9gteszteket \u00e9s a munkak\u00f6r-specifikus teszteket. A kognit\u00edv tesztek a jel\u00f6lt \u00e1ltal\u00e1nos intelligenci\u00e1j\u00e1t m\u00e9rik, m\u00edg a szem\u00e9lyis\u00e9gtesztek olyan tulajdons\u00e1gokat m\u00e9rnek, mint a lelkiismeretess\u00e9g, az elfogadhat\u00f3s\u00e1g \u00e9s az \u00e9rzelmi stabilit\u00e1s. A munkak\u00f6r-specifikus tesztek a jel\u00f6ltnek a munkak\u00f6rh\u00f6z kapcsol\u00f3d\u00f3 konkr\u00e9t feladatok elv\u00e9gz\u00e9s\u00e9re val\u00f3 k\u00e9pess\u00e9g\u00e9t m\u00e9rik. <\/p>\n<div class=\"newlinediv\"><\/div>\n<p> A tesztek el\u0151nye, hogy objekt\u00edvek, \u00e9s \u00e9rt\u00e9kes inform\u00e1ci\u00f3kkal szolg\u00e1lhatnak a jel\u00f6lt k\u00e9pess\u00e9geir\u0151l. El\u0151fordulhat azonban, hogy a tesztek nem t\u00fckr\u00f6zik pontosan a jel\u00f6lt k\u00e9pess\u00e9geit, \u00e9s az alkalmaz\u00e1suk k\u00f6lts\u00e9ges \u00e9s id\u0151ig\u00e9nyes lehet. <\/p>\n<div class=\"title\"> 3. \u00c9rt\u00e9kel\u0151k\u00f6zpontok <\/div>\n<p> Az \u00e9rt\u00e9kel\u0151k\u00f6zpont az \u00e9rt\u00e9kel\u00e9s olyan t\u00edpusa, amely val\u00f3s munkaszitu\u00e1ci\u00f3k szimul\u00e1l\u00e1s\u00e1val \u00e9rt\u00e9keli a jel\u00f6lt k\u00e9szs\u00e9geit, tud\u00e1s\u00e1t \u00e9s k\u00e9pess\u00e9geit. Az \u00e9rt\u00e9kel\u0151k\u00f6zpontok jellemz\u0151en egy sor gyakorlatot tartalmaznak, p\u00e9ld\u00e1ul csoportos megbesz\u00e9l\u00e9seket, szerepj\u00e1t\u00e9kokat \u00e9s prezent\u00e1ci\u00f3kat. A r\u00e9sztvev\u0151ket \u00e9rt\u00e9kel\u0151k \u00e9rt\u00e9kelik, akik megfigyelik viselked\u00e9s\u00fcket \u00e9s teljes\u00edtm\u00e9ny\u00fcket. <\/p>\n<div class=\"newlinediv\"><\/div>\n<p> Az \u00e9rt\u00e9kel\u0151k\u00f6zpontok el\u0151nye, hogy re\u00e1lis \u00e9s \u00e1tfog\u00f3 \u00e9rt\u00e9kel\u00e9st ny\u00fajtanak a jel\u00f6lt k\u00e9pess\u00e9geir\u0151l. Az \u00e9rt\u00e9kel\u0151k\u00f6zpontok m\u0171k\u00f6dtet\u00e9se azonban k\u00f6lts\u00e9ges lehet, \u00e9s nem minden szervezet sz\u00e1m\u00e1ra kivitelezhet\u0151. <\/p>\n<div class=\"title\"> 4. Referenci\u00e1k <\/div>\n<p> A HR-oszt\u00e1lyok referenci\u00e1kat is haszn\u00e1lhatnak a jel\u00f6lt kor\u00e1bbi teljes\u00edtm\u00e9ny\u00e9nek \u00e9s a munk\u00e1ra val\u00f3 alkalmass\u00e1g\u00e1nak \u00e9rt\u00e9kel\u00e9s\u00e9re. A referenci\u00e1k beszerezhet\u0151k kor\u00e1bbi munk\u00e1ltat\u00f3kt\u00f3l, koll\u00e9g\u00e1kt\u00f3l vagy m\u00e1s olyan szem\u00e9lyekt\u0151l, akik kor\u00e1bban egy\u00fctt dolgoztak a jel\u00f6lttel. <\/p>\n<div class=\"newlinediv\"><\/div>\n<p> A referenci\u00e1k el\u0151nye, hogy \u00e9rt\u00e9kes betekint\u00e9st ny\u00fajtanak a jel\u00f6lt munkat\u00f6rt\u00e9net\u00e9be \u00e9s teljes\u00edtm\u00e9ny\u00e9be. A referenci\u00e1k azonban nem mindig megb\u00edzhat\u00f3ak vagy objekt\u00edvek, \u00e9s egyes munk\u00e1ltat\u00f3k nem sz\u00edvesen adnak negat\u00edv visszajelz\u00e9st. <\/p>\n<div class=\"newlinediv\"><\/div>\n<p> \u00d6sszefoglalva, az \u00e9rt\u00e9kel\u00e9si folyamat kritikus fontoss\u00e1g\u00fa minden szervezet sikere szempontj\u00e1b\u00f3l. A k\u00fcl\u00f6nb\u00f6z\u0151 \u00e9rt\u00e9kel\u00e9si m\u00f3dszerek kombin\u00e1ci\u00f3j\u00e1nak alkalmaz\u00e1s\u00e1val a HR-szakemberek megalapozott d\u00f6nt\u00e9seket hozhatnak arr\u00f3l, hogy kit vegyenek fel \u00e9s hogyan fejlessz\u00e9k alkalmazottaikat. Fontos azonban, hogy felismerj\u00e9k az egyes \u00e9rt\u00e9kel\u00e9si m\u00f3dszerek korl\u00e1tait, \u00e9s azokat tisztess\u00e9ges, objekt\u00edv \u00e9s k\u00f6vetkezetes m\u00f3don alkalmazz\u00e1k.<\/p><\/div>\n<div class=\"questions\">\n<div class=\"questionstitle\">FAQ<\/div>\n<div class=\"question\">\n<div class=\"qtitle\"> Hogyan \u00e9rt\u00e9kel a HR r\u00e9szleg?<\/div>\n<p> A HR-r\u00e9szleg \u00e9rt\u00e9kel\u00e9se minden szervezet sz\u00e1m\u00e1ra kulcsfontoss\u00e1g\u00fa folyamat, mivel seg\u00edt azonos\u00edtani azokat a ter\u00fcleteket, ahol jav\u00edt\u00e1sra van sz\u00fcks\u00e9g, \u00e9s megteremti a siker m\u00e9rc\u00e9j\u00e9t. \u00cdme n\u00e9h\u00e1ny m\u00f3dszer a HR-oszt\u00e1ly \u00e9rt\u00e9kel\u00e9s\u00e9re: <\/p>\n<div class=\"newlinediv\"><\/div>\n<p> 1. Tekintse \u00e1t a HR-m\u00e9r\u0151sz\u00e1mokat: A HR-m\u00e9r\u0151sz\u00e1mok \u00e9rt\u00e9kes betekint\u00e9st ny\u00fajtanak a HR-oszt\u00e1ly teljes\u00edtm\u00e9ny\u00e9be. Az olyan m\u00e9r\u0151sz\u00e1mok, mint a munkav\u00e1llal\u00f3i fluktu\u00e1ci\u00f3s r\u00e1ta, a t\u00e1voll\u00e9t, a k\u00e9pz\u00e9si \u00e9s fejleszt\u00e9si kiad\u00e1sok, valamint a felv\u00e9teli id\u0151 seg\u00edthetnek a HR-szab\u00e1lyok \u00e9s -elj\u00e1r\u00e1sok hat\u00e9konys\u00e1g\u00e1nak \u00e9rt\u00e9kel\u00e9s\u00e9ben. <\/p>\n<div class=\"newlinediv\"><\/div>\n<p> 2. V\u00e9gezzen munkav\u00e1llal\u00f3i felm\u00e9r\u00e9seket: A munkav\u00e1llal\u00f3i felm\u00e9r\u00e9sek hat\u00e9kony m\u00f3dja a HR-oszt\u00e1ly teljes\u00edtm\u00e9ny\u00e9nek a munkav\u00e1llal\u00f3 szemsz\u00f6g\u00e9b\u0151l t\u00f6rt\u00e9n\u0151 \u00e9rt\u00e9kel\u00e9s\u00e9nek. A felm\u00e9r\u00e9st \u00fagy kell megtervezni, hogy felm\u00e9rje a munkav\u00e1llal\u00f3k el\u00e9gedetts\u00e9g\u00e9t a HR-oszt\u00e1ly szolg\u00e1ltat\u00e1saival, politik\u00e1ival \u00e9s elj\u00e1r\u00e1saival kapcsolatban. <\/p>\n<div class=\"newlinediv\"><\/div>\n<p> 3. \u00c9rt\u00e9kelje a HR-folyamatokat: V\u00e9gezze el a HR-folyamatok, p\u00e9ld\u00e1ul a toborz\u00e1s, a besz\u00e1ll\u00e1s, a teljes\u00edtm\u00e9nymenedzsment \u00e9s a munkav\u00e1llal\u00f3i kapcsolatok fel\u00fclvizsg\u00e1lat\u00e1t. Ennek a fel\u00fclvizsg\u00e1latnak meg kell hat\u00e1roznia azokat a ter\u00fcleteket, ahol a HR-folyamatok jav\u00edthat\u00f3k a HR-oszt\u00e1ly \u00e1ltal\u00e1nos hat\u00e9konys\u00e1g\u00e1nak n\u00f6vel\u00e9se \u00e9rdek\u00e9ben. <\/p>\n<div class=\"newlinediv\"><\/div>\n<p> 4. Ellen\u0151rizze a megfelel\u0151s\u00e9get: A HR-megfelel\u0151s\u00e9g a HR-oszt\u00e1ly teljes\u00edtm\u00e9ny\u00e9nek kritikus szempontja. Ellen\u0151rizze, hogy a HR-oszt\u00e1ly megfelel-e az \u00f6sszes vonatkoz\u00f3 t\u00f6rv\u00e9nynek \u00e9s el\u0151\u00edr\u00e1snak. <\/p>\n<div class=\"newlinediv\"><\/div>\n<p> 5. \u00c9rt\u00e9kelje a HR-csapat k\u00e9szs\u00e9geit: \u00c9rt\u00e9kelje a HR-csapat k\u00e9szs\u00e9geit, hogy megbizonyosodjon arr\u00f3l, hogy rendelkeznek a munk\u00e1juk hat\u00e9kony ell\u00e1t\u00e1s\u00e1hoz sz\u00fcks\u00e9ges kompetenci\u00e1kkal. Ez mag\u00e1ban foglalja a HR-ir\u00e1nyelvekkel \u00e9s -elj\u00e1r\u00e1sokkal kapcsolatos ismereteik, kommunik\u00e1ci\u00f3s k\u00e9szs\u00e9geik \u00e9s a munkav\u00e1llal\u00f3i kapcsolatokkal kapcsolatos k\u00e9rd\u00e9sek kezel\u00e9s\u00e9re val\u00f3 k\u00e9pess\u00e9g\u00fck \u00e9rt\u00e9kel\u00e9s\u00e9t. <\/p>\n<div class=\"newlinediv\"><\/div>\n<p> \u00d6sszess\u00e9g\u00e9ben a HR-oszt\u00e1ly \u00e9rt\u00e9kel\u00e9se \u00e1tfog\u00f3 \u00e9s szisztematikus megk\u00f6zel\u00edt\u00e9st ig\u00e9nyel, amely az oszt\u00e1ly teljes\u00edtm\u00e9ny\u00e9nek minden szempontj\u00e1t figyelembe veszi. Az \u00e9rt\u00e9kel\u00e9s eredm\u00e9nyeit arra kell felhaszn\u00e1lni, hogy meghat\u00e1rozz\u00e1k azokat a ter\u00fcleteket, ahol jav\u00edt\u00e1sra van sz\u00fcks\u00e9g, \u00e9s cselekv\u00e9si tervet dolgozzanak ki e ter\u00fcletek kezel\u00e9s\u00e9re.<\/p>\n<\/div>\n<\/div>\n","protected":false},"excerpt":{"rendered":"<p>Az emberi er\u0151forr\u00e1sok oszt\u00e1lyai kritikus szerepet j\u00e1tszanak minden szervezetben. \u0150k felel\u0151sek t\u00f6bbek k\u00f6z\u00f6tt az alkalmazottak felv\u00e9tel\u00e9\u00e9rt, k\u00e9pz\u00e9s\u00e9\u00e9rt \u00e9s ir\u00e1ny\u00edt\u00e1s\u00e1\u00e9rt. Az egyik legfontosabb feladatuk az alkalmazottak \u00e9s a munk\u00e1ra jelentkez\u0151k \u00e9rt\u00e9kel\u00e9se. Az \u00e9rt\u00e9kel\u00e9si folyamat az\u00e9rt kulcsfontoss\u00e1g\u00fa, mert seg\u00edt a HR-szakembereknek meghat\u00e1rozni, hogy egy adott szem\u00e9ly alkalmas-e egy adott munkak\u00f6r bet\u00f6lt\u00e9s\u00e9re, \u00e9s rendelkezik-e a munkak\u00f6r bet\u00f6lt\u00e9s\u00e9hez sz\u00fcks\u00e9ges &#8230; <a title=\"A megfelel\u0151 \u00e9rt\u00e9kel\u00e9si m\u00f3dszerek fontoss\u00e1ga a HR-ben\" class=\"read-more\" href=\"https:\/\/megnyitasa.com\/tudas\/a-megfelelo-ertekelesi-modszerek-fontossaga-a-hr-ben\/\" aria-label=\"Read more about A megfelel\u0151 \u00e9rt\u00e9kel\u00e9si m\u00f3dszerek fontoss\u00e1ga a HR-ben\">Read more<\/a><\/p>\n","protected":false},"author":1334,"featured_media":0,"comment_status":"closed","ping_status":"closed","sticky":false,"template":"","format":"standard","meta":{"footnotes":""},"categories":[38],"tags":[],"class_list":["post-9722","post","type-post","status-publish","format-standard","hentry","category-emberi-eroforrasok"],"_links":{"self":[{"href":"https:\/\/megnyitasa.com\/tudas\/wp-json\/wp\/v2\/posts\/9722","targetHints":{"allow":["GET"]}}],"collection":[{"href":"https:\/\/megnyitasa.com\/tudas\/wp-json\/wp\/v2\/posts"}],"about":[{"href":"https:\/\/megnyitasa.com\/tudas\/wp-json\/wp\/v2\/types\/post"}],"author":[{"embeddable":true,"href":"https:\/\/megnyitasa.com\/tudas\/wp-json\/wp\/v2\/users\/1334"}],"replies":[{"embeddable":true,"href":"https:\/\/megnyitasa.com\/tudas\/wp-json\/wp\/v2\/comments?post=9722"}],"version-history":[{"count":0,"href":"https:\/\/megnyitasa.com\/tudas\/wp-json\/wp\/v2\/posts\/9722\/revisions"}],"wp:attachment":[{"href":"https:\/\/megnyitasa.com\/tudas\/wp-json\/wp\/v2\/media?parent=9722"}],"wp:term":[{"taxonomy":"category","embeddable":true,"href":"https:\/\/megnyitasa.com\/tudas\/wp-json\/wp\/v2\/categories?post=9722"},{"taxonomy":"post_tag","embeddable":true,"href":"https:\/\/megnyitasa.com\/tudas\/wp-json\/wp\/v2\/tags?post=9722"}],"curies":[{"name":"wp","href":"https:\/\/api.w.org\/{rel}","templated":true}]}}