{"id":9761,"date":"2023-04-24T00:00:00","date_gmt":"2023-04-24T00:00:00","guid":{"rendered":"https:\/\/megnyitasa.com\/tudas\/az-ertek-erejenek-felszabaditasa-az-ertekalapu-arkepzes-es-marketing-megertese-2\/"},"modified":"2023-04-24T00:00:00","modified_gmt":"2023-04-24T00:00:00","slug":"az-ertek-erejenek-felszabaditasa-az-ertekalapu-arkepzes-es-marketing-megertese-2","status":"publish","type":"post","link":"https:\/\/megnyitasa.com\/tudas\/az-ertek-erejenek-felszabaditasa-az-ertekalapu-arkepzes-es-marketing-megertese-2\/","title":{"rendered":"Az \u00e9rt\u00e9k erej\u00e9nek felszabad\u00edt\u00e1sa: Az \u00e9rt\u00e9kalap\u00fa \u00e1rk\u00e9pz\u00e9s \u00e9s marketing meg\u00e9rt\u00e9se."},"content":{"rendered":"<div class=\"articlecontent\">\n<div class=\"newlinediv\"><\/div>\n<p> Az \u00e9rt\u00e9kalap\u00fa \u00e1rk\u00e9pz\u00e9s \u00e9s marketing k\u00e9t, egym\u00e1ssal \u00f6sszef\u00fcgg\u0151 strat\u00e9gia, amelyet a v\u00e1llalkoz\u00e1sok a nyeres\u00e9g \u00e9s a vev\u0151i el\u00e9gedetts\u00e9g maximaliz\u00e1l\u00e1s\u00e1ra haszn\u00e1lnak. Az \u00e9rt\u00e9kalap\u00fa \u00e1rk\u00e9pz\u00e9s sor\u00e1n a v\u00e1llalatok term\u00e9keik vagy szolg\u00e1ltat\u00e1saik \u00e1r\u00e1t nem az el\u0151\u00e1ll\u00edt\u00e1si k\u00f6lts\u00e9gek, hanem az \u00e1ltaluk az \u00fcgyfelek sz\u00e1m\u00e1ra ny\u00fajtott \u00e9rz\u00e9kelt \u00e9rt\u00e9k alapj\u00e1n hat\u00e1rozz\u00e1k meg. M\u00e1sr\u00e9szt az \u00e9rt\u00e9kalap\u00fa marketing arra \u00f6sszpontos\u00edt, hogy a c\u00e9lk\u00f6z\u00f6ns\u00e9ggel k\u00f6z\u00f6lje a term\u00e9k vagy szolg\u00e1ltat\u00e1s \u00e9rt\u00e9k\u00edg\u00e9ret\u00e9t, kiemelve, hogy az hogyan oldja meg a probl\u00e9m\u00e1ikat, hogyan el\u00e9g\u00edti ki az ig\u00e9nyeiket, vagy hogyan teljes\u00edti a v\u00e1gyaikat. Az \u00e9rt\u00e9kalap\u00fa \u00e1rk\u00e9pz\u00e9s \u00e9s marketing egy\u00fcttesen az \u00e9rt\u00e9kteremt\u00e9s er\u00e9nyes k\u00f6rforg\u00e1s\u00e1t hozhatja l\u00e9tre, ahol a v\u00e1llalat \u00e9s az \u00fcgyfelek egyar\u00e1nt profit\u00e1lnak a cser\u00e9b\u0151l. <\/p>\n<div class=\"newlinediv\"><\/div>\n<p> Az \u00e9rt\u00e9kalap\u00fa \u00e1rk\u00e9pz\u00e9s koncepci\u00f3ja \u00e9vsz\u00e1zadok \u00f3ta l\u00e9tezik, de a 20. sz\u00e1zadban \u00fajb\u00f3l figyelmet kapott, k\u00fcl\u00f6n\u00f6sen a tud\u00e1salap\u00fa ipar\u00e1gak, p\u00e9ld\u00e1ul a szoftverek, a tan\u00e1csad\u00e1s \u00e9s az eg\u00e9szs\u00e9g\u00fcgy \u00f6sszef\u00fcgg\u00e9s\u00e9ben. Ezekben az ipar\u00e1gakban a hagyom\u00e1nyos k\u00f6lts\u00e9g plusz \u00e1rk\u00e9pz\u00e9si modell nem t\u00fckr\u00f6zi a ny\u00fajtott szolg\u00e1ltat\u00e1sok val\u00f3di \u00e9rt\u00e9k\u00e9t, amelyek gyakran immateri\u00e1lisak, szem\u00e9lyre szabottak \u00e9s tud\u00e1sintenz\u00edvek. Ez\u00e9rt az \u00e9rt\u00e9kalap\u00fa \u00e1rk\u00e9pz\u00e9s megfelel\u0151bb megk\u00f6zel\u00edt\u00e9ss\u00e9 v\u00e1lt, amely olyan t\u00e9nyez\u0151ket vesz figyelembe, mint az \u00fcgyf\u00e9l fizet\u00e9si hajland\u00f3s\u00e1ga, a versenyhelyzet \u00e9s a szolg\u00e1ltat\u00e1s \u00e9szlelt min\u0151s\u00e9ge. <\/p>\n<div class=\"newlinediv\"><\/div>\n<p> A k\u00f6lts\u00e9galap\u00fa \u00e1raz\u00e1ssal ellent\u00e9tben, amely az \u00e1rat az el\u0151\u00e1ll\u00edt\u00e1si k\u00f6lts\u00e9geknek \u00e9s egy fel\u00e1rnak megfelel\u0151en hat\u00e1rozza meg, az \u00e9rt\u00e9kalap\u00fa \u00e1raz\u00e1s az \u00fcgyf\u00e9l ig\u00e9nyeinek \u00e9s preferenci\u00e1inak, valamint a piaci dinamik\u00e1nak a m\u00e9lyrehat\u00f3 meg\u00e9rt\u00e9s\u00e9t ig\u00e9nyli. Az \u00e9rt\u00e9kalap\u00fa \u00e1rk\u00e9pz\u00e9st alkalmaz\u00f3 v\u00e1llalatok gyakran v\u00e9geznek piackutat\u00e1st, \u00fcgyf\u00e9lfelm\u00e9r\u00e9seket \u00e9s versenyelemz\u00e9st annak \u00e9rdek\u00e9ben, hogy meghat\u00e1rozz\u00e1k azt a pontot, ahol az \u00e1r \u00e9s az \u00e9rt\u00e9kjavaslat metszi egym\u00e1st. \u00cdgy elker\u00fclhetik, hogy term\u00e9keiket vagy szolg\u00e1ltat\u00e1saikat alul\u00e1razz\u00e1k, \u00e9s ezzel p\u00e9nzt hagyjanak az asztalon, vagy t\u00fal\u00e1razz\u00e1k, \u00e9s ezzel el\u00fcld\u00f6zz\u00e9k a potenci\u00e1lis \u00fcgyfeleket. <\/p>\n<div class=\"newlinediv\"><\/div>\n<p> Az \u00e9rt\u00e9kalap\u00fa marketing ezzel szemben annak m\u0171v\u00e9szete \u00e9s tudom\u00e1nya, hogy a term\u00e9k vagy szolg\u00e1ltat\u00e1s \u00e9rt\u00e9k\u00edg\u00e9ret\u00e9t k\u00fcl\u00f6nb\u00f6z\u0151 csatorn\u00e1k \u00e9s \u00fczenetek seg\u00edts\u00e9g\u00e9vel kommunik\u00e1lj\u00e1k a c\u00e9lk\u00f6z\u00f6ns\u00e9g fel\u00e9. Az \u00e9rt\u00e9kalap\u00fa marketing az \u00fcgyf\u00e9l f\u00e1jdalompontjainak, c\u00e9ljainak \u00e9s t\u00f6rekv\u00e9seinek azonos\u00edt\u00e1s\u00e1val kezd\u0151dik, majd olyan \u00fczenet kidolgoz\u00e1s\u00e1val, amely rezon\u00e1l r\u00e1juk. Ennek az \u00fczenetnek ki kell emelnie a term\u00e9k vagy szolg\u00e1ltat\u00e1s el\u0151nyeit, p\u00e9ld\u00e1ul azt, hogy hogyan lehet vele id\u0151t, p\u00e9nzt vagy er\u0151fesz\u00edt\u00e9st megtakar\u00edtani, jav\u00edtani az eg\u00e9szs\u00e9gi \u00e1llapotukat, boldogs\u00e1gukat vagy st\u00e1tuszukat, vagy megoldani egy konkr\u00e9t probl\u00e9m\u00e1t, amellyel szembes\u00fclnek. <\/p>\n<div class=\"newlinediv\"><\/div>\n<p> Az \u00e9rt\u00e9kalap\u00fa marketing mag\u00e1ban foglalja a c\u00e9lk\u00f6z\u00f6ns\u00e9g el\u00e9r\u00e9s\u00e9hez sz\u00fcks\u00e9ges megfelel\u0151 csatorn\u00e1k kiv\u00e1laszt\u00e1s\u00e1t is, mint p\u00e9ld\u00e1ul a k\u00f6z\u00f6ss\u00e9gi m\u00e9dia, az e-mail marketing, a tartalommarketing vagy az influencer marketing. Minden csatorn\u00e1nak megvannak a maga er\u0151ss\u00e9gei \u00e9s gyenges\u00e9gei, \u00e9s a v\u00e1laszt\u00e1s olyan t\u00e9nyez\u0151kt\u0151l f\u00fcgg, mint a k\u00f6z\u00f6ns\u00e9g demogr\u00e1fiai jellemz\u0151i, viselked\u00e9se \u00e9s preferenci\u00e1i, valamint a v\u00e1llalat k\u00f6lts\u00e9gvet\u00e9se \u00e9s er\u0151forr\u00e1sai. Az \u00e9rt\u00e9kalap\u00fa \u00e1rk\u00e9pz\u00e9s \u00e9s marketing erej\u00e9t kihaszn\u00e1lva a v\u00e1llalatok megk\u00fcl\u00f6nb\u00f6ztethetik magukat versenyt\u00e1rsaikt\u00f3l, h\u0171s\u00e9ges \u00fcgyf\u00e9lk\u00f6rre tehetnek szert, \u00e9s id\u0151vel n\u00f6velhetik bev\u00e9teleiket \u00e9s nyeres\u00e9g\u00fcket.<\/p><\/div>\n<div class=\"questions\">\n<div class=\"questionstitle\">FAQ<\/div>\n<div class=\"question\">\n<div class=\"qtitle\"> Mi az \u00e9rt\u00e9kalap\u00fa megk\u00f6zel\u00edt\u00e9s a marketingben?<\/div>\n<p> Az \u00e9rt\u00e9kalap\u00fa megk\u00f6zel\u00edt\u00e9s a marketingben olyan strat\u00e9gi\u00e1ra utal, amely a term\u00e9k vagy szolg\u00e1ltat\u00e1s \u00e1ltal az \u00fcgyfelek sz\u00e1m\u00e1ra ny\u00fajtott egyedi \u00e9rt\u00e9k azonos\u00edt\u00e1s\u00e1ra \u00e9s ny\u00fajt\u00e1s\u00e1ra \u00f6sszpontos\u00edt. Ez a megk\u00f6zel\u00edt\u00e9s hangs\u00falyozza az \u00fcgyfelek ig\u00e9nyeinek \u00e9s preferenci\u00e1inak meg\u00e9rt\u00e9s\u00e9nek fontoss\u00e1g\u00e1t, \u00e9s olyan term\u00e9kek \u00e9s szolg\u00e1ltat\u00e1sok l\u00e9trehoz\u00e1s\u00e1t, amelyek hat\u00e9konyan kiel\u00e9g\u00edtik ezeket az ig\u00e9nyeket. <\/p>\n<div class=\"newlinediv\"><\/div>\n<p> Az \u00e9rt\u00e9kalap\u00fa megk\u00f6zel\u00edt\u00e9sben a marketingesek c\u00e9lja, hogy olyan er\u0151s \u00e9rt\u00e9kaj\u00e1nlatot hozzanak l\u00e9tre, amely vil\u00e1gosan \u00e9s meggy\u0151z\u0151en kommunik\u00e1lja a term\u00e9k\u00fck vagy szolg\u00e1ltat\u00e1suk el\u0151nyeit az \u00fcgyfelek fel\u00e9. Ennek az \u00e9rt\u00e9kjavaslatnak meg kell k\u00fcl\u00f6nb\u00f6ztetnie a term\u00e9ket a versenyt\u00e1rsakt\u00f3l, \u00e9s ki kell emelnie egyedi jellemz\u0151it \u00e9s el\u0151nyeit. <\/p>\n<div class=\"newlinediv\"><\/div>\n<p> Az \u00e9rt\u00e9kalap\u00fa megk\u00f6zel\u00edt\u00e9s egyik kulcsfontoss\u00e1g\u00fa szempontja az \u00e1rk\u00e9pz\u00e9s. Az ezt a megk\u00f6zel\u00edt\u00e9st alkalmaz\u00f3 marketingesek olyan \u00e1rakat igyekeznek meghat\u00e1rozni, amelyek t\u00fckr\u00f6zik az \u00fcgyfelek \u00e1ltal a term\u00e9knek vagy szolg\u00e1ltat\u00e1snak tulajdon\u00edtott \u00e9rt\u00e9ket. Ez azt is jelentheti, hogy olyan term\u00e9kek\u00e9rt vagy szolg\u00e1ltat\u00e1sok\u00e9rt, amelyek egyedi el\u0151ny\u00f6ket k\u00edn\u00e1lnak vagy speci\u00e1lis probl\u00e9m\u00e1kat oldanak meg, magasabb \u00e1rat sz\u00e1m\u00edtanak fel. <\/p>\n<div class=\"newlinediv\"><\/div>\n<p> Az \u00e9rt\u00e9kalap\u00fa megk\u00f6zel\u00edt\u00e9s m\u00e1sik fontos eleme az \u00fcgyfelek bevon\u00e1sa. A marketingesek c\u00e9lja, hogy er\u0151s kapcsolatot \u00e9p\u00edtsenek ki az \u00fcgyfelekkel az\u00e1ltal, hogy kiv\u00e1l\u00f3 \u00fcgyf\u00e9lszolg\u00e1latot ny\u00fajtanak, szem\u00e9lyre szabott megold\u00e1sokat k\u00edn\u00e1lnak, \u00e9s pozit\u00edv \u00e1ltal\u00e1nos \u00e9lm\u00e9nyt teremtenek. <\/p>\n<div class=\"newlinediv\"><\/div>\n<p> \u00d6sszess\u00e9g\u00e9ben az \u00e9rt\u00e9kalap\u00fa megk\u00f6zel\u00edt\u00e9s a marketingben egy \u00fcgyf\u00e9lk\u00f6zpont\u00fa megk\u00f6zel\u00edt\u00e9s, amely az \u00fcgyfelek sz\u00e1m\u00e1ra \u00e9rt\u00e9ket teremt \u00e9s ny\u00fajt. Az \u00fcgyfelek ig\u00e9nyeinek meg\u00e9rt\u00e9s\u00e9vel \u00e9s hat\u00e9kony kiel\u00e9g\u00edt\u00e9s\u00e9vel a v\u00e1llalkoz\u00e1sok er\u0151s kapcsolatokat \u00e9p\u00edthetnek ki \u00fcgyfeleikkel, \u00e9s fenntarthat\u00f3 versenyel\u0151nyt teremthetnek. <\/p>\n<\/div>\n<div class=\"question\">\n<div class=\"qtitle\"> Mi az \u00e9rt\u00e9kalap\u00fa \u00e1raz\u00e1s \u00e9s p\u00e9lda?<\/div>\n<p> Az \u00e9rt\u00e9kalap\u00fa \u00e1rk\u00e9pz\u00e9s olyan \u00e1rk\u00e9pz\u00e9si strat\u00e9gia, amelyben a term\u00e9k vagy szolg\u00e1ltat\u00e1s \u00e1ra az \u00fcgyf\u00e9l \u00e1ltal \u00e9rz\u00e9kelt \u00e9rt\u00e9ken alapul. M\u00e1s sz\u00f3val az \u00e1rat az hat\u00e1rozza meg, hogy az \u00fcgyf\u00e9l mennyit hajland\u00f3 fizetni \u00e9rte, nem pedig az el\u0151\u00e1ll\u00edt\u00e1si k\u00f6lts\u00e9gek vagy a piaci verseny. <\/p>\n<div class=\"newlinediv\"><\/div>\n<p> Az \u00e9rt\u00e9kalap\u00fa \u00e1rk\u00e9pz\u00e9sre p\u00e9lda az olyan luxusm\u00e1rk\u00e1k \u00e1ltal alkalmazott \u00e1rk\u00e9pz\u00e9si strat\u00e9gia, mint a Gucci vagy a Louis Vuitton. Ezek a m\u00e1rk\u00e1k az\u00e9rt k\u00e9rnek magas \u00e1rat a term\u00e9keik\u00e9rt, mert luxuscikknek sz\u00e1m\u00edtanak, \u00e9s magas min\u0151s\u00e9get \u00e9s exkluzivit\u00e1st t\u00e1rs\u00edtanak hozz\u00e1juk. Az ilyen term\u00e9keket v\u00e1s\u00e1rl\u00f3 \u00fcgyfelek hajland\u00f3ak pr\u00e9mium \u00e1rat fizetni, mert \u00fagy v\u00e9lik, hogy a term\u00e9k a v\u00e9lt \u00e9rt\u00e9ke miatt meg\u00e9ri az \u00e1r\u00e1t. <\/p>\n<div class=\"newlinediv\"><\/div>\n<p> Az \u00e9rt\u00e9kalap\u00fa \u00e1rk\u00e9pz\u00e9s m\u00e1sik p\u00e9ld\u00e1ja az olyan szoftverc\u00e9gek \u00e1ltal alkalmazott \u00e1rk\u00e9pz\u00e9si strat\u00e9gia, mint az Adobe. Az Adobe Creative Cloud n\u00e9ven el\u0151fizet\u00e9ses szolg\u00e1ltat\u00e1st k\u00edn\u00e1l, amely hozz\u00e1f\u00e9r\u00e9st biztos\u00edt az olyan szoftvereikhez, mint a Photoshop, az Illustrator \u00e9s az InDesign. Az el\u0151fizet\u00e9s \u00e1ra a szoftvernek az \u00fcgyf\u00e9l sz\u00e1m\u00e1ra \u00e9rz\u00e9kelt \u00e9rt\u00e9k\u00e9n alapul. Azok az \u00fcgyfelek, akik ezeket a szoftvereket \u00fczleti vagy szem\u00e9lyes projektjeikhez haszn\u00e1lj\u00e1k, hajland\u00f3ak havi d\u00edjat fizetni, mert \u00fagy gondolj\u00e1k, hogy a szoftver \u00e1ltal ny\u00fajtott \u00e9rt\u00e9k miatt meg\u00e9ri. <\/p>\n<div class=\"newlinediv\"><\/div>\n<p> \u00d6sszess\u00e9g\u00e9ben az \u00e9rt\u00e9kalap\u00fa \u00e1rk\u00e9pz\u00e9s olyan \u00e1rk\u00e9pz\u00e9si strat\u00e9gia, amely a term\u00e9knek vagy szolg\u00e1ltat\u00e1snak az \u00fcgyf\u00e9l sz\u00e1m\u00e1ra \u00e9rz\u00e9kelt \u00e9rt\u00e9k\u00e9re \u00f6sszpontos\u00edt, nem pedig az el\u0151\u00e1ll\u00edt\u00e1si k\u00f6lts\u00e9gekre vagy a piaci versenyre.<\/p>\n<\/div>\n<\/div>\n","protected":false},"excerpt":{"rendered":"<p>Az \u00e9rt\u00e9kalap\u00fa \u00e1rk\u00e9pz\u00e9s \u00e9s marketing k\u00e9t, egym\u00e1ssal \u00f6sszef\u00fcgg\u0151 strat\u00e9gia, amelyet a v\u00e1llalkoz\u00e1sok a nyeres\u00e9g \u00e9s a vev\u0151i el\u00e9gedetts\u00e9g maximaliz\u00e1l\u00e1s\u00e1ra haszn\u00e1lnak. Az \u00e9rt\u00e9kalap\u00fa \u00e1rk\u00e9pz\u00e9s sor\u00e1n a v\u00e1llalatok term\u00e9keik vagy szolg\u00e1ltat\u00e1saik \u00e1r\u00e1t nem az el\u0151\u00e1ll\u00edt\u00e1si k\u00f6lts\u00e9gek, hanem az \u00e1ltaluk az \u00fcgyfelek sz\u00e1m\u00e1ra ny\u00fajtott \u00e9rz\u00e9kelt \u00e9rt\u00e9k alapj\u00e1n hat\u00e1rozz\u00e1k meg. M\u00e1sr\u00e9szt az \u00e9rt\u00e9kalap\u00fa marketing arra \u00f6sszpontos\u00edt, hogy a c\u00e9lk\u00f6z\u00f6ns\u00e9ggel &#8230; <a title=\"Az \u00e9rt\u00e9k erej\u00e9nek felszabad\u00edt\u00e1sa: Az \u00e9rt\u00e9kalap\u00fa \u00e1rk\u00e9pz\u00e9s \u00e9s marketing meg\u00e9rt\u00e9se.\" class=\"read-more\" href=\"https:\/\/megnyitasa.com\/tudas\/az-ertek-erejenek-felszabaditasa-az-ertekalapu-arkepzes-es-marketing-megertese-2\/\" aria-label=\"Read more about Az \u00e9rt\u00e9k erej\u00e9nek felszabad\u00edt\u00e1sa: Az \u00e9rt\u00e9kalap\u00fa \u00e1rk\u00e9pz\u00e9s \u00e9s marketing meg\u00e9rt\u00e9se.\">Read more<\/a><\/p>\n","protected":false},"author":2024,"featured_media":0,"comment_status":"closed","ping_status":"closed","sticky":false,"template":"","format":"standard","meta":{"footnotes":""},"categories":[13],"tags":[],"class_list":["post-9761","post","type-post","status-publish","format-standard","hentry","category-penz-es-adossag"],"_links":{"self":[{"href":"https:\/\/megnyitasa.com\/tudas\/wp-json\/wp\/v2\/posts\/9761","targetHints":{"allow":["GET"]}}],"collection":[{"href":"https:\/\/megnyitasa.com\/tudas\/wp-json\/wp\/v2\/posts"}],"about":[{"href":"https:\/\/megnyitasa.com\/tudas\/wp-json\/wp\/v2\/types\/post"}],"author":[{"embeddable":true,"href":"https:\/\/megnyitasa.com\/tudas\/wp-json\/wp\/v2\/users\/2024"}],"replies":[{"embeddable":true,"href":"https:\/\/megnyitasa.com\/tudas\/wp-json\/wp\/v2\/comments?post=9761"}],"version-history":[{"count":0,"href":"https:\/\/megnyitasa.com\/tudas\/wp-json\/wp\/v2\/posts\/9761\/revisions"}],"wp:attachment":[{"href":"https:\/\/megnyitasa.com\/tudas\/wp-json\/wp\/v2\/media?parent=9761"}],"wp:term":[{"taxonomy":"category","embeddable":true,"href":"https:\/\/megnyitasa.com\/tudas\/wp-json\/wp\/v2\/categories?post=9761"},{"taxonomy":"post_tag","embeddable":true,"href":"https:\/\/megnyitasa.com\/tudas\/wp-json\/wp\/v2\/tags?post=9761"}],"curies":[{"name":"wp","href":"https:\/\/api.w.org\/{rel}","templated":true}]}}