{"id":9809,"date":"2023-04-24T00:00:00","date_gmt":"2023-04-24T00:00:00","guid":{"rendered":"https:\/\/megnyitasa.com\/tudas\/a-google-erejenek-kibontakoztatasa-utmutato-a-facebook-kepek-megtekintesehez\/"},"modified":"2023-04-24T00:00:00","modified_gmt":"2023-04-24T00:00:00","slug":"a-google-erejenek-kibontakoztatasa-utmutato-a-facebook-kepek-megtekintesehez","status":"publish","type":"post","link":"https:\/\/megnyitasa.com\/tudas\/a-google-erejenek-kibontakoztatasa-utmutato-a-facebook-kepek-megtekintesehez\/","title":{"rendered":"A Google erej\u00e9nek kibontakoztat\u00e1sa: \u00datmutat\u00f3 a Facebook-k\u00e9pek megtekint\u00e9s\u00e9hez"},"content":{"rendered":"<div class=\"articlecontent\">\n<div class=\"newlinediv\"><\/div>\n<p> A Facebook egy n\u00e9pszer\u0171 k\u00f6z\u00f6ss\u00e9gi m\u00e9diaplatform, ahol a felhaszn\u00e1l\u00f3k f\u00e9nyk\u00e9peket, vide\u00f3kat \u00e9s egy\u00e9b tartalmakat osztanak meg bar\u00e1ti h\u00e1l\u00f3zatukkal. N\u00e9ha azonban el\u0151fordulhat, hogy a platformra val\u00f3 bejelentkez\u00e9s n\u00e9lk\u00fcl szeretn\u00e9 megtekinteni valakinek a Facebook-fot\u00f3it. Szerencs\u00e9re a Google egyszer\u0171 megold\u00e1st k\u00edn\u00e1l a Facebook-k\u00e9pek bejelentkez\u00e9s n\u00e9lk\u00fcli megtekint\u00e9s\u00e9re. \u00cdme egy l\u00e9p\u00e9sr\u0151l-l\u00e9p\u00e9sre bemutatott \u00fatmutat\u00f3 arr\u00f3l, hogyan n\u00e9zheti meg a Facebook-k\u00e9peket a Google seg\u00edts\u00e9g\u00e9vel. <\/p>\n<div class=\"newlinediv\"><\/div>\n<p> 1. l\u00e9p\u00e9s: Nyissa meg a webb\u00f6ng\u00e9sz\u0151t, \u00e9s l\u00e9pjen a Google.com webhelyre. \u00cdrja be annak a szem\u00e9lynek a nev\u00e9t, akinek a k\u00e9peit meg szeretn\u00e9 n\u00e9zni, majd a &#8222;Facebook&#8221; sz\u00f3t. Ha p\u00e9ld\u00e1ul John Smith k\u00e9peit szeretn\u00e9 l\u00e1tni, \u00edrja be a keres\u0151s\u00e1vba, hogy &#8222;John Smith Facebook&#8221;. <\/p>\n<div class=\"newlinediv\"><\/div>\n<p> 2. l\u00e9p\u00e9s: G\u00f6rgessen lefel\u00e9 a keres\u00e9si eredm\u00e9nyek k\u00f6z\u00f6tt, am\u00edg meg nem tal\u00e1lja a szem\u00e9ly Facebook-profilj\u00e1t. Kattintson a profiljukra mutat\u00f3 linkre. <\/p>\n<div class=\"newlinediv\"><\/div>\n<p> 3. l\u00e9p\u00e9s: Ha m\u00e1r a szem\u00e9ly Facebook-profilj\u00e1n vagy, l\u00e1thatod a profilk\u00e9p\u00e9t \u00e9s a bor\u00edt\u00f3k\u00e9p\u00e9t. A t\u00f6bbi f\u00e9nyk\u00e9p megtekint\u00e9s\u00e9hez kattintson a &#8222;Fot\u00f3k&#8221; f\u00fclre a bor\u00edt\u00f3k\u00e9p alatt. <\/p>\n<div class=\"newlinediv\"><\/div>\n<p> 4. l\u00e9p\u00e9s: Innen megtekintheti a szem\u00e9ly \u00f6sszes olyan f\u00e9nyk\u00e9p\u00e9t, amelyet nyilv\u00e1noss\u00e1gra hozott a Facebookon. Ha t\u00f6bb f\u00e9nyk\u00e9pet szeretne l\u00e1tni, pr\u00f3b\u00e1lja meg az oldal tetej\u00e9n tal\u00e1lhat\u00f3 &#8222;\u00d6sszes megtekint\u00e9se&#8221; gombra kattintva. Ez a szem\u00e9ly fot\u00f3albumaihoz vezet, ahol az \u00f6sszes f\u00e9nyk\u00e9p\u00e9t megtekintheti. <\/p>\n<div class=\"newlinediv\"><\/div>\n<p> Fontos megjegyezni, hogy ez a m\u00f3dszer csak az adott szem\u00e9ly \u00e1ltal a Facebookon k\u00f6zz\u00e9tett f\u00e9nyk\u00e9pek megtekint\u00e9s\u00e9re alkalmas. Ha az illet\u0151 a fot\u00f3it priv\u00e1tra \u00e1ll\u00edtotta, akkor ezzel a m\u00f3dszerrel nem fogja tudni megn\u00e9zni \u0151ket. Ezenk\u00edv\u00fcl ez a m\u00f3dszer nem felt\u00e9tlen\u00fcl m\u0171k\u00f6dik olyan szem\u00e9lyek eset\u00e9ben, akiknek egyedi nev\u00fck van, vagy akiknek korl\u00e1tozott mennyis\u00e9g\u0171 inform\u00e1ci\u00f3 \u00e1ll rendelkez\u00e9sre az interneten. <\/p>\n<div class=\"newlinediv\"><\/div>\n<p> \u00d6sszefoglalva, a Google haszn\u00e1lata a Facebook k\u00e9pek megtekint\u00e9s\u00e9hez egy egyszer\u0171 \u00e9s k\u00f6nny\u0171 m\u00f3dja annak, hogy megn\u00e9zze valaki fot\u00f3it an\u00e9lk\u00fcl, hogy be kellene jelentkeznie a platformra. A fent v\u00e1zolt l\u00e9p\u00e9seket k\u00f6vetve gyorsan \u00e9s egyszer\u0171en megtekintheti valakinek a Facebook-profilj\u00e1n tal\u00e1lhat\u00f3 \u00f6sszes nyilv\u00e1nos f\u00e9nyk\u00e9pet.<\/p><\/div>\n<div class=\"questions\">\n<div class=\"questionstitle\">FAQ<\/div>\n<div class=\"question\">\n<div class=\"qtitle\"> Megn\u00e9zheti valaki Facebook-fot\u00f3it fi\u00f3k n\u00e9lk\u00fcl?<\/div>\n<p> Nem, nem tekintheti meg valaki Facebook-fot\u00f3it fi\u00f3k n\u00e9lk\u00fcl. A Facebook egy olyan k\u00f6z\u00f6ss\u00e9gi m\u00e9diaplatform, amelynek tartalmaihoz val\u00f3 hozz\u00e1f\u00e9r\u00e9shez a felhaszn\u00e1l\u00f3knak fi\u00f3kot kell l\u00e9trehozniuk \u00e9s be kell jelentkezni\u00fck. A felhaszn\u00e1l\u00f3k be\u00e1ll\u00edthatj\u00e1k adatv\u00e9delmi be\u00e1ll\u00edt\u00e1saikat, hogy szab\u00e1lyozz\u00e1k, ki l\u00e1thatja a fot\u00f3ikat \u00e9s egy\u00e9b tartalmaikat, \u00e9s lehet\u0151s\u00e9g\u00fck van arra, hogy profiljukat nyilv\u00e1noss\u00e1 vagy priv\u00e1tt\u00e1 tegy\u00e9k. Ha egy felhaszn\u00e1l\u00f3 priv\u00e1tra \u00e1ll\u00edtotta a profilj\u00e1t, akkor nem tudja megtekinteni a f\u00e9nyk\u00e9peit an\u00e9lk\u00fcl, hogy el\u0151bb ne k\u00fcldj\u00f6n neki bar\u00e1tk\u00e9r\u00e9st, \u00e9s ne v\u00e1rja meg, hogy elfogadja a k\u00e9r\u00e9s\u00e9t. Fontos, hogy tiszteletben tartsuk az emberek adatv\u00e9delmi be\u00e1ll\u00edt\u00e1sait, \u00e9s ne pr\u00f3b\u00e1ljunk meg hozz\u00e1f\u00e9rni szem\u00e9lyes adataikhoz az enged\u00e9ly\u00fck n\u00e9lk\u00fcl. <\/p>\n<\/div>\n<div class=\"question\">\n<div class=\"qtitle\"> Hogyan kereshetsz valakit a Facebookon a k\u00e9pe alapj\u00e1n?<\/div>\n<p> Ha valakit a k\u00e9pe alapj\u00e1n szeretne megkeresni a Facebookon, a k\u00f6vetkez\u0151 l\u00e9p\u00e9seket k\u00f6vetheti: <\/p>\n<div class=\"newlinediv\"><\/div>\n<p> 1. Nyissa meg a Facebookot a b\u00f6ng\u00e9sz\u0151ben, \u00e9s jelentkezzen be a fi\u00f3kj\u00e1ba. <\/p>\n<div class=\"newlinediv\"><\/div>\n<p> 2. Kattintson az oldal tetej\u00e9n tal\u00e1lhat\u00f3 keres\u0151s\u00e1vra, \u00e9s a megjelen\u0151 lehet\u0151s\u00e9gek k\u00f6z\u00fcl v\u00e1lassza ki a &#8222;Fot\u00f3k&#8221; f\u00fclet. <\/p>\n<div class=\"newlinediv\"><\/div>\n<p> 3. Kattintson a &#8222;F\u00e9nyk\u00e9p felt\u00f6lt\u00e9se&#8221; gombra, \u00e9s v\u00e1lassza ki a haszn\u00e1lni k\u00edv\u00e1nt k\u00e9pet a sz\u00e1m\u00edt\u00f3g\u00e9p\u00e9r\u0151l. <\/p>\n<div class=\"newlinediv\"><\/div>\n<p> 4. A k\u00e9p felt\u00f6lt\u00e9se ut\u00e1n a Facebook megmutatja a platformj\u00e1n el\u00e9rhet\u0151 \u00f6sszes hasonl\u00f3 k\u00e9pet. <\/p>\n<div class=\"newlinediv\"><\/div>\n<p> 5. Ha a keresett szem\u00e9lynek van nyilv\u00e1nos profilja, \u00e9s a k\u00e9pe megegyezik az \u00d6n \u00e1ltal felt\u00f6lt\u00f6tt k\u00e9ppel, akkor meg kell tal\u00e1lnia \u0151t a keres\u00e9si eredm\u00e9nyek k\u00f6z\u00f6tt. <\/p>\n<div class=\"newlinediv\"><\/div>\n<p> 6. Ha a szem\u00e9ly profilja nem nyilv\u00e1nos, el\u0151fordulhat, hogy ezzel a m\u00f3dszerrel nem tal\u00e1lja meg. <\/p>\n<div class=\"newlinediv\"><\/div>\n<p> \u00c9rdemes megjegyezni, hogy ez a m\u00f3dszer nem mindig pontos, \u00e9s el\u0151fordulhat, hogy nem tal\u00e1lja meg a keresett szem\u00e9lyt. Emellett fontos megjegyezni, hogy a Facebook adatv\u00e9delmi ir\u00e1nyelvei befoly\u00e1solhatj\u00e1k, hogy k\u00e9pes vagy-e megtal\u00e1lni valakit a k\u00e9pe alapj\u00e1n. <\/p>\n<\/div>\n<div class=\"question\">\n<div class=\"qtitle\"> Hogyan tal\u00e1lom meg a Facebook-fi\u00f3komat a Google-on?<\/div>\n<p> Ha meg szeretn\u00e9 tal\u00e1lni Facebook-fi\u00f3kj\u00e1t a Google-on, az al\u00e1bbi l\u00e9p\u00e9seket k\u00f6vetheti: <\/p>\n<div class=\"newlinediv\"><\/div>\n<p> 1. Nyissa meg a webb\u00f6ng\u00e9sz\u0151j\u00e9t, \u00e9s l\u00e9pjen a www.google.com oldalra. <\/p>\n<div class=\"newlinediv\"><\/div>\n<p> 2. \u00cdrja be a nev\u00e9t \u00e9s a &#8222;Facebook&#8221; kulcssz\u00f3t a keres\u0151s\u00e1vba. Ha p\u00e9ld\u00e1ul az \u00d6n neve John Smith, akkor \u00edrja be a keres\u0151s\u00e1vba, hogy &#8222;John Smith Facebook&#8221;. <\/p>\n<div class=\"newlinediv\"><\/div>\n<p> 3. Nyomja meg az Enter billenty\u0171t a billenty\u0171zeten, vagy kattintson a Google keres\u00e9s gombra. <\/p>\n<div class=\"newlinediv\"><\/div>\n<p> 4. N\u00e9zze \u00e1t a keres\u00e9si eredm\u00e9nyeket, am\u00edg nem tal\u00e1l egy linket a Facebook profilj\u00e1hoz. <\/p>\n<div class=\"newlinediv\"><\/div>\n<p> 5. Kattintson a Facebook profilj\u00e1nak linkj\u00e9re. Ha m\u00e9g nem vagy bejelentkezve a Facebook-fi\u00f3kodba, akkor a profilod el\u00e9r\u00e9s\u00e9hez meg kell adnod a bejelentkez\u00e9si adataidat. <\/p>\n<div class=\"newlinediv\"><\/div>\n<p> Alternat\u00edv megold\u00e1sk\u00e9nt, ha rendelkezik egy testreszabott Facebook URL-c\u00edmmel, akkor azt k\u00f6zvetlen\u00fcl a Google-on is megkeresheti. Ha p\u00e9ld\u00e1ul az \u00d6n Facebook URL c\u00edme www.facebook.com\/johnsmith, akkor a keres\u0151s\u00e1vba be\u00edrhatja a &#8222;johnsmith Facebook&#8221; kifejez\u00e9st, hogy megtal\u00e1lja a profilj\u00e1t. <\/p>\n<\/div>\n<div class=\"question\">\n<div class=\"qtitle\"> Hogyan \u00e1ll\u00edthatom vissza a r\u00e9gi Facebook-k\u00e9peket?<\/div>\n<p> Ha elvesztetted vagy t\u00f6r\u00f6lted a r\u00e9gi Facebook-k\u00e9peket, \u00e9s vissza szeretn\u00e9d \u00e1ll\u00edtani \u0151ket, t\u00f6bbf\u00e9le m\u00f3dszert is kipr\u00f3b\u00e1lhatsz: <\/p>\n<div class=\"newlinediv\"><\/div>\n<p> 1. Ellen\u0151rizze a Facebook arch\u00edvum\u00e1t: A Facebook lehet\u0151v\u00e9 teszi a felhaszn\u00e1l\u00f3k sz\u00e1m\u00e1ra, hogy let\u00f6lts\u00e9k adataik m\u00e1solat\u00e1t, bele\u00e9rtve a f\u00e9nyk\u00e9peket, \u00fczeneteket \u00e9s egy\u00e9b tartalmakat. Ehhez l\u00e9pjen be a Facebook-be\u00e1ll\u00edt\u00e1sokba, kattintson a &#8222;Facebook-adataid&#8221; men\u00fcpontra, majd v\u00e1lassza az &#8222;Adataid let\u00f6lt\u00e9se&#8221; lehet\u0151s\u00e9get. Kiv\u00e1laszthatja az adattartom\u00e1nyt \u00e9s a let\u00f6lteni k\u00edv\u00e1nt adatok t\u00edpus\u00e1t, bele\u00e9rtve a f\u00e9nyk\u00e9peket is. A let\u00f6lt\u00e9s eltarthat egy ideig, de ha a let\u00f6lt\u00e9s befejez\u0151d\u00f6tt, a let\u00f6lt\u00f6tt f\u00e1jlokban megtal\u00e1lhatja r\u00e9gi f\u00e9nyk\u00e9peit. <\/p>\n<div class=\"newlinediv\"><\/div>\n<p> 2. Ellen\u0151rizze a telefon vagy a sz\u00e1m\u00edt\u00f3g\u00e9p biztons\u00e1gi ment\u00e9seit: Ha kor\u00e1bban biztons\u00e1gi ment\u00e9st k\u00e9sz\u00edtett telefonj\u00e1r\u00f3l vagy sz\u00e1m\u00edt\u00f3g\u00e9p\u00e9r\u0151l, el\u0151fordulhat, hogy a r\u00e9gi Facebook-k\u00e9pek m\u00e9g mindig ezeken a biztons\u00e1gi ment\u00e9seken vannak. Vissza\u00e1ll\u00edthatja a biztons\u00e1gi ment\u00e9st a k\u00e9sz\u00fcl\u00e9k\u00e9re, \u00e9s ellen\u0151rizheti a f\u00e9nyk\u00e9peket. <\/p>\n<div class=\"newlinediv\"><\/div>\n<p> 3. Haszn\u00e1ljon harmadik f\u00e9lt\u0151l sz\u00e1rmaz\u00f3 adat-vissza\u00e1ll\u00edt\u00f3 szoftvert: Sz\u00e1mos adat-vissza\u00e1ll\u00edt\u00e1si eszk\u00f6z \u00e1ll rendelkez\u00e9sre, amelyek seg\u00edts\u00e9g\u00e9vel vissza\u00e1ll\u00edthatja a t\u00f6r\u00f6lt f\u00e9nyk\u00e9peket a sz\u00e1m\u00edt\u00f3g\u00e9p\u00e9r\u0151l vagy mobileszk\u00f6z\u00e9r\u0151l. Megpr\u00f3b\u00e1lhatja ezekkel az eszk\u00f6z\u00f6kkel \u00e1tvizsg\u00e1lni a k\u00e9sz\u00fcl\u00e9k\u00e9t, \u00e9s visszaszerezni a r\u00e9gi Facebook-fot\u00f3kat. <\/p>\n<div class=\"newlinediv\"><\/div>\n<p> 4. L\u00e9pjen kapcsolatba a Facebook \u00fcgyf\u00e9lszolg\u00e1lat\u00e1val: Ha a fenti m\u00f3dszerek egyike sem m\u0171k\u00f6dik, akkor forduljon a Facebook \u00fcgyf\u00e9lszolg\u00e1lat\u00e1hoz, \u00e9s magyar\u00e1zza el a helyzetet. \u0150k tal\u00e1n tudnak seg\u00edteni a r\u00e9gi f\u00e9nyk\u00e9pek vissza\u00e1ll\u00edt\u00e1s\u00e1ban. <\/p>\n<div class=\"newlinediv\"><\/div>\n<p> Fontos megjegyezni, hogy nem biztos, hogy minden fot\u00f3 helyre\u00e1ll\u00edthat\u00f3, k\u00fcl\u00f6n\u00f6sen, ha m\u00e1r r\u00e9gen t\u00f6r\u00f6lt\u00e9k \u0151ket. Mindig \u00e9rdemes rendszeresen biztons\u00e1gi m\u00e1solatot k\u00e9sz\u00edteni adatair\u00f3l \u00e9s fot\u00f3ir\u00f3l, hogy a j\u00f6v\u0151ben ne vesz\u00edtse el azokat.<\/p>\n<\/div>\n<\/div>\n","protected":false},"excerpt":{"rendered":"<p>A Facebook egy n\u00e9pszer\u0171 k\u00f6z\u00f6ss\u00e9gi m\u00e9diaplatform, ahol a felhaszn\u00e1l\u00f3k f\u00e9nyk\u00e9peket, vide\u00f3kat \u00e9s egy\u00e9b tartalmakat osztanak meg bar\u00e1ti h\u00e1l\u00f3zatukkal. N\u00e9ha azonban el\u0151fordulhat, hogy a platformra val\u00f3 bejelentkez\u00e9s n\u00e9lk\u00fcl szeretn\u00e9 megtekinteni valakinek a Facebook-fot\u00f3it. Szerencs\u00e9re a Google egyszer\u0171 megold\u00e1st k\u00edn\u00e1l a Facebook-k\u00e9pek bejelentkez\u00e9s n\u00e9lk\u00fcli megtekint\u00e9s\u00e9re. \u00cdme egy l\u00e9p\u00e9sr\u0151l-l\u00e9p\u00e9sre bemutatott \u00fatmutat\u00f3 arr\u00f3l, hogyan n\u00e9zheti meg a Facebook-k\u00e9peket a &#8230; <a title=\"A Google erej\u00e9nek kibontakoztat\u00e1sa: \u00datmutat\u00f3 a Facebook-k\u00e9pek megtekint\u00e9s\u00e9hez\" class=\"read-more\" href=\"https:\/\/megnyitasa.com\/tudas\/a-google-erejenek-kibontakoztatasa-utmutato-a-facebook-kepek-megtekintesehez\/\" aria-label=\"Read more about A Google erej\u00e9nek kibontakoztat\u00e1sa: \u00datmutat\u00f3 a Facebook-k\u00e9pek megtekint\u00e9s\u00e9hez\">Read more<\/a><\/p>\n","protected":false},"author":4135,"featured_media":0,"comment_status":"closed","ping_status":"closed","sticky":false,"template":"","format":"standard","meta":{"footnotes":""},"categories":[5],"tags":[],"class_list":["post-9809","post","type-post","status-publish","format-standard","hentry","category-uj-vallalkozas-letrehozasa"],"_links":{"self":[{"href":"https:\/\/megnyitasa.com\/tudas\/wp-json\/wp\/v2\/posts\/9809","targetHints":{"allow":["GET"]}}],"collection":[{"href":"https:\/\/megnyitasa.com\/tudas\/wp-json\/wp\/v2\/posts"}],"about":[{"href":"https:\/\/megnyitasa.com\/tudas\/wp-json\/wp\/v2\/types\/post"}],"author":[{"embeddable":true,"href":"https:\/\/megnyitasa.com\/tudas\/wp-json\/wp\/v2\/users\/4135"}],"replies":[{"embeddable":true,"href":"https:\/\/megnyitasa.com\/tudas\/wp-json\/wp\/v2\/comments?post=9809"}],"version-history":[{"count":0,"href":"https:\/\/megnyitasa.com\/tudas\/wp-json\/wp\/v2\/posts\/9809\/revisions"}],"wp:attachment":[{"href":"https:\/\/megnyitasa.com\/tudas\/wp-json\/wp\/v2\/media?parent=9809"}],"wp:term":[{"taxonomy":"category","embeddable":true,"href":"https:\/\/megnyitasa.com\/tudas\/wp-json\/wp\/v2\/categories?post=9809"},{"taxonomy":"post_tag","embeddable":true,"href":"https:\/\/megnyitasa.com\/tudas\/wp-json\/wp\/v2\/tags?post=9809"}],"curies":[{"name":"wp","href":"https:\/\/api.w.org\/{rel}","templated":true}]}}