{"id":9817,"date":"2023-04-24T00:00:00","date_gmt":"2023-04-24T00:00:00","guid":{"rendered":"https:\/\/megnyitasa.com\/tudas\/a-hatekonysag-maximalizalasa-7\/"},"modified":"2023-04-24T00:00:00","modified_gmt":"2023-04-24T00:00:00","slug":"a-hatekonysag-maximalizalasa-7","status":"publish","type":"post","link":"https:\/\/megnyitasa.com\/tudas\/a-hatekonysag-maximalizalasa-7\/","title":{"rendered":"A hat\u00e9konys\u00e1g maximaliz\u00e1l\u00e1sa:"},"content":{"rendered":"<div class=\"articlecontent\">\n<div class=\"newlinediv\"><\/div>\n<p> A k\u00f6zgazdas\u00e1gtan vil\u00e1g\u00e1ban a termel\u00e9kenys\u00e9g a kir\u00e1ly. Min\u00e9l termel\u00e9kenyebb egy v\u00e1llalat vagy ipar\u00e1g, ann\u00e1l sikeresebb. De milyen t\u00e9nyez\u0151k hat\u00e1rozz\u00e1k meg a termel\u00e9kenys\u00e9get? Az egyik fontos t\u00e9nyez\u0151 az egy dolgoz\u00f3ra jut\u00f3 termel\u00e9si f\u00fcggv\u00e9ny. <\/p>\n<div class=\"newlinediv\"><\/div>\n<p> Az egy dolgoz\u00f3ra jut\u00f3 termel\u00e9si f\u00fcggv\u00e9ny egy matematikai k\u00e9plet, amely a dolgoz\u00f3k sz\u00e1ma \u00e9s az el\u0151\u00e1ll\u00edtott kibocs\u00e1t\u00e1s mennyis\u00e9ge k\u00f6z\u00f6tti kapcsolatot mutatja. Ez egy olyan eszk\u00f6z, amelyet a k\u00f6zgazd\u00e1szok haszn\u00e1lnak a munkaer\u0151 \u00e9s a kibocs\u00e1t\u00e1s k\u00f6z\u00f6tti kapcsolat meg\u00e9rt\u00e9s\u00e9hez. A f\u00fcggv\u00e9ny figyelembe veszi a termel\u00e9si folyamatban felhaszn\u00e1lt t\u0151ke \u00e9s technol\u00f3gia mennyis\u00e9g\u00e9t, valamint a munkav\u00e1llal\u00f3k k\u00e9pzetts\u00e9g\u00e9t \u00e9s k\u00e9pzetts\u00e9gi szintj\u00e9t. <\/p>\n<div class=\"newlinediv\"><\/div>\n<p> Az egy munkav\u00e1llal\u00f3ra jut\u00f3 termel\u00e9si f\u00fcggv\u00e9ny alapk\u00e9plete: Y = A * F(K, L), ahol Y a kibocs\u00e1t\u00e1st, A a teljes t\u00e9nyez\u0151termel\u00e9kenys\u00e9get, K a t\u0151ke\u00e1llom\u00e1nyt \u00e9s L a munk\u00e1t jel\u00f6li. Az F(K, L) a termel\u00e9si f\u00fcggv\u00e9nyt jelenti, amely egy olyan matematikai egyenlet, amely le\u00edrja, hogy a r\u00e1ford\u00edt\u00e1sok (t\u0151ke \u00e9s munka) hogyan alakulnak \u00e1t kibocs\u00e1t\u00e1sra. <\/p>\n<div class=\"newlinediv\"><\/div>\n<p> Ez a k\u00e9plet l\u00e9nyeg\u00e9ben azt jelenti, hogy min\u00e9l t\u00f6bb t\u0151k\u00e9vel \u00e9s munkaer\u0151vel rendelkezik egy v\u00e1llalat, ann\u00e1l t\u00f6bb kibocs\u00e1t\u00e1st tud el\u0151\u00e1ll\u00edtani. A munkaer\u0151nek azonban cs\u00f6kken\u0151 hozama van. Ez azt jelenti, hogy ahogy egyre t\u00f6bb munk\u00e1st vesznek fel a termel\u00e9si folyamatba, \u00fagy cs\u00f6kken az egyes tov\u00e1bbi munk\u00e1sok \u00e1ltal el\u0151\u00e1ll\u00edtott kibocs\u00e1t\u00e1s mennyis\u00e9ge. Ennek az az oka, hogy adott id\u0151 alatt csak egy bizonyos mennyis\u00e9g\u0171 munk\u00e1t lehet elv\u00e9gezni, \u00e9s ahogy egyre t\u00f6bb munk\u00e1st vesznek fel, \u00fagy kezdenek egym\u00e1s \u00fatj\u00e1ba ker\u00fclni, ami lelass\u00edtja a termel\u00e9si folyamatot. <\/p>\n<div class=\"newlinediv\"><\/div>\n<p> A termel\u00e9kenys\u00e9g maximaliz\u00e1l\u00e1sa \u00e9rdek\u00e9ben a v\u00e1llalatoknak meg kell tal\u00e1lniuk a felvehet\u0151 munkav\u00e1llal\u00f3k optim\u00e1lis sz\u00e1m\u00e1t. Ha egy v\u00e1llalat t\u00fal kev\u00e9s munk\u00e1st vesz fel, nem lesz k\u00e9pes annyit termelni, mint amennyit t\u00f6bb munk\u00e1ssal tudna. Ha t\u00fal sok munkaer\u0151t vesz fel, akkor a munkaer\u0151 cs\u00f6kken\u0151 megt\u00e9r\u00fcl\u00e9s\u00e9t tapasztalja, \u00e9s v\u00e9g\u00fcl kevesebbet termelhet, mint amennyit kevesebb munk\u00e1ssal termelne. <\/p>\n<div class=\"newlinediv\"><\/div>\n<p> \u00d6sszefoglalva, az egy dolgoz\u00f3ra jut\u00f3 termel\u00e9si f\u00fcggv\u00e9ny fontos eszk\u00f6z a munkaer\u0151 \u00e9s a kibocs\u00e1t\u00e1s k\u00f6z\u00f6tti kapcsolat meg\u00e9rt\u00e9s\u00e9hez. A termel\u00e9si folyamatban felhaszn\u00e1lt t\u0151ke \u00e9s technol\u00f3gia mennyis\u00e9g\u00e9nek, valamint a munkav\u00e1llal\u00f3k k\u00e9pzetts\u00e9g\u00e9nek \u00e9s k\u00e9pzetts\u00e9gi szintj\u00e9nek figyelembev\u00e9tel\u00e9vel a k\u00f6zgazd\u00e1szok seg\u00edthetnek a v\u00e1llalatoknak maximaliz\u00e1lni termel\u00e9kenys\u00e9g\u00fcket. A v\u00e1llalatok sz\u00e1m\u00e1ra fontos, hogy megtal\u00e1lj\u00e1k a felvehet\u0151 munkav\u00e1llal\u00f3k optim\u00e1lis sz\u00e1m\u00e1t annak \u00e9rdek\u00e9ben, hogy elker\u00fclj\u00e9k a munkaer\u0151 cs\u00f6kken\u0151 hozam\u00e1t \u00e9s maximaliz\u00e1lj\u00e1k a kibocs\u00e1t\u00e1sukat.<\/p><\/div>\n<div class=\"questions\">\n<div class=\"questionstitle\">FAQ<\/div>\n<div class=\"question\">\n<div class=\"qtitle\"> Mi az egy dolgoz\u00f3ra jut\u00f3 termel\u00e9s?<\/div>\n<p> Az egy dolgoz\u00f3ra jut\u00f3 termel\u00e9s egy termel\u00e9kenys\u00e9gi m\u00e9r\u0151sz\u00e1m, amely az egy dolgoz\u00f3 \u00e1ltal egy adott id\u0151szak alatt el\u0151\u00e1ll\u00edtott kibocs\u00e1t\u00e1s mennyis\u00e9g\u00e9t m\u00e9ri. Ezt \u00fagy sz\u00e1m\u00edtj\u00e1k ki, hogy a v\u00e1llalat teljes termel\u00e9si teljes\u00edtm\u00e9ny\u00e9t elosztj\u00e1k az adott id\u0151szakban foglalkoztatottak sz\u00e1m\u00e1val. Ezt a m\u00e9r\u0151sz\u00e1mot a v\u00e1llalkoz\u00e1sok \u00e1ltal\u00e1ban arra haszn\u00e1lj\u00e1k, hogy \u00e9rt\u00e9kelj\u00e9k a munkaer\u0151 hat\u00e9konys\u00e1g\u00e1t, \u00e9s meghat\u00e1rozz\u00e1k azokat a ter\u00fcleteket, ahol jav\u00edtani lehet. Az egy dolgoz\u00f3ra jut\u00f3 magas termel\u00e9si ar\u00e1ny azt jelzi, hogy az alkalmazottak rendk\u00edv\u00fcl produkt\u00edvak \u00e9s hat\u00e9konyak, ami k\u00f6lts\u00e9gmegtakar\u00edt\u00e1st, nyeres\u00e9gn\u00f6veked\u00e9st \u00e9s jobb versenyk\u00e9pess\u00e9get eredm\u00e9nyezhet. Fontos azonban megjegyezni, hogy az egy dolgoz\u00f3ra jut\u00f3 magas termel\u00e9si ar\u00e1ny nem lehet az egyetlen t\u00e9nyez\u0151, amelyet figyelembe kell venni az alkalmazottak teljes\u00edtm\u00e9ny\u00e9nek \u00e9rt\u00e9kel\u00e9sekor, mivel m\u00e1s t\u00e9nyez\u0151ket is figyelembe kell venni, mint p\u00e9ld\u00e1ul a min\u0151s\u00e9g, a biztons\u00e1g \u00e9s a csapatmunka. <\/p>\n<\/div>\n<div class=\"question\">\n<div class=\"qtitle\"> Mi tolja el az egy dolgoz\u00f3ra jut\u00f3 termel\u00e9si f\u00fcggv\u00e9nyt?<\/div>\n<p> Az egy dolgoz\u00f3ra jut\u00f3 termel\u00e9si f\u00fcggv\u00e9nyt sz\u00e1mos, a szervezeten bel\u00fcli \u00e9s k\u00edv\u00fcli t\u00e9nyez\u0151 eltolhatja. A bels\u0151 t\u00e9nyez\u0151k k\u00f6z\u00e9 tartoznak a technol\u00f3giai szint v\u00e1ltoz\u00e1sai, a szervezet ir\u00e1ny\u00edt\u00e1si gyakorlat\u00e1nak javul\u00e1sa, az inputok, p\u00e9ld\u00e1ul a nyersanyagok min\u0151s\u00e9g\u00e9nek v\u00e1ltoz\u00e1sa, valamint a munkaer\u0151 m\u00e9ret\u00e9nek \u00e9s \u00f6sszet\u00e9tel\u00e9nek v\u00e1ltoz\u00e1sa. Az egy dolgoz\u00f3ra jut\u00f3 termel\u00e9si f\u00fcggv\u00e9nyt m\u00f3dos\u00edt\u00f3 k\u00fcls\u0151 t\u00e9nyez\u0151k k\u00f6z\u00e9 tartoznak az \u00e1ltal\u00e1nos gazdas\u00e1g v\u00e1ltoz\u00e1sai, a fogyaszt\u00f3i kereslet v\u00e1ltoz\u00e1sai, a korm\u00e1nyzati szab\u00e1lyoz\u00e1s v\u00e1ltoz\u00e1sai, valamint az er\u0151forr\u00e1sok, p\u00e9ld\u00e1ul az energia \u00e9s a munkaer\u0151 rendelkez\u00e9sre \u00e1ll\u00e1s\u00e1nak \u00e9s k\u00f6lts\u00e9g\u00e9nek ingadoz\u00e1sai. <\/p>\n<div class=\"newlinediv\"><\/div>\n<p> \u00c1ltal\u00e1ban minden olyan v\u00e1ltoz\u00e1s, amely befoly\u00e1solja az egyes munkav\u00e1llal\u00f3k termel\u00e9kenys\u00e9g\u00e9t vagy a szervezet folyamatainak hat\u00e9konys\u00e1g\u00e1t, eltolhatja az egy munkav\u00e1llal\u00f3ra jut\u00f3 termel\u00e9si f\u00fcggv\u00e9nyt. P\u00e9ld\u00e1ul, ha egy v\u00e1llalat olyan \u00faj technol\u00f3gi\u00e1t alkalmaz, amely lehet\u0151v\u00e9 teszi a munkav\u00e1llal\u00f3k sz\u00e1m\u00e1ra, hogy kevesebb id\u0151 alatt t\u00f6bb \u00e1rut vagy szolg\u00e1ltat\u00e1st \u00e1ll\u00edtsanak el\u0151, az egy munkav\u00e1llal\u00f3ra jut\u00f3 termel\u00e9si f\u00fcggv\u00e9ny felfel\u00e9 fog v\u00e1ltozni. Hasonl\u00f3k\u00e9ppen, ha a v\u00e1llalat t\u00f6bb k\u00e9pzett munkav\u00e1llal\u00f3t vesz fel, vagy tov\u00e1bbi k\u00e9pz\u00e9st biztos\u00edt a megl\u00e9v\u0151 alkalmazottaknak, ez szint\u00e9n n\u00f6velheti az egyes munkav\u00e1llal\u00f3k termel\u00e9kenys\u00e9g\u00e9t, \u00e9s felfel\u00e9 tolhatja el az egy munkav\u00e1llal\u00f3ra jut\u00f3 termel\u00e9si f\u00fcggv\u00e9nyt. <\/p>\n<div class=\"newlinediv\"><\/div>\n<p> M\u00e1sr\u00e9szr\u0151l viszont azok a v\u00e1ltoz\u00e1sok, amelyek cs\u00f6kkentik az egyes dolgoz\u00f3k termel\u00e9kenys\u00e9g\u00e9t, vagy kev\u00e9sb\u00e9 hat\u00e9konny\u00e1 teszik a szervezet folyamatait, lefel\u00e9 tolhatj\u00e1k el az egy dolgoz\u00f3ra jut\u00f3 termel\u00e9si f\u00fcggv\u00e9nyt. P\u00e9ld\u00e1ul, ha a v\u00e1llalat nyersanyaghi\u00e1nyt tapasztal, vagy nehezen jut hozz\u00e1 a kulcsfontoss\u00e1g\u00fa er\u0151forr\u00e1sokhoz, ez cs\u00f6kkentheti az egyes munkav\u00e1llal\u00f3k termel\u00e9kenys\u00e9g\u00e9t \u00e9s cs\u00f6kkentheti az egy munkav\u00e1llal\u00f3ra jut\u00f3 termel\u00e9si f\u00fcggv\u00e9nyt. Hasonl\u00f3k\u00e9ppen, ha a v\u00e1llalat a term\u00e9kei vagy szolg\u00e1ltat\u00e1sai ir\u00e1nti kereslet cs\u00f6kken\u00e9s\u00e9t tapasztalja, ez cs\u00f6kkentheti a szervezet folyamatainak hat\u00e9konys\u00e1g\u00e1t \u00e9s cs\u00f6kkentheti az egy dolgoz\u00f3ra jut\u00f3 termel\u00e9si f\u00fcggv\u00e9nyt. <\/p>\n<\/div>\n<div class=\"question\">\n<div class=\"qtitle\"> Mit jelent az egy dolgoz\u00f3ra jut\u00f3 t\u0151ke?<\/div>\n<p> Az egy dolgoz\u00f3ra jut\u00f3 t\u0151ke azt a beruh\u00e1z\u00e1si t\u0151ke mennyis\u00e9g\u00e9t jelenti, amely egy v\u00e1llalkoz\u00e1s vagy szervezet minden egyes alkalmazottja sz\u00e1m\u00e1ra rendelkez\u00e9sre \u00e1ll. Ezt a m\u00e9r\u0151sz\u00e1mot \u00fagy sz\u00e1m\u00edtj\u00e1k ki, hogy a v\u00e1llalkoz\u00e1sban l\u00e9v\u0151 t\u0151kebefektet\u00e9sek teljes \u00f6sszeg\u00e9t elosztj\u00e1k az adott v\u00e1llalkoz\u00e1sban dolgoz\u00f3 alkalmazottak sz\u00e1m\u00e1val. A t\u0151kebefektet\u00e9s mag\u00e1ban foglalhatja a berendez\u00e9seket, g\u00e9peket, \u00e9p\u00fcleteket, k\u00e9szleteket \u00e9s egy\u00e9b eszk\u00f6z\u00f6ket, amelyek hozz\u00e1j\u00e1rulnak a v\u00e1llalkoz\u00e1s termel\u00e9s\u00e9hez \u00e9s m\u0171k\u00f6d\u00e9s\u00e9hez. <\/p>\n<div class=\"newlinediv\"><\/div>\n<p> Az egy dolgoz\u00f3ra jut\u00f3 t\u0151ke fontos a v\u00e1llalkoz\u00e1sok \u00e9s szervezetek sz\u00e1m\u00e1ra, mert hat\u00e1ssal lehet a termel\u00e9kenys\u00e9gre, a hat\u00e9konys\u00e1gra \u00e9s az \u00e1ltal\u00e1nos nyeres\u00e9gess\u00e9gre. Az egy dolgoz\u00f3ra jut\u00f3 magasabb t\u0151kear\u00e1ny azt jelezheti, hogy a v\u00e1llalkoz\u00e1snak t\u00f6bb forr\u00e1s \u00e1ll rendelkez\u00e9s\u00e9re a munkav\u00e1llal\u00f3k k\u00e9pz\u00e9s\u00e9be, technol\u00f3gi\u00e1ba \u00e9s egy\u00e9b olyan er\u0151forr\u00e1sokba val\u00f3 befektet\u00e9sre, amelyek jav\u00edthatj\u00e1k a munkateljes\u00edtm\u00e9nyt \u00e9s a teljes\u00edtm\u00e9nyt. Ez viszont hozz\u00e1j\u00e1rulhat a nyeres\u00e9g \u00e9s a piaci versenyk\u00e9pess\u00e9g n\u00f6vel\u00e9s\u00e9hez. <\/p>\n<div class=\"newlinediv\"><\/div>\n<p> Fontos azonban megjegyezni, hogy az egy dolgoz\u00f3ra jut\u00f3 magasabb t\u0151kear\u00e1ny nem felt\u00e9tlen\u00fcl garant\u00e1lja a sikert. M\u00e1s t\u00e9nyez\u0151k, p\u00e9ld\u00e1ul a munkav\u00e1llal\u00f3k k\u00e9pess\u00e9gei, a vezet\u00e9si gyakorlat \u00e9s a piaci felt\u00e9telek is jelent\u0151s szerepet j\u00e1tszhatnak egy v\u00e1llalkoz\u00e1s siker\u00e9nek meghat\u00e1roz\u00e1s\u00e1ban. Ez\u00e9rt fontos, hogy a v\u00e1llalkoz\u00e1sok gondosan m\u00e9rlegeljenek \u00e9s elemezzenek t\u00f6bb t\u00e9nyez\u0151t, amikor a t\u0151kebefektet\u00e9ssel, a munkav\u00e1llal\u00f3k ir\u00e1ny\u00edt\u00e1s\u00e1val \u00e9s az \u00e1ltal\u00e1nos \u00fczleti strat\u00e9gi\u00e1val kapcsolatos d\u00f6nt\u00e9seket hozz\u00e1k.<\/p>\n<\/div>\n<\/div>\n","protected":false},"excerpt":{"rendered":"<p>A k\u00f6zgazdas\u00e1gtan vil\u00e1g\u00e1ban a termel\u00e9kenys\u00e9g a kir\u00e1ly. Min\u00e9l termel\u00e9kenyebb egy v\u00e1llalat vagy ipar\u00e1g, ann\u00e1l sikeresebb. De milyen t\u00e9nyez\u0151k hat\u00e1rozz\u00e1k meg a termel\u00e9kenys\u00e9get? Az egyik fontos t\u00e9nyez\u0151 az egy dolgoz\u00f3ra jut\u00f3 termel\u00e9si f\u00fcggv\u00e9ny. Az egy dolgoz\u00f3ra jut\u00f3 termel\u00e9si f\u00fcggv\u00e9ny egy matematikai k\u00e9plet, amely a dolgoz\u00f3k sz\u00e1ma \u00e9s az el\u0151\u00e1ll\u00edtott kibocs\u00e1t\u00e1s mennyis\u00e9ge k\u00f6z\u00f6tti kapcsolatot mutatja. Ez egy &#8230; <a title=\"A hat\u00e9konys\u00e1g maximaliz\u00e1l\u00e1sa:\" class=\"read-more\" href=\"https:\/\/megnyitasa.com\/tudas\/a-hatekonysag-maximalizalasa-7\/\" aria-label=\"Read more about A hat\u00e9konys\u00e1g maximaliz\u00e1l\u00e1sa:\">Read more<\/a><\/p>\n","protected":false},"author":1476,"featured_media":0,"comment_status":"closed","ping_status":"closed","sticky":false,"template":"","format":"standard","meta":{"footnotes":""},"categories":[19],"tags":[],"class_list":["post-9817","post","type-post","status-publish","format-standard","hentry","category-az-alkalmazottak-iranyitasa"],"_links":{"self":[{"href":"https:\/\/megnyitasa.com\/tudas\/wp-json\/wp\/v2\/posts\/9817","targetHints":{"allow":["GET"]}}],"collection":[{"href":"https:\/\/megnyitasa.com\/tudas\/wp-json\/wp\/v2\/posts"}],"about":[{"href":"https:\/\/megnyitasa.com\/tudas\/wp-json\/wp\/v2\/types\/post"}],"author":[{"embeddable":true,"href":"https:\/\/megnyitasa.com\/tudas\/wp-json\/wp\/v2\/users\/1476"}],"replies":[{"embeddable":true,"href":"https:\/\/megnyitasa.com\/tudas\/wp-json\/wp\/v2\/comments?post=9817"}],"version-history":[{"count":0,"href":"https:\/\/megnyitasa.com\/tudas\/wp-json\/wp\/v2\/posts\/9817\/revisions"}],"wp:attachment":[{"href":"https:\/\/megnyitasa.com\/tudas\/wp-json\/wp\/v2\/media?parent=9817"}],"wp:term":[{"taxonomy":"category","embeddable":true,"href":"https:\/\/megnyitasa.com\/tudas\/wp-json\/wp\/v2\/categories?post=9817"},{"taxonomy":"post_tag","embeddable":true,"href":"https:\/\/megnyitasa.com\/tudas\/wp-json\/wp\/v2\/tags?post=9817"}],"curies":[{"name":"wp","href":"https:\/\/api.w.org\/{rel}","templated":true}]}}