{"id":9844,"date":"2023-04-24T00:00:00","date_gmt":"2023-04-24T00:00:00","guid":{"rendered":"https:\/\/megnyitasa.com\/tudas\/az-uzleti-siker-maximalizalasa-a-strategiai-menedzsment-fontossaga\/"},"modified":"2023-04-24T00:00:00","modified_gmt":"2023-04-24T00:00:00","slug":"az-uzleti-siker-maximalizalasa-a-strategiai-menedzsment-fontossaga","status":"publish","type":"post","link":"https:\/\/megnyitasa.com\/tudas\/az-uzleti-siker-maximalizalasa-a-strategiai-menedzsment-fontossaga\/","title":{"rendered":"Az \u00fczleti siker maximaliz\u00e1l\u00e1sa: A strat\u00e9giai menedzsment fontoss\u00e1ga"},"content":{"rendered":"<div class=\"articlecontent\">\n<div class=\"newlinediv\"><\/div>\n<p> A strat\u00e9giai menedzsment a v\u00e1llalat hossz\u00fa t\u00e1v\u00fa c\u00e9ljainak \u00e9s c\u00e9lkit\u0171z\u00e9seinek meghat\u00e1roz\u00e1sa \u00e9s megval\u00f3s\u00edt\u00e1sa. Ez mag\u00e1ban foglalja a v\u00e1llalat er\u0151ss\u00e9geinek \u00e9s gyenges\u00e9geinek elemz\u00e9s\u00e9t, a piaci lehet\u0151s\u00e9gek \u00e9s vesz\u00e9lyek azonos\u00edt\u00e1s\u00e1t, valamint a c\u00e9lok el\u00e9r\u00e9s\u00e9re vonatkoz\u00f3 terv kidolgoz\u00e1s\u00e1t. A strat\u00e9giai menedzsmentre az\u00e9rt van sz\u00fcks\u00e9g, hogy biztos\u00edtsa a v\u00e1llalat siker\u00e9t \u00e9s t\u00fal\u00e9l\u00e9s\u00e9t a folyamatosan v\u00e1ltoz\u00f3 \u00fczleti k\u00f6rnyezetben. <\/p>\n<div class=\"newlinediv\"><\/div>\n<p> A strat\u00e9giai menedzsmentre t\u00f6bbek k\u00f6z\u00f6tt az\u00e9rt van sz\u00fcks\u00e9g, mert seg\u00edt a v\u00e1llalatnak a c\u00e9ljaira \u00f6sszpontos\u00edtani. Egy\u00e9rtelm\u0171 terv n\u00e9lk\u00fcl a v\u00e1llalatok figyelm\u00e9t elvonhatj\u00e1k a r\u00f6vid t\u00e1v\u00fa lehet\u0151s\u00e9gek vagy kih\u00edv\u00e1sok, \u00e9s szem el\u0151l t\u00e9veszthetik hossz\u00fa t\u00e1v\u00fa c\u00e9ljaikat. A strat\u00e9giai menedzsment \u00fatitervet ny\u00fajt a v\u00e1llalat sz\u00e1m\u00e1ra, felv\u00e1zolva a siker el\u00e9r\u00e9s\u00e9hez sz\u00fcks\u00e9ges l\u00e9p\u00e9seket. <\/p>\n<div class=\"newlinediv\"><\/div>\n<p> A strat\u00e9giai menedzsment az\u00e9rt is fontos, mert lehet\u0151v\u00e9 teszi a v\u00e1llalatok sz\u00e1m\u00e1ra, hogy alkalmazkodjanak a piaci v\u00e1ltoz\u00e1sokhoz. Az \u00fczleti k\u00f6rnyezet folyamatosan v\u00e1ltozik, \u00e9s a v\u00e1llalatoknak k\u00e9pesnek kell lenni\u00fck arra, hogy strat\u00e9gi\u00e1jukat ennek megfelel\u0151en kiigaz\u00edts\u00e1k. A piac \u00e9s saj\u00e1t teljes\u00edtm\u00e9ny\u00fck rendszeres elemz\u00e9s\u00e9vel a v\u00e1llalatok megalapozott d\u00f6nt\u00e9seket hozhatnak arr\u00f3l, hogyan alkalmazkodjanak a v\u00e1ltoz\u00e1sokhoz, \u00e9s hogyan maradjanak a versenyt\u00e1rsak el\u0151tt. <\/p>\n<div class=\"newlinediv\"><\/div>\n<p> A strat\u00e9giai menedzsment seg\u00edt a v\u00e1llalatoknak abban is, hogy hat\u00e9konyabban ossz\u00e1k el er\u0151forr\u00e1saikat. Er\u0151ss\u00e9geik \u00e9s gyenges\u00e9geik azonos\u00edt\u00e1s\u00e1val a v\u00e1llalatok er\u0151forr\u00e1saikat azokra a ter\u00fcletekre \u00f6sszpontos\u00edthatj\u00e1k, ahol versenyel\u0151nnyel rendelkeznek. Ez lehet\u0151v\u00e9 teszi sz\u00e1mukra, hogy maximaliz\u00e1lj\u00e1k er\u0151forr\u00e1saikat \u00e9s hat\u00e9konyabban \u00e9rj\u00e9k el c\u00e9ljaikat. <\/p>\n<div class=\"newlinediv\"><\/div>\n<p> V\u00e9g\u00fcl pedig a strat\u00e9giai menedzsment sz\u00fcks\u00e9ges a hossz\u00fa t\u00e1v\u00fa sikerhez. Azok a v\u00e1llalatok, amelyek vil\u00e1gos tervvel rendelkeznek, \u00e9s k\u00e9pesek alkalmazkodni a piaci v\u00e1ltoz\u00e1sokhoz, nagyobb val\u00f3sz\u00edn\u0171s\u00e9ggel \u00e9rnek el hossz\u00fa t\u00e1von tart\u00f3s sikereket. Strat\u00e9gi\u00e1ik rendszeres fel\u00fclvizsg\u00e1lat\u00e1val \u00e9s friss\u00edt\u00e9s\u00e9vel a v\u00e1llalatok biztos\u00edthatj\u00e1k, hogy mindig a c\u00e9ljaik fel\u00e9 haladjanak. <\/p>\n<div class=\"newlinediv\"><\/div>\n<p> \u00d6sszefoglalva, a strat\u00e9giai menedzsment kritikus folyamat minden olyan v\u00e1llalat sz\u00e1m\u00e1ra, amely sikeres akar lenni a mai \u00fczleti k\u00f6rnyezetben. A c\u00e9lokra val\u00f3 \u00f6sszpontos\u00edt\u00e1ssal, a v\u00e1ltoz\u00e1sokhoz val\u00f3 alkalmazkod\u00e1ssal, az er\u0151forr\u00e1sok hat\u00e9kony eloszt\u00e1s\u00e1val \u00e9s a hossz\u00fa t\u00e1v\u00fa siker megtervez\u00e9s\u00e9vel a v\u00e1llalatok tart\u00f3s n\u00f6veked\u00e9st \u00e9s nyeres\u00e9gess\u00e9get \u00e9rhetnek el.<\/p><\/div>\n<div class=\"questions\">\n<div class=\"questionstitle\">FAQ<\/div>\n<div class=\"question\">\n<div class=\"qtitle\"> Mi a strat\u00e9giai menedzsment 5 el\u0151nye?<\/div>\n<p> A strat\u00e9giai menedzsment az \u00fczleti menedzsment egyik kritikus aspektusa, amely mag\u00e1ban foglalja a szervezeti c\u00e9lok meghat\u00e1roz\u00e1s\u00e1t \u00e9s az ezek el\u00e9r\u00e9s\u00e9t szolg\u00e1l\u00f3 strat\u00e9gi\u00e1k megfogalmaz\u00e1s\u00e1t. \u00cdme a strat\u00e9giai menedzsment \u00f6t el\u0151nye: <\/p>\n<div class=\"newlinediv\"><\/div>\n<p> 1. Egy\u00e9rtelm\u0171 ir\u00e1ny\u00edt\u00e1s: A strat\u00e9giai menedzsment vil\u00e1gos ir\u00e1nyt ad a szervezetnek az\u00e1ltal, hogy felv\u00e1zolja a v\u00e1llalat c\u00e9ljait \u00e9s c\u00e9lkit\u0171z\u00e9seit. Ez az egy\u00e9rtelm\u0171s\u00e9g biztos\u00edtja, hogy minden alkalmazott meg\u00e9rtse, mit v\u00e1rnak el t\u0151l\u00fck, \u00e9s seg\u00edti \u0151ket abban, hogy egy k\u00f6z\u00f6s c\u00e9l \u00e9rdek\u00e9ben dolgozzanak. <\/p>\n<div class=\"newlinediv\"><\/div>\n<p> 2. Jobb d\u00f6nt\u00e9shozatal: A strat\u00e9giai menedzsment jobb d\u00f6nt\u00e9shozatalt tesz lehet\u0151v\u00e9, mivel olyan keretet biztos\u00edt, amely seg\u00edti a szervezeteket a k\u00fcl\u00f6nb\u00f6z\u0151 lehet\u0151s\u00e9gek el\u0151nyeinek \u00e9s h\u00e1tr\u00e1nyainak \u00e9rt\u00e9kel\u00e9s\u00e9ben. A k\u00fcl\u00f6nb\u00f6z\u0151 forgat\u00f3k\u00f6nyvek \u00e9s az \u00fczletre gyakorolt hat\u00e1suk elemz\u00e9s\u00e9vel a strat\u00e9giai menedzsment lehet\u0151v\u00e9 teszi a v\u00e1llalatok sz\u00e1m\u00e1ra, hogy megalapozott d\u00f6nt\u00e9seket hozzanak. <\/p>\n<div class=\"newlinediv\"><\/div>\n<p> 3. Rugalmass\u00e1g: A strat\u00e9giai menedzsment lehet\u0151v\u00e9 teszi a szervezetek sz\u00e1m\u00e1ra, hogy alkalmazkodjanak a piaci v\u00e1ltoz\u00e1sokhoz, a bels\u0151 k\u00f6rnyezethez \u00e9s m\u00e1s k\u00fcls\u0151 t\u00e9nyez\u0151kh\u00f6z. A potenci\u00e1lis kih\u00edv\u00e1sok el\u0151rejelz\u00e9s\u00e9vel a v\u00e1llalkoz\u00e1sok olyan v\u00e9szhelyzeti terveket hozhatnak l\u00e9tre, amelyek lehet\u0151v\u00e9 teszik sz\u00e1mukra, hogy sz\u00fcks\u00e9g eset\u00e9n gyorsan megforduljanak. <\/p>\n<div class=\"newlinediv\"><\/div>\n<p> 4. Er\u0151forr\u00e1s-eloszt\u00e1s: A strat\u00e9giai menedzsment seg\u00edti a szervezeteket az er\u0151forr\u00e1sok hat\u00e9konyabb eloszt\u00e1s\u00e1ban. A v\u00e1llalat er\u0151ss\u00e9geinek \u00e9s gyenges\u00e9geinek elemz\u00e9s\u00e9vel a v\u00e1llalkoz\u00e1sok azonos\u00edthatj\u00e1k a beruh\u00e1z\u00e1st ig\u00e9nyl\u0151 ter\u00fcleteket, \u00e9s ennek megfelel\u0151en oszthatj\u00e1k el az er\u0151forr\u00e1sokat. <\/p>\n<div class=\"newlinediv\"><\/div>\n<p> 5. Versenyel\u0151ny: A strat\u00e9giai menedzsment tal\u00e1n legjelent\u0151sebb el\u0151nye a versenyel\u0151ny megteremt\u00e9se. Az er\u0151forr\u00e1sok, c\u00e9lok \u00e9s c\u00e9lkit\u0171z\u00e9sek \u00f6sszehangol\u00e1s\u00e1val a v\u00e1llalkoz\u00e1sok megk\u00fcl\u00f6nb\u00f6ztethetik magukat a versenyt\u00e1rsakt\u00f3l, \u00e9s vonz\u00f3bb\u00e1 v\u00e1lhatnak az \u00fcgyfelek sz\u00e1m\u00e1ra. Ez pedig a piaci r\u00e9szesed\u00e9s, a bev\u00e9tel n\u00f6veked\u00e9s\u00e9hez \u00e9s a nyeres\u00e9gess\u00e9g n\u00f6veked\u00e9s\u00e9hez vezethet. <\/p>\n<\/div>\n<div class=\"question\">\n<div class=\"qtitle\"> Mi a legfontosabb a strat\u00e9giai menedzsmentben?<\/div>\n<p> A strat\u00e9giai menedzsment eset\u00e9ben t\u00f6bb t\u00e9nyez\u0151 is fontos a sikerhez. Az egyik legfontosabb t\u00e9nyez\u0151 azonban az alkalmazottak hat\u00e9kony ir\u00e1ny\u00edt\u00e1s\u00e1nak k\u00e9pess\u00e9ge. Ez mag\u00e1ban foglalja az er\u0151s v\u00e1llalati kult\u00fara megteremt\u00e9s\u00e9t, a hat\u00e9kony kommunik\u00e1ci\u00f3s strat\u00e9gi\u00e1k kidolgoz\u00e1s\u00e1t \u00e9s v\u00e9grehajt\u00e1s\u00e1t, a folyamatos k\u00e9pz\u00e9si \u00e9s fejl\u0151d\u00e9si lehet\u0151s\u00e9gek biztos\u00edt\u00e1s\u00e1t, valamint annak biztos\u00edt\u00e1s\u00e1t, hogy az alkalmazottak motiv\u00e1ltak \u00e9s elk\u00f6telezettek legyenek a munk\u00e1juk ir\u00e1nt. <\/p>\n<div class=\"newlinediv\"><\/div>\n<p> Az alkalmazottak strat\u00e9giai ir\u00e1ny\u00edt\u00e1s\u00e1nak egyik legfontosabb szempontja az er\u0151s v\u00e1llalati kult\u00fara megteremt\u00e9se, amely \u00f6sszhangban van a szervezet \u00e1ltal\u00e1nos c\u00e9ljaival \u00e9s c\u00e9lkit\u0171z\u00e9seivel. Ez mag\u00e1ban foglalja egy vil\u00e1gos k\u00fcldet\u00e9snyilatkozat \u00e9s \u00e9rt\u00e9kek kidolgoz\u00e1s\u00e1t \u00e9s kommunik\u00e1l\u00e1s\u00e1t, valamint annak biztos\u00edt\u00e1s\u00e1t, hogy ezek a v\u00e1llalat minden aspektus\u00e1ban t\u00fckr\u00f6z\u0151djenek, a felv\u00e9telt\u0151l \u00e9s a k\u00e9pz\u00e9st\u0151l kezdve a teljes\u00edtm\u00e9ny\u00e9rt\u00e9kel\u00e9sen \u00e1t a jutalmaz\u00e1sig. <\/p>\n<div class=\"newlinediv\"><\/div>\n<p> A hat\u00e9kony kommunik\u00e1ci\u00f3 szint\u00e9n kulcsfontoss\u00e1g\u00fa a strat\u00e9giai ir\u00e1ny\u00edt\u00e1sban, mivel biztos\u00edtja, hogy az alkalmazottak meg\u00e9rts\u00e9k szerep\u00fcket a v\u00e1llalat c\u00e9ljainak \u00e9s c\u00e9lkit\u0171z\u00e9seinek el\u00e9r\u00e9s\u00e9ben. Ez mag\u00e1ban foglalja az elv\u00e1r\u00e1sok vil\u00e1gos \u00e9s id\u0151ben t\u00f6rt\u00e9n\u0151 k\u00f6zl\u00e9s\u00e9t, a teljes\u00edtm\u00e9nyre vonatkoz\u00f3 visszajelz\u00e9st, valamint a szervezet el\u0151rehalad\u00e1s\u00e1r\u00f3l sz\u00f3l\u00f3 rendszeres t\u00e1j\u00e9koztat\u00e1st. <\/p>\n<div class=\"newlinediv\"><\/div>\n<p> A kommunik\u00e1ci\u00f3 mellett a folyamatos k\u00e9pz\u00e9si \u00e9s fejleszt\u00e9si lehet\u0151s\u00e9gek is fontosak az alkalmazottak strat\u00e9giai ir\u00e1ny\u00edt\u00e1s\u00e1hoz. Ez biztos\u00edtja, hogy az alkalmazottak rendelkezzenek a munk\u00e1juk hat\u00e9kony elv\u00e9gz\u00e9s\u00e9hez sz\u00fcks\u00e9ges k\u00e9szs\u00e9gekkel \u00e9s tud\u00e1ssal, \u00e9s seg\u00edt abban is, hogy elk\u00f6telezettek \u00e9s motiv\u00e1ltak maradjanak a munk\u00e1jukban. <\/p>\n<div class=\"newlinediv\"><\/div>\n<p> V\u00e9g\u00fcl fontos biztos\u00edtani, hogy a munkav\u00e1llal\u00f3k motiv\u00e1ltak \u00e9s elk\u00f6telezettek legyenek a munk\u00e1juk ir\u00e1nt. Ez mag\u00e1ban foglalja a pozit\u00edv munkak\u00f6rnyezet megteremt\u00e9s\u00e9t, a szakmai fejl\u0151d\u00e9s \u00e9s el\u0151rel\u00e9p\u00e9s lehet\u0151s\u00e9geinek biztos\u00edt\u00e1s\u00e1t, valamint az alkalmazottak elismer\u00e9s\u00e9t \u00e9s jutalmaz\u00e1s\u00e1t a szervezethez val\u00f3 hozz\u00e1j\u00e1rul\u00e1suk\u00e9rt. <\/p>\n<div class=\"newlinediv\"><\/div>\n<p> \u00d6sszess\u00e9g\u00e9ben az alkalmazottak ir\u00e1ny\u00edt\u00e1sa a strat\u00e9giai menedzsment egyik kritikus szempontja, \u00e9s az er\u0151s v\u00e1llalati kult\u00fara megteremt\u00e9s\u00e9re, a hat\u00e9kony kommunik\u00e1ci\u00f3ra, a folyamatos k\u00e9pz\u00e9sre \u00e9s fejleszt\u00e9sre, valamint az alkalmazottak motiv\u00e1l\u00e1s\u00e1ra \u00e9s elk\u00f6telezetts\u00e9g\u00e9re kell \u00f6sszpontos\u00edtani.<\/p>\n<\/div>\n<\/div>\n","protected":false},"excerpt":{"rendered":"<p>A strat\u00e9giai menedzsment a v\u00e1llalat hossz\u00fa t\u00e1v\u00fa c\u00e9ljainak \u00e9s c\u00e9lkit\u0171z\u00e9seinek meghat\u00e1roz\u00e1sa \u00e9s megval\u00f3s\u00edt\u00e1sa. Ez mag\u00e1ban foglalja a v\u00e1llalat er\u0151ss\u00e9geinek \u00e9s gyenges\u00e9geinek elemz\u00e9s\u00e9t, a piaci lehet\u0151s\u00e9gek \u00e9s vesz\u00e9lyek azonos\u00edt\u00e1s\u00e1t, valamint a c\u00e9lok el\u00e9r\u00e9s\u00e9re vonatkoz\u00f3 terv kidolgoz\u00e1s\u00e1t. A strat\u00e9giai menedzsmentre az\u00e9rt van sz\u00fcks\u00e9g, hogy biztos\u00edtsa a v\u00e1llalat siker\u00e9t \u00e9s t\u00fal\u00e9l\u00e9s\u00e9t a folyamatosan v\u00e1ltoz\u00f3 \u00fczleti k\u00f6rnyezetben. A strat\u00e9giai &#8230; <a title=\"Az \u00fczleti siker maximaliz\u00e1l\u00e1sa: A strat\u00e9giai menedzsment fontoss\u00e1ga\" class=\"read-more\" href=\"https:\/\/megnyitasa.com\/tudas\/az-uzleti-siker-maximalizalasa-a-strategiai-menedzsment-fontossaga\/\" aria-label=\"Read more about Az \u00fczleti siker maximaliz\u00e1l\u00e1sa: A strat\u00e9giai menedzsment fontoss\u00e1ga\">Read more<\/a><\/p>\n","protected":false},"author":2641,"featured_media":0,"comment_status":"closed","ping_status":"closed","sticky":false,"template":"","format":"standard","meta":{"footnotes":""},"categories":[19],"tags":[],"class_list":["post-9844","post","type-post","status-publish","format-standard","hentry","category-az-alkalmazottak-iranyitasa"],"_links":{"self":[{"href":"https:\/\/megnyitasa.com\/tudas\/wp-json\/wp\/v2\/posts\/9844","targetHints":{"allow":["GET"]}}],"collection":[{"href":"https:\/\/megnyitasa.com\/tudas\/wp-json\/wp\/v2\/posts"}],"about":[{"href":"https:\/\/megnyitasa.com\/tudas\/wp-json\/wp\/v2\/types\/post"}],"author":[{"embeddable":true,"href":"https:\/\/megnyitasa.com\/tudas\/wp-json\/wp\/v2\/users\/2641"}],"replies":[{"embeddable":true,"href":"https:\/\/megnyitasa.com\/tudas\/wp-json\/wp\/v2\/comments?post=9844"}],"version-history":[{"count":0,"href":"https:\/\/megnyitasa.com\/tudas\/wp-json\/wp\/v2\/posts\/9844\/revisions"}],"wp:attachment":[{"href":"https:\/\/megnyitasa.com\/tudas\/wp-json\/wp\/v2\/media?parent=9844"}],"wp:term":[{"taxonomy":"category","embeddable":true,"href":"https:\/\/megnyitasa.com\/tudas\/wp-json\/wp\/v2\/categories?post=9844"},{"taxonomy":"post_tag","embeddable":true,"href":"https:\/\/megnyitasa.com\/tudas\/wp-json\/wp\/v2\/tags?post=9844"}],"curies":[{"name":"wp","href":"https:\/\/api.w.org\/{rel}","templated":true}]}}