{"id":998,"date":"2023-04-24T00:00:00","date_gmt":"2023-04-24T00:00:00","guid":{"rendered":"https:\/\/megnyitasa.com\/tudas\/annak-jelei-hogy-a-szamitogep-processzora-leallhat\/"},"modified":"2023-04-24T00:00:00","modified_gmt":"2023-04-24T00:00:00","slug":"annak-jelei-hogy-a-szamitogep-processzora-leallhat","status":"publish","type":"post","link":"https:\/\/megnyitasa.com\/tudas\/annak-jelei-hogy-a-szamitogep-processzora-leallhat\/","title":{"rendered":"Annak jelei, hogy a sz\u00e1m\u00edt\u00f3g\u00e9p processzora le\u00e1llhat"},"content":{"rendered":"<div class=\"articlecontent\">\n<div class=\"newlinediv\"><\/div>\n<p> A processzor a sz\u00e1m\u00edt\u00f3g\u00e9p agya, \u00e9s ha le\u00e1ll, az eg\u00e9sz rendszer haszn\u00e1lhatatlann\u00e1 v\u00e1lik. Ebben a cikkben azokat a jeleket t\u00e1rgyaljuk, amelyek a lemer\u00fclt processzorra utalnak, \u00e9s azt, hogy mit tehet ellene. <\/p>\n<div class=\"newlinediv\"><\/div>\n<p> A lemer\u00fclt processzor egyik leggyakoribb jele, hogy a sz\u00e1m\u00edt\u00f3g\u00e9p nem reag\u00e1l. Ha a sz\u00e1m\u00edt\u00f3g\u00e9p nem kapcsol be, vagy ha bekapcsol, de nem indul el, akkor ez annak a jele lehet, hogy a processzor lemer\u00fclt. Azt is \u00e9szreveheti, hogy a sz\u00e1m\u00edt\u00f3g\u00e9p gyakran \u00f6sszeomlik vagy lefagy, amikor haszn\u00e1lni pr\u00f3b\u00e1lja. Ezek a jelek arra utalhatnak, hogy a processzor nem m\u0171k\u00f6dik megfelel\u0151en. <\/p>\n<div class=\"newlinediv\"><\/div>\n<p> A lemer\u00fclt processzor m\u00e1sik jele a sz\u00e1m\u00edt\u00f3g\u00e9pb\u0151l \u00e9rkez\u0151 szokatlan zajok. Ha csikorg\u00f3 vagy kattog\u00f3 hangokat hall, az annak a jele lehet, hogy a processzor nem m\u0171k\u00f6dik megfelel\u0151en. Ezt \u00e1ltal\u00e1ban a ventil\u00e1tor vagy a merevlemez probl\u00e9m\u00e1ja okozza, de lehet annak a jele is, hogy a processzor megs\u00e9r\u00fclt. <\/p>\n<div class=\"newlinediv\"><\/div>\n<p> Ha a sz\u00e1m\u00edt\u00f3g\u00e9p a szok\u00e1sosn\u00e1l lassabban m\u0171k\u00f6dik, vagy ha sok\u00e1ig tart a rendszerind\u00edt\u00e1s, akkor ez a processzor lemer\u00fcl\u00e9s\u00e9nek jele lehet. Ezt sz\u00e1mos t\u00e9nyez\u0151 okozhatja, p\u00e9ld\u00e1ul v\u00edrus, s\u00e9r\u00fclt oper\u00e1ci\u00f3s rendszer vagy meghib\u00e1sodott merevlemez. Ha azonban ezeket a lehet\u0151s\u00e9geket kiz\u00e1rta, akkor ez annak a jele lehet, hogy a processzor lemer\u00fclt. <\/p>\n<div class=\"newlinediv\"><\/div>\n<p> V\u00e9g\u00fcl, ha az \u00f6sszes hibaelh\u00e1r\u00edt\u00e1si l\u00e9p\u00e9st kipr\u00f3b\u00e1lta, \u00e9s a sz\u00e1m\u00edt\u00f3g\u00e9p m\u00e9g mindig nem m\u0171k\u00f6dik, akkor ez annak a jele lehet, hogy a processzor lemer\u00fclt. Ha ez a helyzet, akkor ki kell cser\u00e9lni a processzort, hogy a sz\u00e1m\u00edt\u00f3g\u00e9p \u00fajra m\u0171k\u00f6d\u0151k\u00e9pes legyen. <\/p>\n<div class=\"newlinediv\"><\/div>\n<p> \u00d6sszefoglalva, ha a sz\u00e1m\u00edt\u00f3g\u00e9p nem reag\u00e1l, furcsa hangokat ad ki, lassabban fut a szok\u00e1sosn\u00e1l, vagy egy\u00e1ltal\u00e1n nem m\u0171k\u00f6dik, akkor ez annak a jele lehet, hogy a processzor lemer\u00fclt. Ha erre gyanakszik, akkor vigye el a sz\u00e1m\u00edt\u00f3g\u00e9p\u00e9t egy szakemberhez, aki diagnosztiz\u00e1lni tudja a probl\u00e9m\u00e1t, \u00e9s javaslatot tud tenni a tov\u00e1bbi teend\u0151kre. Lehets\u00e9ges a processzor cser\u00e9je, de bizonyos esetekben k\u00f6lts\u00e9ghat\u00e9konyabb lehet egy \u00faj sz\u00e1m\u00edt\u00f3g\u00e9p v\u00e1s\u00e1rl\u00e1sa.<\/p><\/div>\n<div class=\"questions\">\n<div class=\"questionstitle\">FAQ<\/div>\n<div class=\"question\">\n<div class=\"qtitle\"> Meg tudja jav\u00edtani a lemer\u00fclt processzort?<\/div>\n<p> Sajnos a lemer\u00fclt CPU nem jav\u00edthat\u00f3. Amikor egy CPU (k\u00f6zponti feldolgoz\u00f3 egys\u00e9g) meghib\u00e1sodik, az \u00e1ltal\u00e1ban azt jelenti, hogy a mikroprocesszor chipje megs\u00e9r\u00fclt vagy jav\u00edthatatlanul meghib\u00e1sodott. A CPU egy \u00f6sszetett \u00e9s k\u00e9nyes alkatr\u00e9sz, amely a sz\u00e1m\u00edt\u00f3g\u00e9pes rendszer m\u0171k\u00f6d\u00e9s\u00e9t vez\u00e9rli, \u00e9s b\u00e1rmilyen s\u00e9r\u00fcl\u00e9s eset\u00e9n az eg\u00e9sz rendszer haszn\u00e1lhatatlann\u00e1 v\u00e1lhat. <\/p>\n<div class=\"newlinediv\"><\/div>\n<p> A legt\u00f6bb esetben a lemer\u00fclt CPU-t ki kell cser\u00e9lni. Ha a sz\u00e1m\u00edt\u00f3g\u00e9p m\u00e9g garanci\u00e1lis \u00e1llapotban van, el\u0151fordulhat, hogy ingyenesen kaphat csere CPU-t. Ha nem, akkor \u00faj, a rendszerrel kompatibilis CPU-t kell v\u00e1s\u00e1rolnia. <\/p>\n<div class=\"newlinediv\"><\/div>\n<p> Fontos megjegyezni, hogy miel\u0151tt felt\u00e9telezn\u00e9, hogy a CPU lemer\u00fclt, fontos alapos hibaelh\u00e1r\u00edt\u00e1st v\u00e9gezni a probl\u00e9ma kiv\u00e1lt\u00f3 ok\u00e1nak azonos\u00edt\u00e1sa \u00e9rdek\u00e9ben. El\u0151fordulhat, hogy a probl\u00e9m\u00e1t m\u00e1s alkatr\u00e9szek, p\u00e9ld\u00e1ul az alaplap vagy a t\u00e1pegys\u00e9g okozza. Ilyen esetekben a hib\u00e1s alkatr\u00e9sz cser\u00e9je jelenthet \u00e9letk\u00e9pes megold\u00e1st. <\/p>\n<div class=\"newlinediv\"><\/div>\n<p> \u00d6sszefoglalva, a lemer\u00fclt CPU nem jav\u00edthat\u00f3, \u00e9s ki kell cser\u00e9lni. Fontos, hogy alapos hibaelh\u00e1r\u00edt\u00e1st v\u00e9gezzen, miel\u0151tt felt\u00e9telezn\u00e9, hogy a CPU a probl\u00e9ma kiv\u00e1lt\u00f3 oka. <\/p>\n<\/div>\n<div class=\"question\">\n<div class=\"qtitle\"> Elindul-e a sz\u00e1m\u00edt\u00f3g\u00e9p egy lemer\u00fclt CPU-val?<\/div>\n<p> Nem, a sz\u00e1m\u00edt\u00f3g\u00e9p nem fog elindulni lemer\u00fclt CPU-val. A CPU, azaz a k\u00f6zponti feldolgoz\u00f3 egys\u00e9g a sz\u00e1m\u00edt\u00f3g\u00e9p agya, amely az utas\u00edt\u00e1sok v\u00e9grehajt\u00e1s\u00e1\u00e9rt \u00e9s a sz\u00e1m\u00edt\u00e1sok elv\u00e9gz\u00e9s\u00e9\u00e9rt felel\u0151s. M\u0171k\u00f6d\u0151 CPU n\u00e9lk\u00fcl a sz\u00e1m\u00edt\u00f3g\u00e9p semmilyen feladatot vagy folyamatot nem tud v\u00e9grehajtani. Ha a CPU lemer\u00fclt, az azt jelenti, hogy meghib\u00e1sodott \u00e9s nem tud megfelel\u0151en m\u0171k\u00f6dni. Ebben az esetben el\u0151fordulhat, hogy a sz\u00e1m\u00edt\u00f3g\u00e9p egy\u00e1ltal\u00e1n nem kapcsol be, vagy bekapcsol, de nem k\u00e9pes befejezni a rendszerind\u00edt\u00e1si folyamatot. Fontos megjegyezni, hogy a lemer\u00fclt CPU komoly probl\u00e9ma, \u00e9s szakszer\u0171 jav\u00edt\u00e1st vagy cser\u00e9t ig\u00e9nyelhet. <\/p>\n<\/div>\n<div class=\"question\">\n<div class=\"qtitle\"> Milyen t\u00fcnetei vannak a meghib\u00e1sodott CPU-nak?<\/div>\n<p> Egy elromlott CPU sz\u00e1mos t\u00fcnetet mutathat, amelyek jelezhetik, hogy probl\u00e9ma van a processzorral. Az elromlott CPU n\u00e9h\u00e1ny leggyakoribb t\u00fcnete a k\u00f6vetkez\u0151: <\/p>\n<div class=\"newlinediv\"><\/div>\n<p> 1. A rendszer \u00f6sszeomlik: Ha sz\u00e1m\u00edt\u00f3g\u00e9p\u00e9n gyakori rendszer\u00f6sszeoml\u00e1sok fordulnak el\u0151, annak oka lehet a t\u00f6r\u00f6tt CPU. Ez akkor fordulhat el\u0151, ha a CPU t\u00falmelegszik, vagy ha a CPU t\u00e1pegys\u00e9g\u00e9vel van probl\u00e9ma. <\/p>\n<div class=\"newlinediv\"><\/div>\n<p> 2. Lass\u00fa teljes\u00edtm\u00e9ny: Ha a sz\u00e1m\u00edt\u00f3g\u00e9p lassan m\u0171k\u00f6dik, vagy a szok\u00e1sosn\u00e1l hosszabb ideig tart a feladatok elv\u00e9gz\u00e9se, ez szint\u00e9n a CPU meghib\u00e1sod\u00e1s\u00e1nak t\u00fcnete lehet. El\u0151fordulhat, hogy a processzor nehezen tud l\u00e9p\u00e9st tartani a rendszer ig\u00e9nyeivel, ami lass\u00fa teljes\u00edtm\u00e9nyhez vezet. <\/p>\n<div class=\"newlinediv\"><\/div>\n<p> 3. K\u00e9k hal\u00e1l k\u00e9perny\u0151 (BSOD): A k\u00e9k hal\u00e1l k\u00e9perny\u0151 (BSOD) egy s\u00falyos hiba, amely akkor jelentkezik, amikor a Windows kritikus rendszerhib\u00e1val tal\u00e1lkozik. Ha a sz\u00e1m\u00edt\u00f3g\u00e9p\u00e9n gyakoriak a BSOD-ok, az a CPU meghib\u00e1sod\u00e1s\u00e1nak jele lehet. <\/p>\n<div class=\"newlinediv\"><\/div>\n<p> 4. V\u00e1ratlan le\u00e1ll\u00e1sok: Ha a sz\u00e1m\u00edt\u00f3g\u00e9p v\u00e1ratlanul le\u00e1ll, az szint\u00e9n a CPU meghib\u00e1sod\u00e1s\u00e1nak t\u00fcnete lehet. El\u0151fordulhat, hogy a processzor t\u00falmelegszik, vagy egy\u00e9b olyan probl\u00e9m\u00e1k mer\u00fclnek fel, amelyek miatt a rendszer a k\u00e1rosod\u00e1s megel\u0151z\u00e9se \u00e9rdek\u00e9ben le\u00e1ll. <\/p>\n<div class=\"newlinediv\"><\/div>\n<p> 5. Magas CPU-haszn\u00e1lat: Ha a sz\u00e1m\u00edt\u00f3g\u00e9p CPU-haszn\u00e1lata tart\u00f3san magas, ez szint\u00e9n a CPU meghib\u00e1sod\u00e1s\u00e1nak jele lehet. El\u0151fordulhat, hogy a processzor nehezen tud l\u00e9p\u00e9st tartani a rendszer ig\u00e9nyeivel, ami a norm\u00e1lisn\u00e1l magasabb haszn\u00e1lathoz vezet. <\/p>\n<div class=\"newlinediv\"><\/div>\n<p> Ha a fenti t\u00fcnetek b\u00e1rmelyik\u00e9t tapasztalja, fontos, hogy sz\u00e1m\u00edt\u00f3g\u00e9p\u00e9t szakk\u00e9pzett szakemberrel ellen\u0151riztesse, hogy meg\u00e1llap\u00edtsa, van-e probl\u00e9ma a CPU-val. Bizonyos esetekben el\u0151fordulhat, hogy a processzor cser\u00e9j\u00e9re van sz\u00fcks\u00e9g a probl\u00e9ma megold\u00e1s\u00e1hoz. <\/p>\n<\/div>\n<div class=\"question\">\n<div class=\"qtitle\"> Honnan tudom, hogy hib\u00e1s-e a CPU vagy az alaplap?<\/div>\n<p> Ha sz\u00e1m\u00edt\u00f3g\u00e9p\u00e9n olyan probl\u00e9m\u00e1k mer\u00fclnek fel, mint az \u00e1lland\u00f3 \u00f6sszeoml\u00e1s, v\u00e9letlenszer\u0171 le\u00e1ll\u00e1sok vagy teljes\u00edtm\u00e9nyprobl\u00e9m\u00e1k, lehets\u00e9ges, hogy a CPU vagy az alaplap hib\u00e1s. \u00cdme n\u00e9h\u00e1ny l\u00e9p\u00e9s, amellyel meg\u00e1llap\u00edthatja, hogy melyik alkatr\u00e9sz okozza a probl\u00e9m\u00e1t: <\/p>\n<div class=\"newlinediv\"><\/div>\n<p> 1. Ellen\u0151rizze a hiba\u00fczeneteket: Amikor a sz\u00e1m\u00edt\u00f3g\u00e9p \u00f6sszeomlik vagy le\u00e1ll, el\u0151fordulhat, hogy hiba\u00fczenetet jelen\u00edt meg, amely t\u00e1mpontokat adhat a probl\u00e9ma kiv\u00e1lt\u00f3 ok\u00e1r\u00f3l. Ellen\u0151rizze a hiba\u00fczenetet, \u00e9s keressen az interneten olyan megold\u00e1sokat, amelyek a CPU-val vagy az alaplappal kapcsolatosak. <\/p>\n<div class=\"newlinediv\"><\/div>\n<p> 2. Futtasson diagnosztikai teszteket: Sok sz\u00e1m\u00edt\u00f3g\u00e9pgy\u00e1rt\u00f3 biztos\u00edt diagnosztikai eszk\u00f6z\u00f6ket, amelyekkel tesztelheti a CPU-t \u00e9s az alaplapot a probl\u00e9m\u00e1kra. Ezek a tesztek seg\u00edthetnek azonos\u00edtani, hogy van-e hardverhiba. <\/p>\n<div class=\"newlinediv\"><\/div>\n<p> 3. Ellen\u0151rizze a h\u0151m\u00e9rs\u00e9kletet: A t\u00falmeleged\u00e9s mind a CPU-n\u00e1l, mind az alaplapn\u00e1l probl\u00e9m\u00e1kat okozhat. Ha a sz\u00e1m\u00edt\u00f3g\u00e9p forr\u00f3, az annak a jele lehet, hogy a h\u0171t\u0151rendszer nem m\u0171k\u00f6dik megfelel\u0151en. A CPU \u00e9s az alaplap h\u0151m\u00e9rs\u00e9klet\u00e9nek ellen\u0151rz\u00e9s\u00e9hez h\u0151m\u00e9rs\u00e9kletfigyel\u0151 szoftvert haszn\u00e1lhat. <\/p>\n<div class=\"newlinediv\"><\/div>\n<p> 4. Ellen\u0151rizze a fizikai s\u00e9r\u00fcl\u00e9seket: Ha a CPU vagy az alaplap fizikailag megs\u00e9r\u00fclt, az probl\u00e9m\u00e1kat okozhat. Ellen\u0151rizze a s\u00e9r\u00fcl\u00e9sek l\u00e1that\u00f3 jeleit, p\u00e9ld\u00e1ul reped\u00e9seket vagy \u00e9g\u00e9si nyomokat. <\/p>\n<div class=\"newlinediv\"><\/div>\n<p> 5. Cser\u00e9lje ki az alkatr\u00e9szeket: Ha az \u00f6sszes fenti l\u00e9p\u00e9st kipr\u00f3b\u00e1lta, \u00e9s m\u00e9g mindig nem tudja meghat\u00e1rozni, hogy melyik komponens okozza a probl\u00e9m\u00e1t, lehet, hogy ki kell cser\u00e9lnie a CPU-t vagy az alaplapot. \u00c9rdemes megjegyezni, hogy az alaplap cser\u00e9je dr\u00e1ga \u00e9s id\u0151ig\u00e9nyes lehet, ez\u00e9rt mindenk\u00e9ppen ki kell mer\u00edteni minden m\u00e1s lehet\u0151s\u00e9get, miel\u0151tt ezt a l\u00e9p\u00e9st megtenn\u00e9. <\/p>\n<div class=\"newlinediv\"><\/div>\n<p> \u00d6sszefoglalva, a hib\u00e1s CPU vagy alaplap azonos\u00edt\u00e1sa kih\u00edv\u00e1st jelenthet, de a fent v\u00e1zolt l\u00e9p\u00e9sek k\u00f6vet\u00e9s\u00e9vel diagnosztiz\u00e1lhatja \u00e9s orvosolhatja a probl\u00e9m\u00e1t.<\/p>\n<\/div>\n<\/div>\n","protected":false},"excerpt":{"rendered":"<p>A processzor a sz\u00e1m\u00edt\u00f3g\u00e9p agya, \u00e9s ha le\u00e1ll, az eg\u00e9sz rendszer haszn\u00e1lhatatlann\u00e1 v\u00e1lik. Ebben a cikkben azokat a jeleket t\u00e1rgyaljuk, amelyek a lemer\u00fclt processzorra utalnak, \u00e9s azt, hogy mit tehet ellene. A lemer\u00fclt processzor egyik leggyakoribb jele, hogy a sz\u00e1m\u00edt\u00f3g\u00e9p nem reag\u00e1l. Ha a sz\u00e1m\u00edt\u00f3g\u00e9p nem kapcsol be, vagy ha bekapcsol, de nem indul el, &#8230; <a title=\"Annak jelei, hogy a sz\u00e1m\u00edt\u00f3g\u00e9p processzora le\u00e1llhat\" class=\"read-more\" href=\"https:\/\/megnyitasa.com\/tudas\/annak-jelei-hogy-a-szamitogep-processzora-leallhat\/\" aria-label=\"Read more about Annak jelei, hogy a sz\u00e1m\u00edt\u00f3g\u00e9p processzora le\u00e1llhat\">Read more<\/a><\/p>\n","protected":false},"author":651,"featured_media":0,"comment_status":"closed","ping_status":"closed","sticky":false,"template":"","format":"standard","meta":{"footnotes":""},"categories":[7],"tags":[],"class_list":["post-998","post","type-post","status-publish","format-standard","hentry","category-uzleti-technologia-es-ugyfelszolgalat"],"_links":{"self":[{"href":"https:\/\/megnyitasa.com\/tudas\/wp-json\/wp\/v2\/posts\/998","targetHints":{"allow":["GET"]}}],"collection":[{"href":"https:\/\/megnyitasa.com\/tudas\/wp-json\/wp\/v2\/posts"}],"about":[{"href":"https:\/\/megnyitasa.com\/tudas\/wp-json\/wp\/v2\/types\/post"}],"author":[{"embeddable":true,"href":"https:\/\/megnyitasa.com\/tudas\/wp-json\/wp\/v2\/users\/651"}],"replies":[{"embeddable":true,"href":"https:\/\/megnyitasa.com\/tudas\/wp-json\/wp\/v2\/comments?post=998"}],"version-history":[{"count":0,"href":"https:\/\/megnyitasa.com\/tudas\/wp-json\/wp\/v2\/posts\/998\/revisions"}],"wp:attachment":[{"href":"https:\/\/megnyitasa.com\/tudas\/wp-json\/wp\/v2\/media?parent=998"}],"wp:term":[{"taxonomy":"category","embeddable":true,"href":"https:\/\/megnyitasa.com\/tudas\/wp-json\/wp\/v2\/categories?post=998"},{"taxonomy":"post_tag","embeddable":true,"href":"https:\/\/megnyitasa.com\/tudas\/wp-json\/wp\/v2\/tags?post=998"}],"curies":[{"name":"wp","href":"https:\/\/api.w.org\/{rel}","templated":true}]}}